{"id":159457,"date":"2019-05-20T10:42:07","date_gmt":"2019-05-20T07:42:07","guid":{"rendered":"http:\/\/www.tvturk.com\/index.php\/tarihi-cami-bakimsizliktan-dokuluyor\/"},"modified":"2019-05-20T10:42:07","modified_gmt":"2019-05-20T07:42:07","slug":"tarihi-cami-bakimsizliktan-dokuluyor","status":"publish","type":"post","link":"http:\/\/www.tvturk.com\/index.php\/tarihi-cami-bakimsizliktan-dokuluyor\/","title":{"rendered":"Tarihi cami bak\u0131ms\u0131zl\u0131ktan d\u00f6k\u00fcl\u00fcyor"},"content":{"rendered":"<p>Siirt\u2019in Kurtalan il\u00e7esine ba\u011fl\u0131 Teylan k\u00f6y\u00fcnde, yakla\u015f\u0131k 350 y\u0131ll\u0131k ge\u00e7mi\u015fi bulunan tarihi cami, bak\u0131ms\u0131zl\u0131ktan y\u0131k\u0131lma tehlikesiyle kar\u015f\u0131 kar\u015f\u0131ya kald\u0131. K\u00f6y\u00fcn ileri gelenleri, tarihi caminin onar\u0131lmas\u0131 i\u00e7in yetkililerden yard\u0131m bekliyor.<\/p>\n<p>Kurtalan il\u00e7esinde yakla\u015f\u0131k 700 y\u0131ll\u0131k bir ge\u00e7mi\u015fi bulunan Teylan k\u00f6y\u00fcndeki 3 as\u0131rl\u0131k cami, bak\u0131ms\u0131zl\u0131k ve rutubetten kullan\u0131lamaz hale geldi. Siirt\u2019in me\u015fhur Cas evleri \u015feklinde in\u015fa edilen ve tarihinde iki kere bak\u0131ma tutulan cami, son g\u00fcnlerde y\u0131k\u0131lma tehlikesiyle kar\u015f\u0131 kar\u015f\u0131ya kald\u0131. K\u00f6y\u00fcn sakinleri, tarihi caminin eski g\u00f6r\u00fcn\u00fcm\u00fcne kavu\u015fturulmas\u0131 i\u00e7in yard\u0131m bekliyor.<\/p>\n<p>Caminin durumu ile ilgili bilgi veren k\u00f6y sakinlerinden seyyid \u015feyh Mehmet Ali Ceylan, Teylan k\u00f6y\u00fcn\u00fcn 700 y\u0131ll\u0131k ge\u00e7mi\u015finin oldu\u011funu s\u00f6yledi. Ecdatlar\u0131n\u0131n uzun y\u0131llard\u0131r Teylan k\u00f6y\u00fcnde ya\u015fad\u0131\u011f\u0131n\u0131 belirten Ceylan, \u201cYan\u0131nda bulundu\u011fumuz cami \u00e7ok eski. 350 y\u0131ll\u0131k cami, 1830\u2019lu y\u0131llarda bir bak\u0131ma al\u0131nm\u0131\u015f. O g\u00fcnk\u00fc imkanlarla \u00e7imentonun olmad\u0131\u011f\u0131 zamanlarda Cas dedi\u011fimiz bir \u015fekil ile bu yap\u0131 yap\u0131lm\u0131\u015ft\u0131r. 1940 y\u0131llar\u0131nda tekrardan bir onar\u0131m ve tadilattan ge\u00e7mi\u015ftir. \u015eu an g\u00fcn\u00fcm\u00fcze gelindi\u011finde cami rutubetten, nemden ve bak\u0131ms\u0131zl\u0131ktan dolay\u0131 kullan\u0131lamaz hale gelmi\u015f, y\u0131k\u0131lma tehlikesi ge\u00e7iriyor. \u0130n\u015fallah k\u00f6y olarak bunu asl\u0131na uygun bir \u015fekilde onar\u0131mdan ge\u00e7irmek istiyoruz. Yetkililerin bize destek olmas\u0131n\u0131 bekliyoruz\u201d dedi.<\/p>\n","protected":false},"excerpt":{"rendered":"<p>S\u0130\u0130RT\u2019\u0130N KURTALAN \u0130L\u00c7ES\u0130NE BA\u011eLI TEYLAN K\u00d6Y\u00dcNDE, YAKLA\u015eIK 350 YILLIK GE\u00c7M\u0130\u015e\u0130 BULUNAN TAR\u0130H\u0130 CAM\u0130 BAKIMSIZLIKTAN YIKILMA TEHL\u0130KES\u0130 \u0130LE KAR\u015eI KAR\u015eIYA KALDI. K\u00d6Y\u00dcN \u0130LER\u0130 GELENLER\u0130, TAR\u0130H\u0130 CAM\u0130N\u0130N ONARILMASI \u0130\u00c7\u0130N YETK\u0130L\u0130LERDEN YARDIM BEKL\u0130YOR.<\/p>\n","protected":false},"author":1,"featured_media":159458,"comment_status":"closed","ping_status":"open","sticky":false,"template":"","format":"standard","meta":{"jetpack_post_was_ever_published":false,"_jetpack_newsletter_access":"","_jetpack_dont_email_post_to_subs":false,"_jetpack_newsletter_tier_id":0,"_jetpack_memberships_contains_paywalled_content":false,"_jetpack_memberships_contains_paid_content":false,"footnotes":"","jetpack_publicize_message":"","jetpack_publicize_feature_enabled":true,"jetpack_social_post_already_shared":true,"jetpack_social_options":{"image_generator_settings":{"template":"highway","default_image_id":0,"font":"","enabled":false},"version":2}},"categories":[1],"tags":[36521,3655,30046,800],"class_list":["post-159457","post","type-post","status-publish","format-standard","has-post-thumbnail","hentry","category-genel","tag-bakimsizliktan","tag-cami","tag-dokuluyor","tag-tarihi"],"jetpack_publicize_connections":[],"jetpack_featured_media_url":"https:\/\/i0.wp.com\/www.tvturk.com\/wp-content\/uploads\/2019\/05\/tarihi-cami-bakimsizliktan-dokuluyor_6ae8388.jpg?fit=1000%2C562","jetpack_sharing_enabled":true,"jetpack_shortlink":"https:\/\/wp.me\/paKIfm-FtT","_links":{"self":[{"href":"http:\/\/www.tvturk.com\/index.php\/wp-json\/wp\/v2\/posts\/159457","targetHints":{"allow":["GET"]}}],"collection":[{"href":"http:\/\/www.tvturk.com\/index.php\/wp-json\/wp\/v2\/posts"}],"about":[{"href":"http:\/\/www.tvturk.com\/index.php\/wp-json\/wp\/v2\/types\/post"}],"author":[{"embeddable":true,"href":"http:\/\/www.tvturk.com\/index.php\/wp-json\/wp\/v2\/users\/1"}],"replies":[{"embeddable":true,"href":"http:\/\/www.tvturk.com\/index.php\/wp-json\/wp\/v2\/comments?post=159457"}],"version-history":[{"count":0,"href":"http:\/\/www.tvturk.com\/index.php\/wp-json\/wp\/v2\/posts\/159457\/revisions"}],"wp:featuredmedia":[{"embeddable":true,"href":"http:\/\/www.tvturk.com\/index.php\/wp-json\/wp\/v2\/media\/159458"}],"wp:attachment":[{"href":"http:\/\/www.tvturk.com\/index.php\/wp-json\/wp\/v2\/media?parent=159457"}],"wp:term":[{"taxonomy":"category","embeddable":true,"href":"http:\/\/www.tvturk.com\/index.php\/wp-json\/wp\/v2\/categories?post=159457"},{"taxonomy":"post_tag","embeddable":true,"href":"http:\/\/www.tvturk.com\/index.php\/wp-json\/wp\/v2\/tags?post=159457"}],"curies":[{"name":"wp","href":"https:\/\/api.w.org\/{rel}","templated":true}]}}