{"id":159467,"date":"2019-05-20T10:50:36","date_gmt":"2019-05-20T07:50:36","guid":{"rendered":"http:\/\/www.tvturk.com\/index.php\/kelebek-kadinlarin-unu-ulke-sinirlarini-asti\/"},"modified":"2019-05-20T10:50:36","modified_gmt":"2019-05-20T07:50:36","slug":"kelebek-kadinlarin-unu-ulke-sinirlarini-asti","status":"publish","type":"post","link":"http:\/\/www.tvturk.com\/index.php\/kelebek-kadinlarin-unu-ulke-sinirlarini-asti\/","title":{"rendered":"Kelebek Kad\u0131nlar\u0131n \u00fcn\u00fc \u00fclke s\u0131n\u0131rlar\u0131n\u0131 a\u015ft\u0131"},"content":{"rendered":"<p>Tokat\u2019ta ya\u015fayan Gen\u00e7 Sanat\u00e7\u0131 Mehmet Ciril\u2019in tuvaline yans\u0131tt\u0131\u011f\u0131 6 eserden olu\u015fan \u2019Kelebe\u011fin Etkisi\u2019 serisinin kelebek kad\u0131nlar\u0131, T\u00fcrkiye\u2019den sonra Avrupa ve \u0130ran\u2019da da sanatseverlerden b\u00fcy\u00fck ilgi g\u00f6rmeye ba\u015flad\u0131.<\/p>\n<p>Tokat\u2019\u0131n Pazar il\u00e7esinde \u00e7ocuklu\u011fundan beri resim \u00e7izen Mehmet Ciril, yapt\u0131\u011f\u0131 grafik tasar\u0131m i\u015fini b\u0131rakarak G\u00fczel Sanatlar Fak\u00fcltesine gitti. Burada \u00f6\u011frenciyken \u00e7izdi\u011fi \u00fcnl\u00fc portreleriyle sanat d\u00fcnyas\u0131nda ad\u0131ndan s\u00f6z ettiren 34 ya\u015f\u0131ndaki gen\u00e7 sanat\u00e7\u0131, mezun olduktan sonra hayata ge\u00e7irdi\u011fi projeleriyle \u0130stanbul\u2019daki sanat galerinin de ilgisini \u00e7ekti. Kelebek ve kad\u0131n temal\u0131 \u00e7izimleriyle yurt d\u0131\u015f\u0131nda da ismini duyurmay\u0131 ba\u015faran Ciril\u2019in tablolar\u0131 ba\u015fta i\u015fadamlar\u0131 ve koleksiyoncular olmak \u00fczere sanatseverler taraf\u0131ndan takibe al\u0131nd\u0131. Resme ve bu sanata olan ilgisinin \u00e7ocukluk ya\u015flara dayand\u0131\u011f\u0131n\u0131 ve ne zaman \u00e7izmeye ba\u015flad\u0131\u011f\u0131n\u0131 hat\u0131rlamad\u0131\u011f\u0131n\u0131 s\u00f6yleyen Ciril, profesyonelli\u011fe ge\u00e7i\u015f hikayesindeki \u00f6nemli d\u00f6n\u00fcm noktalar\u0131n\u0131 \u0130HA muhabirine anlatt\u0131. Ciril, &#8220;Bilindi\u011fi gibi \u00e7ocuklar kitaplar\u0131n \u00f6nce yaz\u0131lara bakar, yaz\u0131lar\u0131n\u0131 okur. Ben ise \u00f6nce resimlerine bakard\u0131m. Sonra ilkokulda resim yar\u0131\u015fmas\u0131na filan kat\u0131ld\u0131\u011f\u0131m\u0131 hat\u0131rl\u0131yorum. \u00c7izmeyi seviyordum, bana bir co\u015fku veriyordu. Daha sonra halam\u0131n o\u011flunun y\u00f6nlendirmesiyle grafik tasar\u0131mc\u0131l\u0131\u011f\u0131na y\u00f6neldim. Biraz da zaman art\u0131k teknolojiye g\u00f6re \u015fekil ald\u0131\u011f\u0131ndan \u00f6yle y\u00f6nlendirildim. Uzun y\u0131llar Tokat\u2019ta grafik tasar\u0131mc\u0131l\u0131\u011f\u0131 yapt\u0131m, \u00e7e\u015fitli gazete ve reklam ajanslar\u0131nda \u00e7al\u0131\u015ft\u0131m. Sonra kendi ajans\u0131m\u0131 da a\u00e7t\u0131m. Ama olmad\u0131, bunlar da bana yetmedi. Her \u015feyi b\u0131rak\u0131p Erciyes \u00dcniversitesi, G\u00fczel Sanatlar Fak\u00fcltesi Resim B\u00f6l\u00fcm\u00fcn\u00fc kazand\u0131m. \u0130\u015fin daha da zirve noktas\u0131n\u0131 d\u00fc\u015f\u00fcn\u00fcyordum. \u00c7\u00fcnk\u00fc sanatta en zirve nokta: resim ve heykel sanat\u0131&#8221; ifadelerini kulland\u0131.<\/p>\n<p>\u00d6\u011frenciyken \u00e7izdi\u011fi \u00fcnl\u00fc portreleriyle tan\u0131nd\u0131<\/p>\n<p>\u0130lk serisini hayata ge\u00e7irmeden \u00f6nce \u00f6\u011frencilik y\u0131llar\u0131nda baz\u0131 \u00fcnl\u00fclerin portrelerini de \u00e7izdi\u011fini s\u00f6yleyen Mehmet Ciril\u2019in sosyal medyada yapt\u0131\u011f\u0131 payla\u015f\u0131mlar b\u00fcy\u00fck be\u011feni toplad\u0131. Beyaz\u0131t \u00d6zt\u00fcrk ve Deniz Akkaya gibi bir\u00e7ok \u00fcnl\u00fcye \u00e7izdi\u011fi portrelerini hediye eden gen\u00e7 sanat\u00e7\u0131, daha okulundan mezun olmadan eserleriyle konu\u015fulmaya ba\u015fland\u0131. Ciril, &#8220;Erciyes \u00dcniversitesinde tamamlad\u0131\u011f\u0131m e\u011fitimim esnas\u0131nda \u00fcnl\u00fclerin \u00e7e\u015fitli \u00e7al\u0131\u015fmalar\u0131n\u0131 yapt\u0131m. Baz\u0131 bas\u0131n kurulu\u015flar\u0131nda haberlerim yap\u0131ld\u0131. Cem Y\u0131lmaz\u2019\u0131n \u00e7al\u0131\u015fmas\u0131n\u0131 yapt\u0131m, hiper realist \u00e7al\u0131\u015fmas\u0131. Beyaz\u0131t \u00d6zt\u00fcrk, Deniz Akkaya. Sonra hediye ettim bir \u00e7o\u011funu kendilerine. Mezun olduktan sonra profesyonel olarak ilk serime ba\u015flad\u0131m&#8221; diye konu\u015ftu.<\/p>\n<p>Kelebe\u011fin etkisi serisi; kelebek etkisiyle yay\u0131ld\u0131<\/p>\n<p>Mehmet Ciril tuvalinde bir \u00e7ok mitolojide \u00f6nemli yere sahip kelebekleri konuk etmek istedi. Zarafeti temsil eden kelebe\u011fin, yine zarafeti temsil eden kad\u0131nlarla birle\u015ftiren Ciril\u2019in bu eserleri \u0130stanbul ve Bodrum\u2019da b\u00fcy\u00fck ilgi g\u00f6rmeye ba\u015flad\u0131. Seri\u2019nin 6.tablosunu da tamamlad\u0131\u011f\u0131n\u0131 s\u00f6yleyen ve \u00f6nce Avrupa sonra da \u0130ran gibi Ortado\u011fu ve Asya \u00fclkelerinden de mesajlar almaya ba\u015flad\u0131\u011f\u0131n\u0131 dile getiren Mehmet Ciril, &#8220;Kelebekten etkilendi\u011fim i\u00e7in yap\u0131s\u0131 ve zarifli\u011finden, bunu bayanlara, kad\u0131nlara uyarlamaya \u00e7al\u0131\u015ft\u0131m. Sonra Kelebek Etkisi serisi ile bu sene 6. tablomu yapt\u0131m. \u0130lk 5\u2019i \u00f6zel koleksiyonerlerde yer ald\u0131. Ben k\u00fc\u00e7\u00fck bir yerde, Tokat\u2019\u0131n Pazar il\u00e7esinde ya\u015f\u0131yorum. K\u00fc\u00e7\u00fck bir yerden sesimizi duyurmaya \u00e7al\u0131\u015f\u0131yor, \u0130stanbul\u2019daki \u00f6zel bir galeri ile \u00e7al\u0131\u015f\u0131yorduk. Ama bug\u00fcn yava\u015f yava\u015f konu\u015fulmaya ba\u015fland\u0131m. \u0130stanbul\u2019da olsun, Avrupa\u2019da olsun sosyal medya hesaplar\u0131nda takip\u00e7ilerim de \u00e7o\u011fald\u0131. Her g\u00fcn bir \u00e7ok yerden ve \u00fclkeden mesajlar al\u0131yorum. Yapt\u0131\u011f\u0131m \u00e7al\u0131\u015fmalar\u0131n taklitleri de gelmeye ba\u015flad\u0131. Sa\u011f olsunlar ya bana g\u00f6nderiyorlar. Hatta d\u00fcn bana \u0130ran\u2019dan bir bayan yazd\u0131. Benim \u00e7izdi\u011fim \u00e7al\u0131\u015fmay\u0131 \u00e7izmek istedi\u011fini s\u00f6yleyerek izin istedi. Bunlar benim i\u00e7in \u00e7ok g\u00fczel ve mutlu edici \u015feyler&#8221; \u015feklinde konu\u015ftu.<\/p>\n","protected":false},"excerpt":{"rendered":"<p>TOKAT&#8217;TA YA\u015eAYAN GEN\u00c7 SANAT\u00c7I MEHMET C\u0130R\u0130L&#8217;\u0130N TUVAL\u0130NE YANSITTI\u011eI 6 ESERDEN OLU\u015eAN KELEBE\u011e\u0130N ETK\u0130S\u0130 SER\u0130S\u0130N\u0130N KELEBEK KADINLARI, T\u00dcRK\u0130YE&#8217;DEN SONRA AVRUPA VE \u0130RAN&#8217;DA DA SANATSEVERLERDEN B\u00dcY\u00dcK \u0130LG\u0130 G\u00d6RMEYE BA\u015eLADI.<\/p>\n","protected":false},"author":1,"featured_media":159468,"comment_status":"closed","ping_status":"open","sticky":false,"template":"","format":"standard","meta":{"jetpack_post_was_ever_published":false,"_jetpack_newsletter_access":"","_jetpack_dont_email_post_to_subs":false,"_jetpack_newsletter_tier_id":0,"_jetpack_memberships_contains_paywalled_content":false,"_jetpack_memberships_contains_paid_content":false,"footnotes":"","jetpack_publicize_message":"","jetpack_publicize_feature_enabled":true,"jetpack_social_post_already_shared":true,"jetpack_social_options":{"image_generator_settings":{"template":"highway","default_image_id":0,"font":"","enabled":false},"version":2}},"categories":[656],"tags":[3249,2098,13331,3248,7684,37230],"class_list":["post-159467","post","type-post","status-publish","format-standard","has-post-thumbnail","hentry","category-kultur-sanat","tag-asti","tag-kadinlarin","tag-kelebek","tag-sinirlarini","tag-ulke","tag-unu"],"jetpack_publicize_connections":[],"jetpack_featured_media_url":"https:\/\/i0.wp.com\/www.tvturk.com\/wp-content\/uploads\/2019\/05\/kelebek-kadinlarin-unu-ulke-sinirlarini-asti_bb58efc.jpg?fit=1000%2C666","jetpack_sharing_enabled":true,"jetpack_shortlink":"https:\/\/wp.me\/paKIfm-Fu3","_links":{"self":[{"href":"http:\/\/www.tvturk.com\/index.php\/wp-json\/wp\/v2\/posts\/159467","targetHints":{"allow":["GET"]}}],"collection":[{"href":"http:\/\/www.tvturk.com\/index.php\/wp-json\/wp\/v2\/posts"}],"about":[{"href":"http:\/\/www.tvturk.com\/index.php\/wp-json\/wp\/v2\/types\/post"}],"author":[{"embeddable":true,"href":"http:\/\/www.tvturk.com\/index.php\/wp-json\/wp\/v2\/users\/1"}],"replies":[{"embeddable":true,"href":"http:\/\/www.tvturk.com\/index.php\/wp-json\/wp\/v2\/comments?post=159467"}],"version-history":[{"count":0,"href":"http:\/\/www.tvturk.com\/index.php\/wp-json\/wp\/v2\/posts\/159467\/revisions"}],"wp:featuredmedia":[{"embeddable":true,"href":"http:\/\/www.tvturk.com\/index.php\/wp-json\/wp\/v2\/media\/159468"}],"wp:attachment":[{"href":"http:\/\/www.tvturk.com\/index.php\/wp-json\/wp\/v2\/media?parent=159467"}],"wp:term":[{"taxonomy":"category","embeddable":true,"href":"http:\/\/www.tvturk.com\/index.php\/wp-json\/wp\/v2\/categories?post=159467"},{"taxonomy":"post_tag","embeddable":true,"href":"http:\/\/www.tvturk.com\/index.php\/wp-json\/wp\/v2\/tags?post=159467"}],"curies":[{"name":"wp","href":"https:\/\/api.w.org\/{rel}","templated":true}]}}