{"id":159471,"date":"2019-05-20T10:54:01","date_gmt":"2019-05-20T07:54:01","guid":{"rendered":"http:\/\/www.tvturk.com\/index.php\/egeli-hazir-giyim-ihracatcilari-isvec-yolcusu\/"},"modified":"2019-05-20T10:54:01","modified_gmt":"2019-05-20T07:54:01","slug":"egeli-hazir-giyim-ihracatcilari-isvec-yolcusu","status":"publish","type":"post","link":"http:\/\/www.tvturk.com\/index.php\/egeli-hazir-giyim-ihracatcilari-isvec-yolcusu\/","title":{"rendered":"Egeli haz\u0131r giyim ihracat\u00e7\u0131lar\u0131 \u0130sve\u00e7 yolcusu"},"content":{"rendered":"<p>Ege B\u00f6lgesinden yap\u0131lan haz\u0131rgiyim ve konfeksiyon ihracat\u0131n\u0131 art\u0131rmak i\u00e7in en b\u00fcy\u00fck ihra\u00e7 pazar\u0131 Avrupa\u2019da yo\u011fun mesai harcayan Ege Haz\u0131rgiyim ve Konfeksiyon \u0130hracat\u00e7\u0131lar\u0131 Birli\u011fi, 20-22 May\u0131s tarihleri aras\u0131nda 11 firma ile \u0130sve\u00e7\u2019e \u201cSekt\u00f6rel Ticaret Heyeti Organizasyonu\u201d ger\u00e7ekle\u015ftiriyor.<\/p>\n<p>\u0130sve\u00e7\u2019in 2.5 milyar dolarl\u0131k haz\u0131rgiyim pazar\u0131 b\u00fcy\u00fckl\u00fc\u011f\u00fcne sahip oldu\u011fu bilgisini veren Ege Haz\u0131rgiyim ve Konfeksiyon \u0130hracat\u00e7\u0131lar\u0131 Birli\u011fi Y\u00f6netim Kurulu Ba\u015fkan\u0131 Burak Sertba\u015f, T\u00fcrkiye\u2019nin \u0130sve\u00e7\u2019e 2018 y\u0131l\u0131nda 252 milyon dolar ihracat yapt\u0131\u011f\u0131n\u0131, pastadaki dilimlerini b\u00fcy\u00fcmeye gittiklerini kaydetti. \u0130sve\u00e7\u2019in haz\u0131r giyim pazar\u0131n\u0131n b\u00fcy\u00fckl\u00fc\u011f\u00fcn\u00fcn art\u0131\u015f trendine sahip oldu\u011funa dikkati \u00e7eken Sertba\u015f, \u201c\u0130sve\u00e7\u2019in haz\u0131r giyim pazar\u0131n\u0131n 2023 y\u0131l\u0131nda 3,3 milyar dolar hacmine ula\u015fmas\u0131 bekleniyor. T\u00fcrkiye \u0130sve\u00e7\u2019in 6. b\u00fcy\u00fck haz\u0131r giyim tedarik\u00e7isi konumunda. \u0130sve\u00e7\u2019i y\u0131ll\u0131k 17.6 milyar dolarl\u0131k ihracat hacmine sahip olan T\u00fcrk haz\u0131r giyim sekt\u00f6r\u00fcn\u00fcn geli\u015febilece\u011fi bir pazar olarak g\u00f6r\u00fcyoruz\u201d diye konu\u015ftu.<\/p>\n<p>Ege Haz\u0131rgiyim ve Konfeksiyon \u0130hracat\u00e7\u0131lar\u0131 Birli\u011fi verilerine bak\u0131ld\u0131\u011f\u0131nda, 2018 y\u0131l\u0131nda \u0130zmir\u2019den \u0130sve\u00e7\u2019e yap\u0131lan haz\u0131r giyim ve konfeksiyon ihracat\u0131n\u0131n 37 milyon dolar oldu\u011funun alt\u0131n\u0131 \u00e7izen Sertba\u015f s\u00f6zlerini \u015f\u00f6yle tamamlad\u0131: \u201c\u0130sve\u00e7 bu ihracat tutar\u0131 ile Ege B\u00f6lgesi haz\u0131r giyim ihracat\u0131nda 8. s\u0131rada yer al\u0131yor. Bu rakamlar, \u0130sve\u00e7\u2019in Ege B\u00f6lgesi haz\u0131r giyim ihracat\u00e7\u0131lar\u0131 i\u00e7in \u00f6ncelikli bir pazar oldu\u011funu ortaya koyuyor. Yukar\u0131da \u00f6zetlenen say\u0131sal verilere ek olarak \u0130sve\u00e7 haz\u0131r giyim pazar\u0131n\u0131n sofistike talep yap\u0131s\u0131 ve haz\u0131r giyim sekt\u00f6r\u00fcne y\u00f6n veren \u0130sve\u00e7li markalar\u0131n varl\u0131\u011f\u0131 gibi fakt\u00f6rler \u0130sve\u00e7\u2019i haz\u0131r giyim ihracat\u0131m\u0131z a\u00e7\u0131s\u0131ndan daha da \u00f6nemli hale getirmektedir.\u201d<\/p>\n<p>Ege Haz\u0131rgiyim ve Konfeksiyon \u0130hracat\u00e7\u0131lar\u0131 Birli\u011fi \u00fcyesi 11 firma 20-22 May\u0131s tarihlerinde \u0130sve\u00e7\u2019in Stockholm \u015fehrinde \u0130sve\u00e7li ithalat\u00e7\u0131 firmalarla ikili i\u015f g\u00f6r\u00fc\u015fmeleri ger\u00e7ekle\u015ftirecek.<\/p>\n","protected":false},"excerpt":{"rendered":"<p>EGE B\u00d6LGES\u0130NDEN YAPILAN HAZIRG\u0130Y\u0130M VE KONFEKS\u0130YON \u0130HRACATINI ARTIRMAK \u0130\u00c7\u0130N EN B\u00dcY\u00dcK \u0130HRA\u00c7 PAZARI AVRUPA\u2019DA YO\u011eUN MESA\u0130 HARCAYAN EGE HAZIRG\u0130Y\u0130M VE KONFEKS\u0130YON \u0130HRACAT\u00c7ILARI B\u0130RL\u0130\u011e\u0130, 20-22 MAYIS TAR\u0130HLER\u0130 ARASINDA 11 F\u0130RMA \u0130LE \u0130SVE\u00c7\u2019E \u201cSEKT\u00d6REL T\u0130CARET HEYET\u0130 ORGAN\u0130ZASYONU\u201d GER\u00c7EKLE\u015eT\u0130R\u0130YOR.<\/p>\n","protected":false},"author":1,"featured_media":159472,"comment_status":"closed","ping_status":"open","sticky":false,"template":"","format":"standard","meta":{"jetpack_post_was_ever_published":false,"_jetpack_newsletter_access":"","_jetpack_dont_email_post_to_subs":false,"_jetpack_newsletter_tier_id":0,"_jetpack_memberships_contains_paywalled_content":false,"_jetpack_memberships_contains_paid_content":false,"footnotes":"","jetpack_publicize_message":"","jetpack_publicize_feature_enabled":true,"jetpack_social_post_already_shared":true,"jetpack_social_options":{"image_generator_settings":{"template":"highway","default_image_id":0,"font":"","enabled":false},"version":2}},"categories":[19],"tags":[29097,9824,4013,41,949,5464],"class_list":["post-159471","post","type-post","status-publish","format-standard","has-post-thumbnail","hentry","category-ekonomi","tag-egeli","tag-giyim","tag-hazir","tag-ihracatcilari","tag-isvec","tag-yolcusu"],"jetpack_publicize_connections":[],"jetpack_featured_media_url":"https:\/\/i0.wp.com\/www.tvturk.com\/wp-content\/uploads\/2019\/05\/egeli-hazir-giyim-ihracatcilari-isvec-yolcusu_ec30ad9.jpg?fit=1000%2C662","jetpack_sharing_enabled":true,"jetpack_shortlink":"https:\/\/wp.me\/paKIfm-Fu7","_links":{"self":[{"href":"http:\/\/www.tvturk.com\/index.php\/wp-json\/wp\/v2\/posts\/159471","targetHints":{"allow":["GET"]}}],"collection":[{"href":"http:\/\/www.tvturk.com\/index.php\/wp-json\/wp\/v2\/posts"}],"about":[{"href":"http:\/\/www.tvturk.com\/index.php\/wp-json\/wp\/v2\/types\/post"}],"author":[{"embeddable":true,"href":"http:\/\/www.tvturk.com\/index.php\/wp-json\/wp\/v2\/users\/1"}],"replies":[{"embeddable":true,"href":"http:\/\/www.tvturk.com\/index.php\/wp-json\/wp\/v2\/comments?post=159471"}],"version-history":[{"count":0,"href":"http:\/\/www.tvturk.com\/index.php\/wp-json\/wp\/v2\/posts\/159471\/revisions"}],"wp:featuredmedia":[{"embeddable":true,"href":"http:\/\/www.tvturk.com\/index.php\/wp-json\/wp\/v2\/media\/159472"}],"wp:attachment":[{"href":"http:\/\/www.tvturk.com\/index.php\/wp-json\/wp\/v2\/media?parent=159471"}],"wp:term":[{"taxonomy":"category","embeddable":true,"href":"http:\/\/www.tvturk.com\/index.php\/wp-json\/wp\/v2\/categories?post=159471"},{"taxonomy":"post_tag","embeddable":true,"href":"http:\/\/www.tvturk.com\/index.php\/wp-json\/wp\/v2\/tags?post=159471"}],"curies":[{"name":"wp","href":"https:\/\/api.w.org\/{rel}","templated":true}]}}