{"id":159477,"date":"2019-05-20T10:55:12","date_gmt":"2019-05-20T07:55:12","guid":{"rendered":"http:\/\/www.tvturk.com\/index.php\/tesk-baskani-palandokenden-gross-market-uyarisi\/"},"modified":"2019-05-20T10:55:12","modified_gmt":"2019-05-20T07:55:12","slug":"tesk-baskani-palandokenden-gross-market-uyarisi","status":"publish","type":"post","link":"http:\/\/www.tvturk.com\/index.php\/tesk-baskani-palandokenden-gross-market-uyarisi\/","title":{"rendered":"TESK Ba\u015fkan\u0131 Paland\u00f6ken\u2019den \u201cgross market\u201d uyar\u0131s\u0131"},"content":{"rendered":"<p>TESK Genel Ba\u015fkan\u0131 Bendevi Paland\u00f6ken, son zamanlarda gross market furyas\u0131n\u0131n \u00f6ne \u00e7\u0131kt\u0131\u011f\u0131n\u0131 ve grosslara kar\u015f\u0131 ayakta kalmak isteyen yerel marketlerin s\u0131rf m\u00fc\u015fteri \u00e7ekmek i\u00e7in tabelalar\u0131n\u0131 gross olarak de\u011fi\u015ftirdi\u011fine dikkat \u00e7ekti.<\/p>\n<p>Piyasada \u201cgross \u00e7\u0131lg\u0131nl\u0131\u011f\u0131\u201d ya\u015fand\u0131\u011f\u0131n\u0131n alt\u0131n\u0131 \u00e7izen Paland\u00f6ken, \u201cMarketi, manav\u0131, kuruyemi\u015f\u00e7isi derken ad\u0131m ba\u015f\u0131 bir gross var. Bu gross marketlerde perakendeciye de\u011fil vatanda\u015fa sat\u0131\u015f yap\u0131l\u0131yor. Oysa gross marketlerin \u00f6zelli\u011fi, perakendeciye toptan sat\u0131\u015f yapan ma\u011fazalar olmas\u0131 gerekirken son d\u00f6nemde perakende sat\u0131\u015f yap\u0131lmas\u0131 k\u00fc\u00e7\u00fck esnafa b\u00fcy\u00fck zarar vermeye ba\u015flad\u0131. \u00d6nceden parmakla say\u0131lacak kadar az olan gross market say\u0131s\u0131 \u015fimdi yerel marketlerle yar\u0131\u015f\u0131r hale geldi. Zincir marketler kar\u015f\u0131s\u0131nda her ge\u00e7en g\u00fcn g\u00fc\u00e7 kaybeden yerel marketler m\u00fc\u015fteri \u00e7ekmek i\u00e7in tabelalar\u0131n\u0131 gross market y\u00f6n\u00fcne \u00e7evirdi\u201d diye konu\u015ftu.<\/p>\n<p>\u201cTabelaya gross market yazarak m\u00fc\u015fteri \u00e7ekiyorlar\u201d<\/p>\n<p>K\u00fc\u00e7\u00fck yerel marketlerin ayakta kalmak i\u00e7in gross marketlere kar\u015f\u0131 direnmek ad\u0131na isim de\u011fi\u015ftirmenin ge\u00e7ici bir \u00e7\u00f6z\u00fcm oldu\u011funu anlatan T\u00fcrkiye Esnaf ve Sanatkarlar\u0131 Konfederasyonu (TESK) Genel Ba\u015fkan\u0131 Bendevi Paland\u00f6ken, \u201cPerakendeci esnafa toptan sat\u0131\u015f yapmak amac\u0131yla a\u00e7\u0131lan gross marketler, kurulu\u015f amac\u0131ndan saparak esnaf\u0131m\u0131za haks\u0131z rekabet olu\u015fturmaya ba\u015flad\u0131. Ba\u015flang\u0131\u00e7ta i\u015f yeri vergi numaras\u0131 \u015fart\u0131yla yaln\u0131zca d\u00fckkan sahiplerine sat\u0131\u015f yapan grosslar halka perakende sat\u0131\u015f yap\u0131yor. Yani hem esnaf hem de vatanda\u015f gross marketten al\u0131\u015fveri\u015f yaparken \u00fcr\u00fcnleri ayn\u0131 fiyattan sat\u0131n al\u0131yor. Bunu f\u0131rsat bilen yerel marketler ise gross marketlerin ucuzluk alg\u0131s\u0131n\u0131 kullanarak tabelalar\u0131n\u0131 gross olarak de\u011fi\u015ftiriyor. Ancak bu bir \u00e7\u00f6z\u00fcm de\u011fil. \u00c7\u00f6z\u00fcm perakende sekt\u00f6r\u00fcn\u00fc d\u00fczenleyen kanunun zaman kaybedilmeden yeniden d\u00fczenlenmesi gerekiyor. Art\u0131k her mahallede ad\u0131m ba\u015f\u0131 bir gross var. Bu durum, ba\u015fta bakkal, b\u00fcfeci, kuruyemi\u015f\u00e7i, manav, kasap, \u015fark\u00fcteri ve unlu mamuller olmak \u00fczere perakende sekt\u00f6r\u00fcndeki k\u00fc\u00e7\u00fck esnaf\u0131 her ge\u00e7en g\u00fcn zora sokuyor. Zaten say\u0131lar\u0131 32 bini a\u015fk\u0131n zincir market ve 410\u2019un \u00fczerindeki AVM ile ba\u015f edemeyen esnaf\u0131m\u0131z bir de grosslar y\u00fcz\u00fcnden zarar ediyor\u201d \u015feklinde konu\u015ftu.<\/p>\n<p>\u201cEsnaf\u0131m\u0131z\u0131n \u00fczerindeki haks\u0131z rekabetin \u00f6n\u00fcne ge\u00e7ilmeli\u201d<\/p>\n<p>Gross marketlerin perakende sekt\u00f6r\u00fc i\u00e7in cazibesini yitirdi\u011fini belirten Paland\u00f6ken, \u201cUcuzluk iddias\u0131 ile sat\u0131\u015f yapan gross marketlerdeki fiyatlar zincir marketlerle yar\u0131\u015f\u0131r hale geldi. Vatanda\u015flar\u0131m\u0131z her g\u00f6rd\u00fc\u011f\u00fc gross market tabelas\u0131na aldanmamal\u0131. Al\u0131\u015fveri\u015f yaparken mutlaka birden fazla i\u015fletmeye gidip fiyat takibi yap\u0131lmal\u0131. Gross marketlerde sadece g\u0131da \u00fcr\u00fcnleri de\u011fil k\u0131rtasiye malzemeleri, kozmetik, z\u00fccaciye \u00fcr\u00fcnleri hatta giyim, spor malzemeleri ve in\u015faat malzemeleri bile sat\u0131l\u0131yor. K\u00fc\u00e7\u00fck esnaf\u0131n ayakta kalabilmesi i\u00e7in ba\u015fta ulusal ve yerel zincir marketler ile AVM\u2019ler ve gross marketlere d\u00fczenleme getirilmeli. Gross marketlerin perakende sat\u0131\u015f yapmas\u0131 mutlaka bir kurala ba\u011flanmal\u0131. Esnaf\u0131m\u0131z\u0131n \u00fczerindeki haks\u0131z rekabetin \u00f6n\u00fcne ge\u00e7ilmeli\u201d ifadelerini kaydetti.<\/p>\n","protected":false},"excerpt":{"rendered":"<p>TESK GENEL BA\u015eKANI BENDEV\u0130 PALAND\u00d6KEN, SON ZAMANLARDA GROSS MARKET FURYASININ \u00d6NE \u00c7IKTI\u011eINI VE GROSLARA KAR\u015eI AYAKTA KALMAK \u0130STEYEN YEREL MARKETLER\u0130N SIRF M\u00dc\u015eTER\u0130 \u00c7EKMEK \u0130\u00c7\u0130N TABELALARINI GROSS OLARAK DE\u011e\u0130\u015eT\u0130RD\u0130\u011e\u0130NE D\u0130KKAT \u00c7EKT\u0130.<\/p>\n","protected":false},"author":1,"featured_media":159478,"comment_status":"closed","ping_status":"open","sticky":false,"template":"","format":"standard","meta":{"jetpack_post_was_ever_published":false,"_jetpack_newsletter_access":"","_jetpack_dont_email_post_to_subs":false,"_jetpack_newsletter_tier_id":0,"_jetpack_memberships_contains_paywalled_content":false,"_jetpack_memberships_contains_paid_content":false,"footnotes":"","jetpack_publicize_message":"","jetpack_publicize_feature_enabled":true,"jetpack_social_post_already_shared":true,"jetpack_social_options":{"image_generator_settings":{"template":"highway","default_image_id":0,"font":"","enabled":false},"version":2}},"categories":[1],"tags":[216,20096,9052,10069,12357,914],"class_list":["post-159477","post","type-post","status-publish","format-standard","has-post-thumbnail","hentry","category-genel","tag-baskani","tag-gross","tag-market","tag-palandokenden","tag-tesk","tag-uyarisi"],"jetpack_publicize_connections":[],"jetpack_featured_media_url":"https:\/\/i0.wp.com\/www.tvturk.com\/wp-content\/uploads\/2019\/05\/tesk-baskani-palandokenden-gross-market-uyarisi_f1154f3.jpg?fit=1000%2C982","jetpack_sharing_enabled":true,"jetpack_shortlink":"https:\/\/wp.me\/paKIfm-Fud","_links":{"self":[{"href":"http:\/\/www.tvturk.com\/index.php\/wp-json\/wp\/v2\/posts\/159477","targetHints":{"allow":["GET"]}}],"collection":[{"href":"http:\/\/www.tvturk.com\/index.php\/wp-json\/wp\/v2\/posts"}],"about":[{"href":"http:\/\/www.tvturk.com\/index.php\/wp-json\/wp\/v2\/types\/post"}],"author":[{"embeddable":true,"href":"http:\/\/www.tvturk.com\/index.php\/wp-json\/wp\/v2\/users\/1"}],"replies":[{"embeddable":true,"href":"http:\/\/www.tvturk.com\/index.php\/wp-json\/wp\/v2\/comments?post=159477"}],"version-history":[{"count":0,"href":"http:\/\/www.tvturk.com\/index.php\/wp-json\/wp\/v2\/posts\/159477\/revisions"}],"wp:featuredmedia":[{"embeddable":true,"href":"http:\/\/www.tvturk.com\/index.php\/wp-json\/wp\/v2\/media\/159478"}],"wp:attachment":[{"href":"http:\/\/www.tvturk.com\/index.php\/wp-json\/wp\/v2\/media?parent=159477"}],"wp:term":[{"taxonomy":"category","embeddable":true,"href":"http:\/\/www.tvturk.com\/index.php\/wp-json\/wp\/v2\/categories?post=159477"},{"taxonomy":"post_tag","embeddable":true,"href":"http:\/\/www.tvturk.com\/index.php\/wp-json\/wp\/v2\/tags?post=159477"}],"curies":[{"name":"wp","href":"https:\/\/api.w.org\/{rel}","templated":true}]}}