{"id":159495,"date":"2019-05-20T11:17:08","date_gmt":"2019-05-20T08:17:08","guid":{"rendered":"http:\/\/www.tvturk.com\/index.php\/dolu-ve-saganak-meyve-bahcelerini-vurdu-verim-yuzde-90-oraninda-dustu\/"},"modified":"2019-05-20T11:17:08","modified_gmt":"2019-05-20T08:17:08","slug":"dolu-ve-saganak-meyve-bahcelerini-vurdu-verim-yuzde-90-oraninda-dustu","status":"publish","type":"post","link":"http:\/\/www.tvturk.com\/index.php\/dolu-ve-saganak-meyve-bahcelerini-vurdu-verim-yuzde-90-oraninda-dustu\/","title":{"rendered":"Dolu ve sa\u011fanak meyve bah\u00e7elerini vurdu, verim y\u00fczde 90 oran\u0131nda d\u00fc\u015ft\u00fc"},"content":{"rendered":"<p>Diyarbak\u0131r\u2019da ge\u00e7ti\u011fimiz haftalarda etkili olan dolu ve sa\u011fanak ya\u011f\u0131\u015flar, kiraz ile \u00e7ilek \u00fcreticilerini vurdu. Mevsim normallerinin \u00fczerinde seyreden ya\u011f\u0131\u015flar, kiraz ve \u00e7ilek meyvelerinin \u00e7i\u00e7eklerini \u00e7\u00fcr\u00fct\u00fcrken, \u00fcreticilerin b\u00fcy\u00fck zarar g\u00f6rmesine sebep oldu.<\/p>\n<p>G\u00fcneydo\u011fu Anadolu B\u00f6lgesi\u2019nde mevsim normallerinin \u00fczerine seyreden a\u015f\u0131r\u0131 ya\u011f\u0131\u015flar \u00e7ift\u00e7ileri olumsuz etkiledi. Yo\u011fun ya\u011f\u0131\u015flar, meyve \u00e7i\u00e7eklerinin \u00e7\u00fcr\u00fcmesine neden olurken doludan dolay\u0131 meyvenin hasat beklentisi yar\u0131 yar\u0131ya d\u00fc\u015ft\u00fc.<\/p>\n<p>Diyarbak\u0131r\u2019\u0131n Kocak\u00f6y il\u00e7esinde meyve \u00fcreticileri de dolu ve sa\u011fanak ya\u011f\u0131\u015flardan etkilendi. Ge\u00e7en y\u0131l 450 kiraz a\u011fac\u0131ndan 20 ton kiraz toplan\u0131rken bu y\u0131l ayn\u0131 a\u011fa\u00e7lardan 2 ton meyve \u00fcretimi ger\u00e7ekle\u015fti. \u00c7ilek \u00fcretiminde ise ge\u00e7en y\u0131l 6 d\u00f6n\u00fcml\u00fck alanda 15 ton \u00e7ilek toplan\u0131rken bu y\u0131l ayn\u0131 alandan 1 ton \u00e7ilek topland\u0131. \u00dcreticiler yetkililerde zararlar\u0131n\u0131n giderilmesi \u00e7a\u011fr\u0131s\u0131nda bulundu.<\/p>\n<p>\u201c20 ton kiraz beklenirken 2 ton \u00e7\u0131kacak\u201d<\/p>\n<p>Kocak\u00f6y il\u00e7esinde y\u0131llard\u0131r kiraz \u00fcreticili\u011fini yapan Hayri K\u0131l\u0131\u00e7, her y\u0131l 450 kiraz a\u011fac\u0131ndan 20 ton hasat elde ederken bu y\u0131l 2 ton hasat yapt\u0131klar\u0131n\u0131 s\u00f6yledi. K\u0131l\u0131\u00e7, \u201cYakla\u015f\u0131k 450 a\u011fac\u0131m\u0131z bulunmaktad\u0131r. Bu sene hem dolu vurmas\u0131 hem de ya\u011fmur ya\u011fmas\u0131 sonucu \u00fcr\u00fcnlerimizde y\u00fczde 80-90 oran\u0131nda bir kayba u\u011frad\u0131k. Dolay\u0131s\u0131yla zarar etmi\u015f olduk. 2018 y\u0131l\u0131nda bu bah\u00e7emizden 20 ton civar\u0131 kiraz toplad\u0131k. Kirazlar\u0131m\u0131z zaten Napolyon \u00e7e\u015fidi ziraat 900 dedi\u011fimiz hem tat olarak hem kalite olarak irilik bak\u0131m\u0131ndan T\u00fcrkiye\u2019de en iyi kiraz \u00e7e\u015fididir. Ancak bu sene ya\u011fmurlar\u0131n a\u015f\u0131r\u0131 ya\u011fmas\u0131 neticesinde \u00e7i\u00e7eklenme esnas\u0131nda \u00e7i\u00e7e\u011fin i\u00e7ine ya\u011fmur suyunun ka\u00e7mas\u0131 sonucu b\u00fct\u00fcn bu \u00e7i\u00e7ekler \u00e7\u00fcr\u00fcm\u00fc\u015f oldu. Dolay\u0131s\u0131yla verime yatmad\u0131 kirazlar\u0131m\u0131z. Ayr\u0131ca kurtulanlarda dolu vurarak, \u00f6zellikle a\u011fa\u00e7lar\u0131n \u00fcst k\u0131sm\u0131nda dolu a\u015f\u0131r\u0131 \u015fekilde etkili oldu. \u00dcst k\u0131s\u0131mlar altta nazaran daha kalkan \u015feklini alarak alt k\u0131s\u0131mda biraz daha kirazlar kald\u0131. Bu sene yakla\u015f\u0131k zarar\u0131m\u0131z 100 bin lira civar\u0131d\u0131r. 20 ton yine kiraz bekliyorduk fakat \u015fuanda bah\u00e7emizde en fazla 2, 2 bu\u00e7uk ton kiraz bekliyoruz\u201d dedi.<\/p>\n<p>\u201c15 ton gelen hasat 1 tonu bulamad\u0131\u201d<\/p>\n<p>6 d\u00f6n\u00fcml\u00fck \u00e7ilek arazisi ile meyve \u00fcretimi yapan Mustafa \u00c7al\u0131, her y\u0131l 15 ton \u00e7ilek hasad\u0131 toplarken bu y\u0131l 1 ton bile hasat bulamad\u0131klar\u0131n\u0131 kaydetti. \u00c7al\u0131, 6 d\u00f6n\u00fcm kadar \u00e7ilek \u00fcretimleri oldu\u011funu ifade etti. \u00c7al\u0131, \u201cGe\u00e7en sene \u00e7ilek \u00fcretimimiz 10 ile 15 ton aras\u0131ndayd\u0131. Bu sene ya\u011fmurlardan dolay\u0131 \u00f6zellikle ilkbahar d\u00f6neminde ya\u011fan ya\u011fmur ve doludan dolay\u0131 \u00e7ilek \u00fcretimimiz zaten olmad\u0131 hasat elde edemiyoruz. Mevcut \u00e7ileklerimiz de kurumaya ba\u015flad\u0131. 6 d\u00f6n\u00fcmden 10-15 ton \u00e7ilek elde ederken \u015fuanda bu sene 1 ton bile \u00e7ilek elde edemeyece\u011fiz. \u00dcretti\u011fimiz \u00e7ilekler burada hem il\u00e7e olsun, \u00e7evre il\u00e7eler olsun Diyarbak\u0131r sebze halinde olsun belli bir pazar sahibiydi. Belli bir ekonomik katk\u0131s\u0131 oluyordu. Ama bu sene iklim \u015fartlar\u0131 ters gidince hem il\u00e7eye, hem \u00e7evre il\u00e7elere hem merkeze her hangi bir faydam\u0131z olmuyor. Kendimize dahi bir faydam\u0131z olmuyor. Ayn\u0131 \u015fekilde meyve a\u011fa\u00e7lar\u0131m\u0131z. Erik olsun, kiraz olsun, kay\u0131s\u0131 olsun, armut, ayva olsun hemen hemen yakla\u015f\u0131k 500-600 tane meyve a\u011fac\u0131m\u0131z var ve 500, 600 tane meyvenin ha\u015fat\u0131n\u0131 bu sene beklemiyoruz. Yetkililerden tamam\u0131yla bir beklentimiz var. Bizim sesimize kulak versinler, bize destek \u00e7\u0131ks\u0131nlar. Ciddi anlamda biz burada ekonomik zorluk i\u00e7erisine giriyoruz. 70- 80 bin liradan 5-6 bin liraya d\u00fc\u015ft\u00fc\u011f\u00fcn zaman buraya gelip \u00e7al\u0131\u015facak i\u015f\u00e7i paralar\u0131n\u0131 bile \u00e7\u0131karmayaca\u011f\u0131z. Yani burada yakla\u015f\u0131k il\u00e7ede her sene 100-150 ki\u015fiyi getirip burada 2 ay, 3 ay boyunca g\u00fcnl\u00fck yevmiye olarak arkada\u015flar burada \u00e7al\u0131\u015f\u0131yorlar. Onlar da en az\u0131ndan bu \u015fekilde faydalan\u0131yorlar. Bu sene ne biz kazanabilece\u011fiz ne onlar kazanacaklar\u201d diye konu\u015ftu.<\/p>\n","protected":false},"excerpt":{"rendered":"<p>D\u0130YARBAKIR\u2019DA ETK\u0130L\u0130 OLAN DOLU VE A\u015eIRI YA\u011eI\u015eLAR K\u0130RAZ VE \u00c7\u0130LEK \u00dcRET\u0130C\u0130LER\u0130N\u0130 VURDU. A\u015eIRI YA\u011eI\u015eLAR K\u0130RAZ VE \u00c7\u0130LEK \u00c7\u0130\u00c7EKLER\u0130N\u0130N \u0130\u00c7\u0130N\u0130 DOLDURARAK \u00c7\u00dcR\u00dcMES\u0130NE VE MEYVE HASADININ \u00c7IKMAMASINA NEDEN OLURKEN \u00dcRET\u0130C\u0130LER B\u00dcY\u00dcK ZARAR G\u00d6RD\u00dc.<\/p>\n","protected":false},"author":1,"featured_media":159496,"comment_status":"closed","ping_status":"open","sticky":false,"template":"","format":"standard","meta":{"jetpack_post_was_ever_published":false,"_jetpack_newsletter_access":"","_jetpack_dont_email_post_to_subs":false,"_jetpack_newsletter_tier_id":0,"_jetpack_memberships_contains_paywalled_content":false,"_jetpack_memberships_contains_paid_content":false,"footnotes":"","jetpack_publicize_message":"","jetpack_publicize_feature_enabled":true,"jetpack_social_post_already_shared":true,"jetpack_social_options":{"image_generator_settings":{"template":"highway","default_image_id":0,"font":"","enabled":false},"version":2}},"categories":[19],"tags":[37239,6667,1613,3753,4741,4463,13347,2180,3480],"class_list":["post-159495","post","type-post","status-publish","format-standard","has-post-thumbnail","hentry","category-ekonomi","tag-bahcelerini","tag-dolu","tag-dustu","tag-meyve","tag-oraninda","tag-saganak","tag-verim","tag-vurdu","tag-yuzde"],"jetpack_publicize_connections":[],"jetpack_featured_media_url":"https:\/\/i0.wp.com\/www.tvturk.com\/wp-content\/uploads\/2019\/05\/dolu-ve-saganak-meyve-bahcelerini-vurdu-verim-yuzde-90-oraninda-dustu_d14fff9.jpg?fit=1000%2C562","jetpack_sharing_enabled":true,"jetpack_shortlink":"https:\/\/wp.me\/paKIfm-Fuv","_links":{"self":[{"href":"http:\/\/www.tvturk.com\/index.php\/wp-json\/wp\/v2\/posts\/159495","targetHints":{"allow":["GET"]}}],"collection":[{"href":"http:\/\/www.tvturk.com\/index.php\/wp-json\/wp\/v2\/posts"}],"about":[{"href":"http:\/\/www.tvturk.com\/index.php\/wp-json\/wp\/v2\/types\/post"}],"author":[{"embeddable":true,"href":"http:\/\/www.tvturk.com\/index.php\/wp-json\/wp\/v2\/users\/1"}],"replies":[{"embeddable":true,"href":"http:\/\/www.tvturk.com\/index.php\/wp-json\/wp\/v2\/comments?post=159495"}],"version-history":[{"count":0,"href":"http:\/\/www.tvturk.com\/index.php\/wp-json\/wp\/v2\/posts\/159495\/revisions"}],"wp:featuredmedia":[{"embeddable":true,"href":"http:\/\/www.tvturk.com\/index.php\/wp-json\/wp\/v2\/media\/159496"}],"wp:attachment":[{"href":"http:\/\/www.tvturk.com\/index.php\/wp-json\/wp\/v2\/media?parent=159495"}],"wp:term":[{"taxonomy":"category","embeddable":true,"href":"http:\/\/www.tvturk.com\/index.php\/wp-json\/wp\/v2\/categories?post=159495"},{"taxonomy":"post_tag","embeddable":true,"href":"http:\/\/www.tvturk.com\/index.php\/wp-json\/wp\/v2\/tags?post=159495"}],"curies":[{"name":"wp","href":"https:\/\/api.w.org\/{rel}","templated":true}]}}