{"id":159519,"date":"2019-05-20T11:35:15","date_gmt":"2019-05-20T08:35:15","guid":{"rendered":"http:\/\/www.tvturk.com\/index.php\/koy-meydaninda-geleneksel-iftar-sofrasi-kuruldu\/"},"modified":"2019-05-20T11:35:15","modified_gmt":"2019-05-20T08:35:15","slug":"koy-meydaninda-geleneksel-iftar-sofrasi-kuruldu","status":"publish","type":"post","link":"http:\/\/www.tvturk.com\/index.php\/koy-meydaninda-geleneksel-iftar-sofrasi-kuruldu\/","title":{"rendered":"K\u00f6y meydan\u0131nda geleneksel iftar sofras\u0131 kuruldu"},"content":{"rendered":"<p>Artvin Bor\u00e7ka \u0130l\u00e7esi Selimiye k\u00f6y\u00fcnde geleneksel iftar program\u0131 d\u00fczenlendi. K\u00f6y meydan\u0131nda do\u011fayla i\u00e7 i\u00e7e kurulan iftar sofras\u0131nda 300 ki\u015filik yemek ikram edildi.<\/p>\n<p>Selimiye k\u00f6y\u00fc sakinleri taraf\u0131ndan d\u00fczenlenen iftar program\u0131na, k\u00f6yde ya\u015fayanlar\u0131n yan\u0131 s\u0131ra k\u00f6y\u00fcn d\u0131\u015f\u0131nda bulunan akraba ve dostlarda iftar program\u0131na kat\u0131ld\u0131.<\/p>\n<p>Do\u011fa ortam\u0131 i\u00e7erisinde a\u00e7\u0131k alanda kurulan iftar sofras\u0131na Bor\u00e7ka Ticaret ve Senay\u0131 Oda Ba\u015fkan\u0131 E\u015fref Mert\u00fcrk, Ziraat Odas\u0131 Ba\u015fkan\u0131 Tolga \u0130skender, \u0130\u015f Bankas\u0131 Halkla \u0130li\u015fkiler M\u00fcd\u00fcr\u00fc \u00c7etin Ejder, bas\u0131n mensuplar\u0131 ile Ejder ve Kalfo\u011flu aileleri kat\u0131ld\u0131.<\/p>\n<p>\u0130ftar yeme\u011finde yakla\u015f\u0131k 300 ki\u015fiye yemek da\u011f\u0131t\u0131ld\u0131. Orucunu a\u00e7mak i\u00e7in alana gelen k\u00f6yl\u00fcler ,\u201dRamazan Ay\u0131 Kuran, \u0130badet, rahmet, bereket ve yard\u0131mla\u015fma ay\u0131d\u0131r. Hay\u0131rlar\u0131n daha \u00e7ok yap\u0131ld\u0131\u011f\u0131 insanlar\u0131n birbirine daha \u00e7ok yard\u0131m etti\u011fi bir ayday\u0131z.. Birlikte iftar a\u00e7man\u0131n bereketini, rahmetini ve huzurunu akrabalar\u0131m\u0131zla birlikte ya\u015famak istiyoruz. Buras\u0131 K\u00f6y\u00fcn ilk kuruldu\u011fu aland\u0131r,\u00f6yle ki, 500 y\u0131ll\u0131k tarihi mezar ta\u015flar\u0131 ile sahipsiz mezarlar var. tarihi dokusunun tam kalbi olan bir yer. Camimiz, oyma mezar ta\u015flar\u0131 ile evlerimiz ve meydan\u0131m\u0131z ile burada g\u00fczel bir atmosfer var&#8221; ifadeleri ile ya\u015fad\u0131klar\u0131 manevi duygular\u0131n\u0131 aktard\u0131lar.<\/p>\n","protected":false},"excerpt":{"rendered":"<p>ARTV\u0130N BOR\u00c7KA \u0130L\u00c7ES\u0130 SEL\u0130M\u0130YE K\u00d6Y\u00dcNDE GELENEKSEL \u0130FTAR PROGRAMI D\u00dcZENLEND\u0130. K\u00d6Y MEYDANINDA DO\u011eAYLA \u0130\u00c7 \u0130\u00c7E KURULAN \u0130FTAR SOFRASINDA 300 K\u0130\u015e\u0130L\u0130K YEMEK \u0130KRAM ED\u0130LD\u0130.<\/p>\n","protected":false},"author":1,"featured_media":159520,"comment_status":"closed","ping_status":"open","sticky":false,"template":"","format":"standard","meta":{"jetpack_post_was_ever_published":false,"_jetpack_newsletter_access":"","_jetpack_dont_email_post_to_subs":false,"_jetpack_newsletter_tier_id":0,"_jetpack_memberships_contains_paywalled_content":false,"_jetpack_memberships_contains_paid_content":false,"footnotes":"","jetpack_publicize_message":"","jetpack_publicize_feature_enabled":true,"jetpack_social_post_already_shared":true,"jetpack_social_options":{"image_generator_settings":{"template":"highway","default_image_id":0,"font":"","enabled":false},"version":2}},"categories":[1],"tags":[7470,30333,1703,415,10775,22527],"class_list":["post-159519","post","type-post","status-publish","format-standard","has-post-thumbnail","hentry","category-genel","tag-geleneksel","tag-iftar","tag-koy","tag-kuruldu","tag-meydaninda","tag-sofrasi"],"jetpack_publicize_connections":[],"jetpack_featured_media_url":"https:\/\/i0.wp.com\/www.tvturk.com\/wp-content\/uploads\/2019\/05\/koy-meydaninda-geleneksel-iftar-sofrasi-kuruldu_5b73a8d.jpg?fit=1000%2C562","jetpack_sharing_enabled":true,"jetpack_shortlink":"https:\/\/wp.me\/paKIfm-FuT","_links":{"self":[{"href":"http:\/\/www.tvturk.com\/index.php\/wp-json\/wp\/v2\/posts\/159519","targetHints":{"allow":["GET"]}}],"collection":[{"href":"http:\/\/www.tvturk.com\/index.php\/wp-json\/wp\/v2\/posts"}],"about":[{"href":"http:\/\/www.tvturk.com\/index.php\/wp-json\/wp\/v2\/types\/post"}],"author":[{"embeddable":true,"href":"http:\/\/www.tvturk.com\/index.php\/wp-json\/wp\/v2\/users\/1"}],"replies":[{"embeddable":true,"href":"http:\/\/www.tvturk.com\/index.php\/wp-json\/wp\/v2\/comments?post=159519"}],"version-history":[{"count":0,"href":"http:\/\/www.tvturk.com\/index.php\/wp-json\/wp\/v2\/posts\/159519\/revisions"}],"wp:featuredmedia":[{"embeddable":true,"href":"http:\/\/www.tvturk.com\/index.php\/wp-json\/wp\/v2\/media\/159520"}],"wp:attachment":[{"href":"http:\/\/www.tvturk.com\/index.php\/wp-json\/wp\/v2\/media?parent=159519"}],"wp:term":[{"taxonomy":"category","embeddable":true,"href":"http:\/\/www.tvturk.com\/index.php\/wp-json\/wp\/v2\/categories?post=159519"},{"taxonomy":"post_tag","embeddable":true,"href":"http:\/\/www.tvturk.com\/index.php\/wp-json\/wp\/v2\/tags?post=159519"}],"curies":[{"name":"wp","href":"https:\/\/api.w.org\/{rel}","templated":true}]}}