{"id":159531,"date":"2019-05-20T11:41:54","date_gmt":"2019-05-20T08:41:54","guid":{"rendered":"http:\/\/www.tvturk.com\/index.php\/kktcde-silahli-saldirida-kullanilan-kiralik-arac-bulundu\/"},"modified":"2019-05-20T11:41:54","modified_gmt":"2019-05-20T08:41:54","slug":"kktcde-silahli-saldirida-kullanilan-kiralik-arac-bulundu","status":"publish","type":"post","link":"http:\/\/www.tvturk.com\/index.php\/kktcde-silahli-saldirida-kullanilan-kiralik-arac-bulundu\/","title":{"rendered":"KKTC\u2019de silahl\u0131 sald\u0131r\u0131da kullan\u0131lan kiral\u0131k ara\u00e7 bulundu"},"content":{"rendered":"<p>KKTC\u2019de polis ge\u00e7ti\u011fimiz g\u00fcnlerde ger\u00e7ekle\u015ftirilen silahl\u0131 sald\u0131r\u0131da kullan\u0131lan kiral\u0131k arac\u0131n bulundu\u011funu bildirdi.<\/p>\n<p>Kuzey K\u0131br\u0131s T\u00fcrk Cumhuriyeti\u2019nin (KKTC) turizm kenti Girne\u2019de Naci Talat Caddesi \u00fczerinde Eray Kenano\u011flu, arac\u0131 i\u00e7erisinde bulundu\u011fu s\u0131rada u\u011frad\u0131\u011f\u0131 silahl\u0131 sald\u0131r\u0131 sonucu yaralanm\u0131\u015ft\u0131. Silahl\u0131 sald\u0131r\u0131n\u0131n detaylar\u0131 g\u00fcn y\u00fcz\u00fcne \u00e7\u0131kmaya ba\u015flad\u0131. Polis, Kenano\u011flu\u2019nun vurulmas\u0131 olay\u0131nda kullan\u0131lan arac\u0131n bulundu\u011funu bildirdi. Polisin silahl\u0131 sald\u0131r\u0131 ile ilgili y\u00fcr\u00fctt\u00fc\u011f\u00fc soru\u015fturmada, zanl\u0131 veya zanl\u0131lar\u0131n KKTC\u2019ye gelerek sahte kimlikle ara\u00e7 kiralay\u0131p daha sonra kiralanan ara\u00e7la Naci Talat Caddesi\u2019nde Eray Kenano\u011flu\u2019na 14 el ate\u015f a\u00e7arak yine kiralad\u0131klar\u0131 ara\u00e7 ile ka\u00e7t\u0131klar\u0131, kiral\u0131k arac\u0131 ise i\u00e7inde sahte bir kimlik ile bir s\u00fcpermarketin otopark\u0131na b\u0131rakarak bir ba\u015fka ara\u00e7 ile s\u0131rra kadem bast\u0131klar\u0131 ortaya \u00e7\u0131kt\u0131.<\/p>\n<p>Sald\u0131r\u0131da kullan\u0131lan kiral\u0131k ara\u00e7ta b\u0131rakt\u0131ktan sahte kimli\u011fin ise &#8220;U\u011fur Sa\u011fl\u0131k&#8221; isimli \u0130stanbul n\u00fcfusuna kay\u0131tl\u0131 \u015fahs\u0131n bilgilerinin yer ald\u0131\u011f\u0131 foto\u011fraf\u0131n ise  \u015f\u00fcphelilerden birine ait oldu\u011fu tespit edildi.<\/p>\n<p>Girne\u2019deki silahl\u0131 sald\u0131r\u0131da bulunan ki\u015filerin Erhan Bi\u00e7er ile Serdar Palab\u0131y\u0131k oldu\u011fu silahl\u0131 sald\u0131r\u0131da kulland\u0131klar\u0131 ZNY 928 plakal\u0131 arac\u0131 ise olay yerine 1 km mesafedeki s\u00fcpermarketin otopark\u0131na b\u0131rakarak bir ba\u015fka ara\u00e7 ile Ercan Havaalan\u0131\u2019ndan T\u00fcrkiye\u2019ye \u00e7\u0131k\u0131\u015f yapt\u0131klar\u0131 \u00f6\u011frenildi.<\/p>\n<p>14 el ate\u015f a\u00e7\u0131lmas\u0131 sonucu bacaklar\u0131ndan ve kas\u0131\u011f\u0131ndan yaralanan Eray Kenano\u011flu\u2019nun hayati tehlikesinin bulunmad\u0131\u011f\u0131 ancak diz kapa\u011f\u0131n\u0131n par\u00e7aland\u0131\u011f\u0131 ve baca\u011f\u0131nda ciddi tahribat oldu\u011fu tedavisinin Lefko\u015fa Dr. Burhan Nalbanto\u011flu Devlet Hastanesinde devam etti\u011fi \u00f6\u011frenildi.<\/p>\n","protected":false},"excerpt":{"rendered":"<p>KKTC&#8217;DE ERAY KENANO\u011eLU&#8217;NA Y\u00d6NEL\u0130K S\u0130LAHLI SALDIRIDA KULLANILAN K\u0130RALIK ARACIN BULUNDU\u011eUNU B\u0130LD\u0130RD\u0130.<\/p>\n","protected":false},"author":1,"featured_media":159532,"comment_status":"closed","ping_status":"open","sticky":false,"template":"","format":"standard","meta":{"jetpack_post_was_ever_published":false,"_jetpack_newsletter_access":"","_jetpack_dont_email_post_to_subs":false,"_jetpack_newsletter_tier_id":0,"_jetpack_memberships_contains_paywalled_content":false,"_jetpack_memberships_contains_paid_content":false,"footnotes":"","jetpack_publicize_message":"","jetpack_publicize_feature_enabled":true,"jetpack_social_post_already_shared":true,"jetpack_social_options":{"image_generator_settings":{"template":"highway","default_image_id":0,"font":"","enabled":false},"version":2}},"categories":[10],"tags":[1221,204,20056,4716,23955,1011,998],"class_list":["post-159531","post","type-post","status-publish","format-standard","has-post-thumbnail","hentry","category-dunya","tag-arac","tag-bulundu","tag-kiralik","tag-kktcde","tag-kullanilan","tag-saldirida","tag-silahli"],"jetpack_publicize_connections":[],"jetpack_featured_media_url":"https:\/\/i0.wp.com\/www.tvturk.com\/wp-content\/uploads\/2019\/05\/kktcde-silahli-saldirida-kullanilan-kiralik-arac-bulundu_90d8267.jpg?fit=1000%2C562","jetpack_sharing_enabled":true,"jetpack_shortlink":"https:\/\/wp.me\/paKIfm-Fv5","_links":{"self":[{"href":"http:\/\/www.tvturk.com\/index.php\/wp-json\/wp\/v2\/posts\/159531","targetHints":{"allow":["GET"]}}],"collection":[{"href":"http:\/\/www.tvturk.com\/index.php\/wp-json\/wp\/v2\/posts"}],"about":[{"href":"http:\/\/www.tvturk.com\/index.php\/wp-json\/wp\/v2\/types\/post"}],"author":[{"embeddable":true,"href":"http:\/\/www.tvturk.com\/index.php\/wp-json\/wp\/v2\/users\/1"}],"replies":[{"embeddable":true,"href":"http:\/\/www.tvturk.com\/index.php\/wp-json\/wp\/v2\/comments?post=159531"}],"version-history":[{"count":0,"href":"http:\/\/www.tvturk.com\/index.php\/wp-json\/wp\/v2\/posts\/159531\/revisions"}],"wp:featuredmedia":[{"embeddable":true,"href":"http:\/\/www.tvturk.com\/index.php\/wp-json\/wp\/v2\/media\/159532"}],"wp:attachment":[{"href":"http:\/\/www.tvturk.com\/index.php\/wp-json\/wp\/v2\/media?parent=159531"}],"wp:term":[{"taxonomy":"category","embeddable":true,"href":"http:\/\/www.tvturk.com\/index.php\/wp-json\/wp\/v2\/categories?post=159531"},{"taxonomy":"post_tag","embeddable":true,"href":"http:\/\/www.tvturk.com\/index.php\/wp-json\/wp\/v2\/tags?post=159531"}],"curies":[{"name":"wp","href":"https:\/\/api.w.org\/{rel}","templated":true}]}}