{"id":159573,"date":"2019-05-20T12:49:39","date_gmt":"2019-05-20T09:49:39","guid":{"rendered":"http:\/\/www.tvturk.com\/index.php\/koc-spor-feste-iau-damgasi\/"},"modified":"2019-05-20T12:49:39","modified_gmt":"2019-05-20T09:49:39","slug":"koc-spor-feste-iau-damgasi","status":"publish","type":"post","link":"http:\/\/www.tvturk.com\/index.php\/koc-spor-feste-iau-damgasi\/","title":{"rendered":"Ko\u00e7 Spor Fest\u2019e \u0130A\u00dc damgas\u0131"},"content":{"rendered":"<p>\u00dcniversite tak\u0131mlar\u0131n\u0131n; y\u00fczme, atletizm, jimnastik, voleybol, futbol, basketbol ve da\u011f bisikleti alanlar\u0131nda m\u00fccadele etti\u011fi Ko\u00e7 Spor Fest\u2019ten ikisi T\u00fcrkiye \u015fampiyonlu\u011fu, ikisi de T\u00fcrkiye ikincili\u011fi olmak \u00fczere toplamda d\u00f6rt kupayla d\u00f6nen \u0130stanbul Ayd\u0131n \u00dcniversitesi (\u0130A\u00dc), ba\u015far\u0131s\u0131yla organizasyona damga vurdu.<\/p>\n<p>T\u00fcrkiye\u2019nin en geni\u015f kat\u0131l\u0131ml\u0131 spor organizasyonu Ko\u00e7 Spor Fest\u2019in bahar etab\u0131, Samsun 19 May\u0131s \u00dcniversitesi\u2019nin ev sahipli\u011finde 9-17 May\u0131s 2019 tarihleri aras\u0131nda d\u00fczenlenen \u2019B\u00fcy\u00fck Finaller\u2019 ile tamamland\u0131.<\/p>\n<p>Futbol ve Voleybol Erkek\u2019te zirve \u0130A\u00dc\u2019n\u00fcn<\/p>\n<p>\u0130stanbul Ayd\u0131n \u00dcniversitesi, bu y\u0131l 14\u2019\u00fcnc\u00fcs\u00fc d\u00fczenlenen Ko\u00e7 Spor Fest\u2019te ikisi T\u00fcrkiye \u015fampiyonlu\u011fu, ikisi ise T\u00fcrkiye ikincili\u011fi olmak \u00fczere d\u00f6rt kupa kazanarak b\u00fcy\u00fck bir ba\u015far\u0131ya imza att\u0131. \u0130A\u00dc Futbol Tak\u0131m\u0131 yar\u0131 finalde Mu\u011fla S\u0131tk\u0131 Ko\u00e7man \u00dcniversitesi\u2019ni, penalt\u0131lara giden ma\u00e7\u0131n sonunda 4-3\u2019l\u00fck skorla, finalde ise Hali\u00e7 \u00dcniversitesi\u2019ni yine penalt\u0131lar sonucu 2-1\u2019lik skorla ma\u011flup ederek \u015fampiyonlu\u011fa uzan\u0131rken, \u0130A\u00dc Voleybol Erkek Tak\u0131m\u0131 ise yar\u0131 finalde Marmara \u00dcniversitesi\u2019ni 3-0 ile, finalde ise Gazi \u00dcniversitesi\u2019ni 3-1 ile ge\u00e7erek zirveye \u00e7\u0131kt\u0131. \u0130A\u00dc Basketbol Kad\u0131n Tak\u0131m\u0131 ve \u0130A\u00dc Voleybol Kad\u0131n tak\u0131m\u0131 ise kendi bran\u015flar\u0131nda T\u00fcrkiye ikincisi oldu.<\/p>\n<p>&#8220;Ba\u015far\u0131n\u0131n s\u0131rr\u0131 tak\u0131m ruhunda&#8221;<\/p>\n<p>Konuyla ilgili g\u00f6r\u00fc\u015flerini a\u00e7\u0131klayan \u0130stanbul Ayd\u0131n \u00dcniversitesi Sa\u011fl\u0131k K\u00fclt\u00fcr ve Spor (SKS) Daire Ba\u015fkan\u0131 \u0130smail \u00c7ak\u0131t \u015funlar\u0131 s\u00f6yledi: &#8220;\u00dcniversite olarak sportif ba\u015far\u0131lara \u00e7ok b\u00fcy\u00fck \u00f6nem veriyoruz. Hatta sportif ba\u015far\u0131lar \u00f6\u011frencilerimize zaman zaman burs olarak da d\u00f6n\u00fcyor. Ba\u015far\u0131m\u0131z\u0131n s\u0131rr\u0131n\u0131n ise tak\u0131m ruhunda oldu\u011funu d\u00fc\u015f\u00fcn\u00fcyorum. Zira tak\u0131mlar\u0131m\u0131z, gerek m\u00fcsabaka s\u00fcre\u00e7lerinde, gerekse m\u00fcsabaka d\u0131\u015f\u0131 d\u00f6nemlerde ger\u00e7ek bir aile gibi hareket ediyor. Bu birlik ve dayan\u0131\u015fma ruhu da ba\u015far\u0131y\u0131 beraberinde getiriyor. Nitekim T\u00fcrkiye \u00dcniversite Sporlar\u0131 Federasyonu taraf\u0131ndan organize edilen Ko\u00e7 Spor Fest S\u00fcper Lig T\u00fcrkiye \u015eampiyonas\u0131\u2019na kat\u0131lan 5 tak\u0131m\u0131m\u0131zdan 4\u2019\u00fc finale kald\u0131. \u0130A\u00dc Tak\u0131mlar\u0131 Ko\u00e7 Spor Fest\u2019e damga vurdular ve bizleri gururland\u0131rd\u0131lar. E\u011fitimin her alan\u0131nda var olan \u0130A\u00dc, sosyal ve sportif alanda da ald\u0131\u011f\u0131 bu sonu\u00e7larla T\u00fcrkiye\u2019nin Ayd\u0131n\u2019l\u0131k gelece\u011finde emin ad\u0131mlarla yoluna devam ediyor.&#8221;<\/p>\n<p>15 \u00fcniversiteden 5 bin sporcu<\/p>\n<p>Organizasyonda \u00fcniversite tak\u0131mlar\u0131, y\u00fczme, atletizm, jimnastik, voleybol, hentbol, futbol, basketbol, da\u011f bisikleti ve spor t\u0131rman\u0131\u015f\u0131 alanlar\u0131nda m\u00fccadele etti. \u00dcniversiteli gen\u00e7lerin spor, m\u00fczik ve e\u011flence ile bulu\u015ftu\u011fu Ko\u00e7 Spor Fest\u2019e 15 \u00fcniversiteden 5 bini a\u015fk\u0131n sporcu kat\u0131ld\u0131.<\/p>\n","protected":false},"excerpt":{"rendered":"<p>\u00dcN\u0130VERS\u0130TE TAKIMLARININ; Y\u00dcZME, ATLET\u0130ZM, J\u0130MNAST\u0130K, VOLEYBOL, FUTBOL, BASKETBOL VE DA\u011e B\u0130S\u0130KLET\u0130 ALANLARINDA M\u00dcCADELE ETT\u0130\u011e\u0130 KO\u00c7 SPOR FEST\u2019TEN \u0130K\u0130S\u0130 T\u00dcRK\u0130YE \u015eAMP\u0130YONLU\u011eU, \u0130K\u0130S\u0130 DE T\u00dcRK\u0130YE \u0130K\u0130NC\u0130L\u0130\u011e\u0130 OLMAK \u00dcZERE TOPLAMDA D\u00d6RT KUPAYLA D\u00d6NEN \u0130STANBUL AYDIN \u00dcN\u0130VERS\u0130TES\u0130 (\u0130A\u00dc), BA\u015eARISIYLA ORGAN\u0130ZASYONA DAMGA VURDU.<\/p>\n","protected":false},"author":1,"featured_media":159574,"comment_status":"closed","ping_status":"open","sticky":false,"template":"","format":"standard","meta":{"jetpack_post_was_ever_published":false,"_jetpack_newsletter_access":"","_jetpack_dont_email_post_to_subs":false,"_jetpack_newsletter_tier_id":0,"_jetpack_memberships_contains_paywalled_content":false,"_jetpack_memberships_contains_paid_content":false,"footnotes":"","jetpack_publicize_message":"","jetpack_publicize_feature_enabled":true,"jetpack_social_post_already_shared":true,"jetpack_social_options":{"image_generator_settings":{"template":"highway","default_image_id":0,"font":"","enabled":false},"version":2}},"categories":[657],"tags":[5254,37275,30713,10157,1619],"class_list":["post-159573","post","type-post","status-publish","format-standard","has-post-thumbnail","hentry","category-spor","tag-damgasi","tag-feste","tag-iau","tag-koc","tag-spor"],"jetpack_publicize_connections":[],"jetpack_featured_media_url":"https:\/\/i0.wp.com\/www.tvturk.com\/wp-content\/uploads\/2019\/05\/koc-spor-feste-iau-damgasi_385eb67.jpg?fit=1000%2C750","jetpack_sharing_enabled":true,"jetpack_shortlink":"https:\/\/wp.me\/paKIfm-FvL","_links":{"self":[{"href":"http:\/\/www.tvturk.com\/index.php\/wp-json\/wp\/v2\/posts\/159573","targetHints":{"allow":["GET"]}}],"collection":[{"href":"http:\/\/www.tvturk.com\/index.php\/wp-json\/wp\/v2\/posts"}],"about":[{"href":"http:\/\/www.tvturk.com\/index.php\/wp-json\/wp\/v2\/types\/post"}],"author":[{"embeddable":true,"href":"http:\/\/www.tvturk.com\/index.php\/wp-json\/wp\/v2\/users\/1"}],"replies":[{"embeddable":true,"href":"http:\/\/www.tvturk.com\/index.php\/wp-json\/wp\/v2\/comments?post=159573"}],"version-history":[{"count":0,"href":"http:\/\/www.tvturk.com\/index.php\/wp-json\/wp\/v2\/posts\/159573\/revisions"}],"wp:featuredmedia":[{"embeddable":true,"href":"http:\/\/www.tvturk.com\/index.php\/wp-json\/wp\/v2\/media\/159574"}],"wp:attachment":[{"href":"http:\/\/www.tvturk.com\/index.php\/wp-json\/wp\/v2\/media?parent=159573"}],"wp:term":[{"taxonomy":"category","embeddable":true,"href":"http:\/\/www.tvturk.com\/index.php\/wp-json\/wp\/v2\/categories?post=159573"},{"taxonomy":"post_tag","embeddable":true,"href":"http:\/\/www.tvturk.com\/index.php\/wp-json\/wp\/v2\/tags?post=159573"}],"curies":[{"name":"wp","href":"https:\/\/api.w.org\/{rel}","templated":true}]}}