{"id":159577,"date":"2019-05-20T12:51:22","date_gmt":"2019-05-20T09:51:22","guid":{"rendered":"http:\/\/www.tvturk.com\/index.php\/bin-700-rakimda-toplanan-isgin-koylulerin-gecim-kaynagi-oldu\/"},"modified":"2019-05-20T12:51:22","modified_gmt":"2019-05-20T09:51:22","slug":"bin-700-rakimda-toplanan-isgin-koylulerin-gecim-kaynagi-oldu","status":"publish","type":"post","link":"http:\/\/www.tvturk.com\/index.php\/bin-700-rakimda-toplanan-isgin-koylulerin-gecim-kaynagi-oldu\/","title":{"rendered":"Bin 700 rak\u0131mda toplanan \u0131\u015fg\u0131n, k\u00f6yl\u00fclerin ge\u00e7im kayna\u011f\u0131 oldu"},"content":{"rendered":"<p>Siirt\u2019in \u015eirvan il\u00e7esine ba\u011fl\u0131 Elmadal\u0131 k\u00f6y\u00fcnde, da\u011f yama\u00e7lar\u0131nda yeti\u015fen, halk aras\u0131nda yayla muzu olarak bilinen \u0131\u015fg\u0131n bitkisi k\u00f6yl\u00fcler i\u00e7in gelir kap\u0131s\u0131 oldu. Bu bitkiyi toplamak i\u00e7in bin 700 rak\u0131ml\u0131 da\u011fa \u00e7\u0131kan vatanda\u015flar, her t\u00fcrl\u00fc tehlikeyi g\u00f6ze al\u0131p ekmek paralar\u0131n\u0131 \u00e7\u0131karmaya \u00e7al\u0131\u015f\u0131yor.<\/p>\n<p>I\u015fg\u0131n\u0131n bol yeti\u015fti\u011fi b\u00f6lgelerin ba\u015f\u0131nda gelen \u015eirvan\u2019\u0131n Elmadal\u0131 k\u00f6y\u00fcnde, k\u00f6yl\u00fcler toplad\u0131klar\u0131 \u0131\u015fg\u0131nlar\u0131 2 ile 3 lira aras\u0131nda pazarc\u0131lara sat\u0131yor. K\u00f6yden toplanan \u00fcr\u00fcnleri getiren esnaf bu \u00fcr\u00fcnleri Siirt kent merkezindeki pazarlarda 4 ila 8 lira aras\u0131nda sat\u0131\u015fa sunuyor.<\/p>\n<p>I\u015fg\u0131n toplamak i\u00e7in sabah\u0131n erken saatlerinde yola \u00e7\u0131kt\u0131klar\u0131n\u0131 belirten vatanda\u015flardan Serkan Beyan, aile b\u00fct\u00e7esine katk\u0131 sa\u011flamak i\u00e7in da\u011flara \u00e7\u0131k\u0131p ekmek paralar\u0131n\u0131 kazanmak i\u00e7in \u0131\u015fg\u0131n\u0131 toplay\u0131p satt\u0131klar\u0131n\u0131 s\u00f6yledi. Beyan, \u201cKarlar eridi, da\u011fl\u0131k alanlara \u00e7\u0131k\u0131p \u0131\u015fg\u0131n bitkisini topluyoruz. Satt\u0131\u011f\u0131m\u0131z bitkiden ge\u00e7imimizi sa\u011fl\u0131yoruz\u201d dedi.<\/p>\n<p>\u201cHastal\u0131klar\u0131 iyi geldi\u011fi s\u00f6yleniyor\u201d<\/p>\n<p>I\u015fg\u0131n bitkisinin bir\u00e7ok hastal\u0131\u011fa \u015fifa oldu\u011funu kaydeden Serkan Kartal isimli vatanda\u015f ise, \u201cSabah saat 04.00 ila 06.00 aras\u0131nda \u00e7\u0131k\u0131yoruz. Y\u00fcksek yama\u00e7lara gidiyoruz \u0131\u015fg\u0131n toplamaya, ak\u015famda getirip \u015fof\u00f6rlere veriyoruz, merkeze satmaya g\u00f6t\u00fcr\u00fcyorlar. Kilosunu 3 liradan veriyoruz. Ge\u00e7im kayna\u011f\u0131m\u0131z budur. Hastal\u0131\u011fa, \u015fekere, kansere, tansiyona iyi geldi\u011fi s\u00f6yleniyor\u201d diye konu\u015ftu.<\/p>\n<p>\u201cA\u015f\u0131r\u0131 ya\u011f\u0131\u015flar bu kez g\u00fcld\u00fcrd\u00fc\u201d<\/p>\n<p>A\u015f\u0131r\u0131 ya\u011f\u0131\u015flardan dolay\u0131 \u0131\u015fg\u0131n\u0131n bu y\u0131l \u00e7ok fazla oldu\u011funu belirten Orhan Beyan da, \u00e7ok bereketli bir y\u0131l ge\u00e7irdiklerini, g\u00fcnde en az 150 ila 200 kilogram aras\u0131nda \u0131\u015fg\u0131n topland\u0131\u011f\u0131n\u0131 s\u00f6yledi. Beyan, \u201cElmadal\u0131 k\u00f6y\u00fcnden \u0131\u015fg\u0131n toplamaya gittik. Sabah 05.00\u2019da kalk\u0131yoruz. \u00d6\u011fleden sonra eve d\u00f6n\u00fcyoruz. Bu seneki ya\u011f\u0131\u015flar \u0131\u015fg\u0131n\u0131 daha lezzetli hale getirdi. Kilosu 2 bu\u00e7uk ila 3 lira aras\u0131nda sat\u0131yoruz. K\u00f6yde \u015fof\u00f6rlere sat\u0131yoruz onlarda Siirt\u2019te pazarlara g\u00f6t\u00fcr\u00fcyorlar\u201d \u015feklinde konu\u015ftu.<\/p>\n<p>Aile b\u00fct\u00e7esine katk\u0131da bulunmak i\u00e7in toplad\u0131klar\u0131n\u0131 belirten kad\u0131nlardan Naciye Batur, \u201cI\u015fg\u0131nlar\u0131 biz da\u011fdan getiriyoruz. Bunlar\u0131 paketleyip Siirt\u2019te g\u00f6nderip sat\u0131yoruz. Ge\u00e7im kayna\u011f\u0131m\u0131z bunlar bizde ge\u00e7imimizi bu \u015fekilde sa\u011fl\u0131yoruz. Toplamas\u0131 \u00e7ok zordur. Ak\u015fama kadar gidiyoruz oru\u00e7luyuz dudaklar\u0131m\u0131z kuruyor gelene kadar bizimde ge\u00e7im kayna\u011f\u0131m\u0131z b\u00f6yledir. Da\u011flara \u00e7\u0131k\u0131yoruz. Yaylalardan yama\u00e7lardan topluyoruz eve getirip 3 liraya sat\u0131yoruz\u201d dedi.<\/p>\n","protected":false},"excerpt":{"rendered":"<p>S\u0130\u0130RT\u2019\u0130N \u015e\u0130RVAN \u0130L\u00c7ES\u0130NE BA\u011eLI ELMADALI K\u00d6Y\u00dcNDE, DA\u011e YAMA\u00c7LARINDA YET\u0130\u015eEN, HALK ARASINDA YAYLA MUZU OLARAK B\u0130L\u0130NEN I\u015eGIN B\u0130TK\u0130S\u0130 K\u00d6YL\u00dcLER \u0130\u00c7\u0130N GEL\u0130R KAPISI OLDU.<\/p>\n","protected":false},"author":1,"featured_media":159578,"comment_status":"closed","ping_status":"open","sticky":false,"template":"","format":"standard","meta":{"jetpack_post_was_ever_published":false,"_jetpack_newsletter_access":"","_jetpack_dont_email_post_to_subs":false,"_jetpack_newsletter_tier_id":0,"_jetpack_memberships_contains_paywalled_content":false,"_jetpack_memberships_contains_paid_content":false,"footnotes":"","jetpack_publicize_message":"","jetpack_publicize_feature_enabled":true,"jetpack_social_post_already_shared":true,"jetpack_social_options":{"image_generator_settings":{"template":"highway","default_image_id":0,"font":"","enabled":false},"version":2}},"categories":[1],"tags":[4464,213,23577,37277,11246,5640,77,20141,26235],"class_list":["post-159577","post","type-post","status-publish","format-standard","has-post-thumbnail","hentry","category-genel","tag-4464","tag-bin","tag-gecim","tag-isgin","tag-kaynagi","tag-koylulerin","tag-oldu","tag-rakimda","tag-toplanan"],"jetpack_publicize_connections":[],"jetpack_featured_media_url":"https:\/\/i0.wp.com\/www.tvturk.com\/wp-content\/uploads\/2019\/05\/bin-700-rakimda-toplanan-isgin-koylulerin-gecim-kaynagi-oldu_09724f0.jpg?fit=1000%2C666","jetpack_sharing_enabled":true,"jetpack_shortlink":"https:\/\/wp.me\/paKIfm-FvP","_links":{"self":[{"href":"http:\/\/www.tvturk.com\/index.php\/wp-json\/wp\/v2\/posts\/159577","targetHints":{"allow":["GET"]}}],"collection":[{"href":"http:\/\/www.tvturk.com\/index.php\/wp-json\/wp\/v2\/posts"}],"about":[{"href":"http:\/\/www.tvturk.com\/index.php\/wp-json\/wp\/v2\/types\/post"}],"author":[{"embeddable":true,"href":"http:\/\/www.tvturk.com\/index.php\/wp-json\/wp\/v2\/users\/1"}],"replies":[{"embeddable":true,"href":"http:\/\/www.tvturk.com\/index.php\/wp-json\/wp\/v2\/comments?post=159577"}],"version-history":[{"count":0,"href":"http:\/\/www.tvturk.com\/index.php\/wp-json\/wp\/v2\/posts\/159577\/revisions"}],"wp:featuredmedia":[{"embeddable":true,"href":"http:\/\/www.tvturk.com\/index.php\/wp-json\/wp\/v2\/media\/159578"}],"wp:attachment":[{"href":"http:\/\/www.tvturk.com\/index.php\/wp-json\/wp\/v2\/media?parent=159577"}],"wp:term":[{"taxonomy":"category","embeddable":true,"href":"http:\/\/www.tvturk.com\/index.php\/wp-json\/wp\/v2\/categories?post=159577"},{"taxonomy":"post_tag","embeddable":true,"href":"http:\/\/www.tvturk.com\/index.php\/wp-json\/wp\/v2\/tags?post=159577"}],"curies":[{"name":"wp","href":"https:\/\/api.w.org\/{rel}","templated":true}]}}