{"id":15964,"date":"2019-02-09T15:52:47","date_gmt":"2019-02-09T12:52:47","guid":{"rendered":"http:\/\/www.tvturk.com\/index.php\/gaziantep-sehidi-torenle-memleketine-ugurlandi\/"},"modified":"2019-02-09T15:52:50","modified_gmt":"2019-02-09T12:52:50","slug":"gaziantep-sehidi-torenle-memleketine-ugurlandi","status":"publish","type":"post","link":"http:\/\/www.tvturk.com\/index.php\/gaziantep-sehidi-torenle-memleketine-ugurlandi\/","title":{"rendered":"Gaziantep \u015fehidi t\u00f6renle memleketine u\u011furland\u0131"},"content":{"rendered":"<p>Gaziantep\u2019te g\u00f6revdeyken ge\u00e7irdi\u011fi trafik kazas\u0131nda \u015fehit olan 27 ya\u015f\u0131ndaki polis memuru Yusuf \u00c7elik\u2019in cenazesi d\u00fczenlenen t\u00f6renle memleketi Yozgat\u2019a u\u011furland\u0131.<\/p>\n<p>Gaziantep \u00c7evik Kuvvet \u015eube M\u00fcd\u00fcrl\u00fc\u011f\u00fcnde d\u00fczenlenen t\u00f6rene Gaziantep Valisi Davut G\u00fcl, Gaziantep \u0130l Emniyet M\u00fcd\u00fcr\u00fc Faruk Karaduman, \u015eahinbey Belediye Ba\u015fkan\u0131 Mehmet Tahmazo\u011flu, kurum m\u00fcd\u00fcrleri, askeri erkan, \u015fehidin meslekta\u015flar\u0131, ailesi ve \u00e7ok say\u0131da vatanda\u015f kat\u0131ld\u0131.<\/p>\n<p>A\u011f\u0131r yaralanan komiser yard\u0131mc\u0131s\u0131n\u0131n tedavisi devam ederken, \u015fehit polis memuru \u00c7elik\u2019in cenazesi t\u00f6renle dualar e\u015fli\u011finde memleketine g\u00f6nderildi. T\u00f6rene kat\u0131lan \u015fehidin ailesi g\u00f6zya\u015flar\u0131na bo\u011fuldu.<\/p>\n<p>Programda konu\u015fan Gaziantep \u0130l Emniyet M\u00fcd\u00fcr\u00fc Faruk Karaduman, \u015fehidin ailesine ba\u015fsa\u011fl\u0131\u011f\u0131 dileyerek, ayn\u0131 kazada yaralanan ve tedavisi devam eden komisere ise acil \u015fifalar diledi.<\/p>\n<p>Yusuf \u00c7elik, i\u00e7inde bulundu\u011fu devriye g\u00f6revi yapan polis arac\u0131n\u0131n ref\u00fcjdeki a\u011faca \u00e7arpmas\u0131 sonucu \u015fehit olmu\u015f, bir komiser yard\u0131mc\u0131s\u0131 ise a\u011f\u0131r yaralanm\u0131\u015ft\u0131.<div class=\"tiled-gallery type-rectangular tiled-gallery-unresized\" data-original-width=\"500\" data-carousel-extra='null' itemscope itemtype=\"http:\/\/schema.org\/ImageGallery\" > <div class=\"gallery-row\" style=\"width: 500px; height: 224px;\" data-original-width=\"500\" data-original-height=\"224\" > <div class=\"gallery-group images-1\" style=\"width: 334px; height: 224px;\" data-original-width=\"334\" data-original-height=\"224\" > <div class=\"tiled-gallery-item tiled-gallery-item-large\" itemprop=\"associatedMedia\" itemscope itemtype=\"http:\/\/schema.org\/ImageObject\"> <a href=\"http:\/\/www.tvturk.com\/index.php\/gaziantep-sehidi-torenle-memleketine-ugurlandi\/gaziantep-sehidi-torenle-memleketine-ugurlandi-3\/\" border=\"0\" itemprop=\"url\"> <meta itemprop=\"width\" content=\"330\"> <meta itemprop=\"height\" content=\"220\"> <img decoding=\"async\" class=\"\" data-attachment-id=\"15966\" data-orig-file=\"http:\/\/www.tvturk.com\/wp-content\/uploads\/2019\/02\/gaziantep-sehidi-torenle-memleketine-ugurlandi_f1b1f65.jpg\" data-orig-size=\"1000,666\" data-comments-opened=\"\" data-image-meta=\"{&quot;aperture&quot;:&quot;0&quot;,&quot;credit&quot;:&quot;IHA&quot;,&quot;camera&quot;:&quot;&quot;,&quot;caption&quot;:&quot;GAZ\\u0130ANTEP\\u2019TE G\\u00d6REVDEYKEN GE\\u00c7\\u0130RD\\u0130\\u011e\\u0130 TRAF\\u0130K KAZASINDA \\u015eEH\\u0130T OLAN 27 YA\\u015eINDAK\\u0130 POL\\u0130S MEMURU YUSUF \\u00c7EL\\u0130K\\u0027\\u0130N CENAZES\\u0130 D\\u00dcZENLENEN T\\u00d6RENLE MEMLEKET\\u0130 YOZGAT\\u2019A U\\u011eURLANDI. \\u015eEH\\u0130D\\u0130N ANNES\\u0130 VE KIZ KARDE\\u015e\\u0130 (ABD\\u00dcLKAD\\u0130R G\\u00dcNE\\u015e\\\/GAZ\\u0130ANTEP-\\u0130HA)&quot;,&quot;created_timestamp&quot;:&quot;0&quot;,&quot;copyright&quot;:&quot;\\u0130HLAS HABER AJANSI, www.iha.com.tr&quot;,&quot;focal_length&quot;:&quot;0&quot;,&quot;iso&quot;:&quot;0&quot;,&quot;shutter_speed&quot;:&quot;0&quot;,&quot;title&quot;:&quot;GAZ\\u0130ANTEP \\u015eEH\\u0130D\\u0130 T\\u00d6RENLE MEMLEKET\\u0130NE U\\u011eURLANDI&quot;,&quot;orientation&quot;:&quot;0&quot;}\" data-image-title=\"Gaziantep \u015fehidi t\u00f6renle memleketine u\u011furland\u0131\" data-image-description=\"&lt;p&gt;Gaziantep \u015fehidi t\u00f6renle memleketine u\u011furland\u0131&lt;\/p&gt; \" data-medium-file=\"https:\/\/i0.wp.com\/www.tvturk.com\/wp-content\/uploads\/2019\/02\/gaziantep-sehidi-torenle-memleketine-ugurlandi_f1b1f65.jpg?fit=300%2C200\" data-large-file=\"https:\/\/i0.wp.com\/www.tvturk.com\/wp-content\/uploads\/2019\/02\/gaziantep-sehidi-torenle-memleketine-ugurlandi_f1b1f65.jpg?fit=1000%2C666\" src=\"https:\/\/i0.wp.com\/www.tvturk.com\/wp-content\/uploads\/2019\/02\/gaziantep-sehidi-torenle-memleketine-ugurlandi_f1b1f65.jpg?w=330&#038;h=220\" srcset=\"https:\/\/i0.wp.com\/www.tvturk.com\/wp-content\/uploads\/2019\/02\/gaziantep-sehidi-torenle-memleketine-ugurlandi_f1b1f65.jpg?w=1000 1000w, https:\/\/i0.wp.com\/www.tvturk.com\/wp-content\/uploads\/2019\/02\/gaziantep-sehidi-torenle-memleketine-ugurlandi_f1b1f65.jpg?resize=150%2C100 150w, https:\/\/i0.wp.com\/www.tvturk.com\/wp-content\/uploads\/2019\/02\/gaziantep-sehidi-torenle-memleketine-ugurlandi_f1b1f65.jpg?resize=300%2C200 300w, https:\/\/i0.wp.com\/www.tvturk.com\/wp-content\/uploads\/2019\/02\/gaziantep-sehidi-torenle-memleketine-ugurlandi_f1b1f65.jpg?resize=768%2C511 768w, https:\/\/i0.wp.com\/www.tvturk.com\/wp-content\/uploads\/2019\/02\/gaziantep-sehidi-torenle-memleketine-ugurlandi_f1b1f65.jpg?resize=170%2C113 170w, https:\/\/i0.wp.com\/www.tvturk.com\/wp-content\/uploads\/2019\/02\/gaziantep-sehidi-torenle-memleketine-ugurlandi_f1b1f65.jpg?resize=120%2C80 120w\" width=\"330\" height=\"220\" loading=\"lazy\" data-original-width=\"330\" data-original-height=\"220\" itemprop=\"http:\/\/schema.org\/image\" title=\"Gaziantep \u015fehidi t\u00f6renle memleketine u\u011furland\u0131\" alt=\"Gaziantep \u015fehidi t\u00f6renle memleketine u\u011furland\u0131\" style=\"width: 330px; height: 220px;\" \/> <\/a> <\/div> <\/div> <!-- close group --> <div class=\"gallery-group images-2\" style=\"width: 166px; height: 224px;\" data-original-width=\"166\" data-original-height=\"224\" > <div class=\"tiled-gallery-item tiled-gallery-item-small\" itemprop=\"associatedMedia\" itemscope itemtype=\"http:\/\/schema.org\/ImageObject\"> <a href=\"http:\/\/www.tvturk.com\/index.php\/gaziantep-sehidi-torenle-memleketine-ugurlandi\/gaziantep-sehidi-torenle-memleketine-ugurlandi-4\/\" border=\"0\" itemprop=\"url\"> <meta itemprop=\"width\" content=\"162\"> <meta itemprop=\"height\" content=\"108\"> <img decoding=\"async\" class=\"\" data-attachment-id=\"15967\" data-orig-file=\"http:\/\/www.tvturk.com\/wp-content\/uploads\/2019\/02\/gaziantep-sehidi-torenle-memleketine-ugurlandi_6372cfd.jpg\" data-orig-size=\"1000,666\" data-comments-opened=\"\" data-image-meta=\"{&quot;aperture&quot;:&quot;0&quot;,&quot;credit&quot;:&quot;IHA&quot;,&quot;camera&quot;:&quot;&quot;,&quot;caption&quot;:&quot;GAZ\\u0130ANTEP\\u2019TE G\\u00d6REVDEYKEN GE\\u00c7\\u0130RD\\u0130\\u011e\\u0130 TRAF\\u0130K KAZASINDA \\u015eEH\\u0130T OLAN 27 YA\\u015eINDAK\\u0130 POL\\u0130S MEMURU YUSUF \\u00c7EL\\u0130K\\u0027\\u0130N CENAZES\\u0130 D\\u00dcZENLENEN T\\u00d6RENLE MEMLEKET\\u0130 YOZGAT\\u2019A U\\u011eURLANDI.\\u015eEH\\u0130D\\u0130N BABASI VE KARDE\\u015e\\u0130 (ABD\\u00dcLKAD\\u0130R G\\u00dcNE\\u015e\\\/GAZ\\u0130ANTEP-\\u0130HA)&quot;,&quot;created_timestamp&quot;:&quot;0&quot;,&quot;copyright&quot;:&quot;\\u0130HLAS HABER AJANSI, www.iha.com.tr&quot;,&quot;focal_length&quot;:&quot;0&quot;,&quot;iso&quot;:&quot;0&quot;,&quot;shutter_speed&quot;:&quot;0&quot;,&quot;title&quot;:&quot;GAZ\\u0130ANTEP \\u015eEH\\u0130D\\u0130 T\\u00d6RENLE MEMLEKET\\u0130NE U\\u011eURLANDI&quot;,&quot;orientation&quot;:&quot;0&quot;}\" data-image-title=\"Gaziantep \u015fehidi t\u00f6renle memleketine u\u011furland\u0131\" data-image-description=\"&lt;p&gt;Gaziantep \u015fehidi t\u00f6renle memleketine u\u011furland\u0131&lt;\/p&gt; \" data-medium-file=\"https:\/\/i0.wp.com\/www.tvturk.com\/wp-content\/uploads\/2019\/02\/gaziantep-sehidi-torenle-memleketine-ugurlandi_6372cfd.jpg?fit=300%2C200\" data-large-file=\"https:\/\/i0.wp.com\/www.tvturk.com\/wp-content\/uploads\/2019\/02\/gaziantep-sehidi-torenle-memleketine-ugurlandi_6372cfd.jpg?fit=1000%2C666\" src=\"https:\/\/i0.wp.com\/www.tvturk.com\/wp-content\/uploads\/2019\/02\/gaziantep-sehidi-torenle-memleketine-ugurlandi_6372cfd.jpg?w=162&#038;h=108\" srcset=\"https:\/\/i0.wp.com\/www.tvturk.com\/wp-content\/uploads\/2019\/02\/gaziantep-sehidi-torenle-memleketine-ugurlandi_6372cfd.jpg?w=1000 1000w, https:\/\/i0.wp.com\/www.tvturk.com\/wp-content\/uploads\/2019\/02\/gaziantep-sehidi-torenle-memleketine-ugurlandi_6372cfd.jpg?resize=150%2C100 150w, https:\/\/i0.wp.com\/www.tvturk.com\/wp-content\/uploads\/2019\/02\/gaziantep-sehidi-torenle-memleketine-ugurlandi_6372cfd.jpg?resize=300%2C200 300w, https:\/\/i0.wp.com\/www.tvturk.com\/wp-content\/uploads\/2019\/02\/gaziantep-sehidi-torenle-memleketine-ugurlandi_6372cfd.jpg?resize=768%2C511 768w, https:\/\/i0.wp.com\/www.tvturk.com\/wp-content\/uploads\/2019\/02\/gaziantep-sehidi-torenle-memleketine-ugurlandi_6372cfd.jpg?resize=170%2C113 170w, https:\/\/i0.wp.com\/www.tvturk.com\/wp-content\/uploads\/2019\/02\/gaziantep-sehidi-torenle-memleketine-ugurlandi_6372cfd.jpg?resize=120%2C80 120w\" width=\"162\" height=\"108\" loading=\"lazy\" data-original-width=\"162\" data-original-height=\"108\" itemprop=\"http:\/\/schema.org\/image\" title=\"Gaziantep \u015fehidi t\u00f6renle memleketine u\u011furland\u0131\" alt=\"Gaziantep \u015fehidi t\u00f6renle memleketine u\u011furland\u0131\" style=\"width: 162px; height: 108px;\" \/> <\/a> <\/div> <div class=\"tiled-gallery-item tiled-gallery-item-small\" itemprop=\"associatedMedia\" itemscope itemtype=\"http:\/\/schema.org\/ImageObject\"> <a href=\"http:\/\/www.tvturk.com\/index.php\/gaziantep-sehidi-torenle-memleketine-ugurlandi\/gaziantep-sehidi-torenle-memleketine-ugurlandi-5\/\" border=\"0\" itemprop=\"url\"> <meta itemprop=\"width\" content=\"162\"> <meta itemprop=\"height\" content=\"108\"> <img decoding=\"async\" class=\"\" data-attachment-id=\"15968\" data-orig-file=\"http:\/\/www.tvturk.com\/wp-content\/uploads\/2019\/02\/gaziantep-sehidi-torenle-memleketine-ugurlandi_6b956a6.jpg\" data-orig-size=\"1000,666\" data-comments-opened=\"\" data-image-meta=\"{&quot;aperture&quot;:&quot;0&quot;,&quot;credit&quot;:&quot;IHA&quot;,&quot;camera&quot;:&quot;&quot;,&quot;caption&quot;:&quot;GAZ\\u0130ANTEP\\u2019TE G\\u00d6REVDEYKEN GE\\u00c7\\u0130RD\\u0130\\u011e\\u0130 TRAF\\u0130K KAZASINDA \\u015eEH\\u0130T OLAN 27 YA\\u015eINDAK\\u0130 POL\\u0130S MEMURU YUSUF \\u00c7EL\\u0130K\\u0027\\u0130N CENAZES\\u0130 D\\u00dcZENLENEN T\\u00d6RENLE MEMLEKET\\u0130 YOZGAT\\u2019A U\\u011eURLANDI. (ABD\\u00dcLKAD\\u0130R G\\u00dcNE\\u015e\\\/GAZ\\u0130ANTEP-\\u0130HA)&quot;,&quot;created_timestamp&quot;:&quot;0&quot;,&quot;copyright&quot;:&quot;\\u0130HLAS HABER AJANSI, www.iha.com.tr&quot;,&quot;focal_length&quot;:&quot;0&quot;,&quot;iso&quot;:&quot;0&quot;,&quot;shutter_speed&quot;:&quot;0&quot;,&quot;title&quot;:&quot;GAZ\\u0130ANTEP \\u015eEH\\u0130D\\u0130 T\\u00d6RENLE MEMLEKET\\u0130NE U\\u011eURLANDI&quot;,&quot;orientation&quot;:&quot;0&quot;}\" data-image-title=\"Gaziantep \u015fehidi t\u00f6renle memleketine u\u011furland\u0131\" data-image-description=\"&lt;p&gt;Gaziantep \u015fehidi t\u00f6renle memleketine u\u011furland\u0131&lt;\/p&gt; \" data-medium-file=\"https:\/\/i0.wp.com\/www.tvturk.com\/wp-content\/uploads\/2019\/02\/gaziantep-sehidi-torenle-memleketine-ugurlandi_6b956a6.jpg?fit=300%2C200\" data-large-file=\"https:\/\/i0.wp.com\/www.tvturk.com\/wp-content\/uploads\/2019\/02\/gaziantep-sehidi-torenle-memleketine-ugurlandi_6b956a6.jpg?fit=1000%2C666\" src=\"https:\/\/i0.wp.com\/www.tvturk.com\/wp-content\/uploads\/2019\/02\/gaziantep-sehidi-torenle-memleketine-ugurlandi_6b956a6.jpg?w=162&#038;h=108\" srcset=\"https:\/\/i0.wp.com\/www.tvturk.com\/wp-content\/uploads\/2019\/02\/gaziantep-sehidi-torenle-memleketine-ugurlandi_6b956a6.jpg?w=1000 1000w, https:\/\/i0.wp.com\/www.tvturk.com\/wp-content\/uploads\/2019\/02\/gaziantep-sehidi-torenle-memleketine-ugurlandi_6b956a6.jpg?resize=150%2C100 150w, https:\/\/i0.wp.com\/www.tvturk.com\/wp-content\/uploads\/2019\/02\/gaziantep-sehidi-torenle-memleketine-ugurlandi_6b956a6.jpg?resize=300%2C200 300w, https:\/\/i0.wp.com\/www.tvturk.com\/wp-content\/uploads\/2019\/02\/gaziantep-sehidi-torenle-memleketine-ugurlandi_6b956a6.jpg?resize=768%2C511 768w, https:\/\/i0.wp.com\/www.tvturk.com\/wp-content\/uploads\/2019\/02\/gaziantep-sehidi-torenle-memleketine-ugurlandi_6b956a6.jpg?resize=170%2C113 170w, https:\/\/i0.wp.com\/www.tvturk.com\/wp-content\/uploads\/2019\/02\/gaziantep-sehidi-torenle-memleketine-ugurlandi_6b956a6.jpg?resize=120%2C80 120w\" width=\"162\" height=\"108\" loading=\"lazy\" data-original-width=\"162\" data-original-height=\"108\" itemprop=\"http:\/\/schema.org\/image\" title=\"Gaziantep \u015fehidi t\u00f6renle memleketine u\u011furland\u0131\" alt=\"Gaziantep \u015fehidi t\u00f6renle memleketine u\u011furland\u0131\" style=\"width: 162px; height: 108px;\" \/> <\/a> <\/div> <\/div> <!-- close group --> <\/div> <!-- close row --> <div class=\"gallery-row\" style=\"width: 500px; height: 334px;\" data-original-width=\"500\" data-original-height=\"334\" > <div class=\"gallery-group images-1\" style=\"width: 500px; height: 334px;\" data-original-width=\"500\" data-original-height=\"334\" > <div class=\"tiled-gallery-item tiled-gallery-item-large\" itemprop=\"associatedMedia\" itemscope itemtype=\"http:\/\/schema.org\/ImageObject\"> <a href=\"http:\/\/www.tvturk.com\/index.php\/gaziantep-sehidi-torenle-memleketine-ugurlandi\/gaziantep-sehidi-torenle-memleketine-ugurlandi-6\/\" border=\"0\" itemprop=\"url\"> <meta itemprop=\"width\" content=\"496\"> <meta itemprop=\"height\" content=\"330\"> <img decoding=\"async\" class=\"\" data-attachment-id=\"15969\" data-orig-file=\"http:\/\/www.tvturk.com\/wp-content\/uploads\/2019\/02\/gaziantep-sehidi-torenle-memleketine-ugurlandi_4fc1ab6.jpg\" data-orig-size=\"1000,666\" data-comments-opened=\"\" data-image-meta=\"{&quot;aperture&quot;:&quot;0&quot;,&quot;credit&quot;:&quot;IHA&quot;,&quot;camera&quot;:&quot;&quot;,&quot;caption&quot;:&quot;GAZ\\u0130ANTEP\\u2019TE G\\u00d6REVDEYKEN GE\\u00c7\\u0130RD\\u0130\\u011e\\u0130 TRAF\\u0130K KAZASINDA \\u015eEH\\u0130T OLAN 27 YA\\u015eINDAK\\u0130 POL\\u0130S MEMURU YUSUF \\u00c7EL\\u0130K\\u0027\\u0130N CENAZES\\u0130 D\\u00dcZENLENEN T\\u00d6RENLE MEMLEKET\\u0130 YOZGAT\\u2019A U\\u011eURLANDI. (ABD\\u00dcLKAD\\u0130R G\\u00dcNE\\u015e\\\/GAZ\\u0130ANTEP-\\u0130HA)&quot;,&quot;created_timestamp&quot;:&quot;0&quot;,&quot;copyright&quot;:&quot;\\u0130HLAS HABER AJANSI, www.iha.com.tr&quot;,&quot;focal_length&quot;:&quot;0&quot;,&quot;iso&quot;:&quot;0&quot;,&quot;shutter_speed&quot;:&quot;0&quot;,&quot;title&quot;:&quot;GAZ\\u0130ANTEP \\u015eEH\\u0130D\\u0130 T\\u00d6RENLE MEMLEKET\\u0130NE U\\u011eURLANDI&quot;,&quot;orientation&quot;:&quot;0&quot;}\" data-image-title=\"Gaziantep \u015fehidi t\u00f6renle memleketine u\u011furland\u0131\" data-image-description=\"&lt;p&gt;Gaziantep \u015fehidi t\u00f6renle memleketine u\u011furland\u0131&lt;\/p&gt; \" data-medium-file=\"https:\/\/i0.wp.com\/www.tvturk.com\/wp-content\/uploads\/2019\/02\/gaziantep-sehidi-torenle-memleketine-ugurlandi_4fc1ab6.jpg?fit=300%2C200\" data-large-file=\"https:\/\/i0.wp.com\/www.tvturk.com\/wp-content\/uploads\/2019\/02\/gaziantep-sehidi-torenle-memleketine-ugurlandi_4fc1ab6.jpg?fit=1000%2C666\" src=\"https:\/\/i0.wp.com\/www.tvturk.com\/wp-content\/uploads\/2019\/02\/gaziantep-sehidi-torenle-memleketine-ugurlandi_4fc1ab6.jpg?w=496&#038;h=330\" srcset=\"https:\/\/i0.wp.com\/www.tvturk.com\/wp-content\/uploads\/2019\/02\/gaziantep-sehidi-torenle-memleketine-ugurlandi_4fc1ab6.jpg?w=1000 1000w, https:\/\/i0.wp.com\/www.tvturk.com\/wp-content\/uploads\/2019\/02\/gaziantep-sehidi-torenle-memleketine-ugurlandi_4fc1ab6.jpg?resize=150%2C100 150w, https:\/\/i0.wp.com\/www.tvturk.com\/wp-content\/uploads\/2019\/02\/gaziantep-sehidi-torenle-memleketine-ugurlandi_4fc1ab6.jpg?resize=300%2C200 300w, https:\/\/i0.wp.com\/www.tvturk.com\/wp-content\/uploads\/2019\/02\/gaziantep-sehidi-torenle-memleketine-ugurlandi_4fc1ab6.jpg?resize=768%2C511 768w, https:\/\/i0.wp.com\/www.tvturk.com\/wp-content\/uploads\/2019\/02\/gaziantep-sehidi-torenle-memleketine-ugurlandi_4fc1ab6.jpg?resize=170%2C113 170w, https:\/\/i0.wp.com\/www.tvturk.com\/wp-content\/uploads\/2019\/02\/gaziantep-sehidi-torenle-memleketine-ugurlandi_4fc1ab6.jpg?resize=120%2C80 120w\" width=\"496\" height=\"330\" loading=\"lazy\" data-original-width=\"496\" data-original-height=\"330\" itemprop=\"http:\/\/schema.org\/image\" title=\"Gaziantep \u015fehidi t\u00f6renle memleketine u\u011furland\u0131\" alt=\"Gaziantep \u015fehidi t\u00f6renle memleketine u\u011furland\u0131\" style=\"width: 496px; height: 330px;\" \/> <\/a> <\/div> <\/div> <!-- close group --> <\/div> <!-- close row --> <\/div><\/p>\n","protected":false},"excerpt":{"rendered":"<p>GAZ\u0130ANTEP\u2019TE G\u00d6REVDEYKEN GE\u00c7\u0130RD\u0130\u011e\u0130 TRAF\u0130K KAZASINDA \u015eEH\u0130T OLAN 27 YA\u015eINDAK\u0130 POL\u0130S MEMURU YUSUF \u00c7EL\u0130K&#8217;\u0130N CENAZES\u0130 D\u00dcZENLENEN T\u00d6RENLE MEMLEKET\u0130 YOZGAT\u2019A U\u011eURLANDI.<\/p>\n","protected":false},"author":1,"featured_media":15965,"comment_status":"closed","ping_status":"open","sticky":false,"template":"","format":"standard","meta":{"jetpack_post_was_ever_published":false,"_jetpack_newsletter_access":"","_jetpack_dont_email_post_to_subs":false,"_jetpack_newsletter_tier_id":0,"_jetpack_memberships_contains_paywalled_content":false,"_jetpack_memberships_contains_paid_content":false,"footnotes":"","jetpack_publicize_message":"","jetpack_publicize_feature_enabled":true,"jetpack_social_post_already_shared":false,"jetpack_social_options":{"image_generator_settings":{"template":"highway","default_image_id":0,"font":"","enabled":false},"version":2}},"categories":[655],"tags":[372,7668,5327,7667,2516],"class_list":["post-15964","post","type-post","status-publish","format-standard","has-post-thumbnail","hentry","category-son-dakika","tag-gaziantep","tag-memleketine","tag-sehidi","tag-torenle","tag-ugurlandi"],"jetpack_publicize_connections":[],"jetpack_featured_media_url":"https:\/\/i0.wp.com\/www.tvturk.com\/wp-content\/uploads\/2019\/02\/gaziantep-sehidi-torenle-memleketine-ugurlandi_5925884.jpg?fit=1000%2C666","jetpack_sharing_enabled":true,"jetpack_shortlink":"https:\/\/wp.me\/paKIfm-49u","_links":{"self":[{"href":"http:\/\/www.tvturk.com\/index.php\/wp-json\/wp\/v2\/posts\/15964","targetHints":{"allow":["GET"]}}],"collection":[{"href":"http:\/\/www.tvturk.com\/index.php\/wp-json\/wp\/v2\/posts"}],"about":[{"href":"http:\/\/www.tvturk.com\/index.php\/wp-json\/wp\/v2\/types\/post"}],"author":[{"embeddable":true,"href":"http:\/\/www.tvturk.com\/index.php\/wp-json\/wp\/v2\/users\/1"}],"replies":[{"embeddable":true,"href":"http:\/\/www.tvturk.com\/index.php\/wp-json\/wp\/v2\/comments?post=15964"}],"version-history":[{"count":1,"href":"http:\/\/www.tvturk.com\/index.php\/wp-json\/wp\/v2\/posts\/15964\/revisions"}],"predecessor-version":[{"id":15970,"href":"http:\/\/www.tvturk.com\/index.php\/wp-json\/wp\/v2\/posts\/15964\/revisions\/15970"}],"wp:featuredmedia":[{"embeddable":true,"href":"http:\/\/www.tvturk.com\/index.php\/wp-json\/wp\/v2\/media\/15965"}],"wp:attachment":[{"href":"http:\/\/www.tvturk.com\/index.php\/wp-json\/wp\/v2\/media?parent=15964"}],"wp:term":[{"taxonomy":"category","embeddable":true,"href":"http:\/\/www.tvturk.com\/index.php\/wp-json\/wp\/v2\/categories?post=15964"},{"taxonomy":"post_tag","embeddable":true,"href":"http:\/\/www.tvturk.com\/index.php\/wp-json\/wp\/v2\/tags?post=15964"}],"curies":[{"name":"wp","href":"https:\/\/api.w.org\/{rel}","templated":true}]}}