{"id":15978,"date":"2019-02-09T15:54:50","date_gmt":"2019-02-09T12:54:50","guid":{"rendered":"http:\/\/www.tvturk.com\/index.php\/milletvekili-toprakin-adiyaman-temaslari\/"},"modified":"2019-02-09T15:54:52","modified_gmt":"2019-02-09T12:54:52","slug":"milletvekili-toprakin-adiyaman-temaslari","status":"publish","type":"post","link":"http:\/\/www.tvturk.com\/index.php\/milletvekili-toprakin-adiyaman-temaslari\/","title":{"rendered":"Milletvekili Toprak\u2019\u0131n Ad\u0131yaman temaslar\u0131"},"content":{"rendered":"<p>Yerel se\u00e7im \u00e7al\u0131\u015fmalar\u0131 kapsam\u0131nda Ad\u0131yaman\u2019a gelen AK Parti Ad\u0131yaman Milletvekili Muhammed Fatih Toprak, Ad\u0131yaman ve il\u00e7elerinde bir dizi ziyaretlerde bulundu.<\/p>\n<p>Ad\u0131yaman \u0130l Ba\u015fkanl\u0131\u011f\u0131\u2019n\u0131n d\u00fczenledi\u011fi Y\u00fcr\u00fctme Kurulu toplant\u0131s\u0131na kat\u0131lan Milletvekili Muhammed Fatih Toprak, beraberinde 26. D\u00f6nem \u0130stanbul Milletvekili Metin K\u00fcl\u00fcnk, \u0130l Ba\u015fkan\u0131 Mehmet Da\u011ftekin, Merkez \u0130l\u00e7e Te\u015fkilat Ba\u015fkan\u0131 Mustafa Alkay\u0131\u015f ve Ad\u0131yaman Belediye Ba\u015fkan Aday\u0131 S\u00fcleyman K\u0131l\u0131n\u00e7 ile birlikte Ad\u0131yaman\u2019da esnaf ziyareti ger\u00e7ekle\u015ftirdi.<\/p>\n<p>Buradan Kahta Organize Sanayi B\u00f6lgesine ge\u00e7en Milletvekili Toprak, fabrikalar\u0131 gezdi. Ard\u0131ndan AK Parti Kahta \u0130l\u00e7e Te\u015fkilat\u0131 taraf\u0131ndan d\u00fczenlenen yerel se\u00e7im de\u011ferlendirme toplant\u0131s\u0131na da kat\u0131lan Toprak, burada a\u00e7\u0131klamalarda bulundu.<\/p>\n<p>Parti binas\u0131nda ger\u00e7ekle\u015fen toplant\u0131da konu\u015fan Toprak,  AK Parti\u2019nin 16 y\u0131l i\u00e7erisinde Recep Tayyip Erdo\u011fan\u2019\u0131n liderli\u011finde zorluklar\u0131 a\u015fa a\u015fa bug\u00fcnlere geldi\u011fini an\u0131msatt\u0131.<\/p>\n<p>Milletvekili Toprak, \u201cBu bir hizmet yar\u0131\u015f\u0131d\u0131r. Bu Cumhurba\u015fkan\u0131m\u0131z\u0131n \u2018Art\u0131k T\u00fcrkiye\u2019de hi\u00e7bir \u015fey eskisi gibi olmayacak\u2019 diyerek ba\u015flatt\u0131\u011f\u0131 ve g\u00fcn\u00fcm\u00fcze kadar ta\u015f\u0131d\u0131\u011f\u0131 bir davad\u0131r. Bir vatan sevdas\u0131d\u0131r. Cumhurba\u015fkan\u0131m\u0131z, olu\u015fturdu\u011fu kadro ve milletimizin tevecc\u00fch\u00fc ile birlikte davam\u0131z\u0131 bug\u00fcnlere kadar ula\u015ft\u0131rm\u0131\u015ft\u0131r. Allah\u2019a sonsuz \u015f\u00fck\u00fcrler olsun. AK Parti bu 16 y\u0131l i\u00e7erisinde Recep Tayyip Erdo\u011fan\u2019\u0131n liderli\u011finde zorluklar\u0131 a\u015fa a\u015fa bug\u00fcnlere geldi. Hat\u0131rlayal\u0131m, Darbe giri\u015fimleri, Balyoz, Ergenekon, e-muht\u0131ra, cumhurba\u015fkanl\u0131\u011f\u0131 se\u00e7iminin engellenmesi, AK Parti\u2019nin kapat\u0131lmaya \u00e7al\u0131\u015f\u0131lmas\u0131, 17-25 Aral\u0131k darbe giri\u015fimi, yarg\u0131 darbe giri\u015fimi, Gezi olaylar\u0131, 15 Temmuz al\u00e7ak FET\u00d6 darbe giri\u015fimi. B\u00fct\u00fcn bu kumpaslardan, b\u00fct\u00fcn bu engellerden Cumhurba\u015fkan\u0131m\u0131z\u0131n liderli\u011finde aln\u0131m\u0131z ak\u0131yla \u00e7\u0131kt\u0131k. Tabi bunda en b\u00fcy\u00fck g\u00fcvencemiz, g\u00fcc\u00fcm\u00fcz, en b\u00fcy\u00fck kayna\u011f\u0131m\u0131z milletimiz olmu\u015ftur\u201d dedi.<div class=\"tiled-gallery type-rectangular tiled-gallery-unresized\" data-original-width=\"500\" data-carousel-extra='null' itemscope itemtype=\"http:\/\/schema.org\/ImageGallery\" > <div class=\"gallery-row\" style=\"width: 500px; height: 142px;\" data-original-width=\"500\" data-original-height=\"142\" > <div class=\"gallery-group images-1\" style=\"width: 250px; height: 142px;\" data-original-width=\"250\" data-original-height=\"142\" > <div class=\"tiled-gallery-item tiled-gallery-item-small\" itemprop=\"associatedMedia\" itemscope itemtype=\"http:\/\/schema.org\/ImageObject\"> <a href=\"http:\/\/www.tvturk.com\/index.php\/milletvekili-toprakin-adiyaman-temaslari\/milletvekili-toprakin-adiyaman-temaslari-3\/\" border=\"0\" itemprop=\"url\"> <meta itemprop=\"width\" content=\"246\"> <meta itemprop=\"height\" content=\"138\"> <img decoding=\"async\" class=\"\" data-attachment-id=\"15980\" data-orig-file=\"http:\/\/www.tvturk.com\/wp-content\/uploads\/2019\/02\/milletvekili-toprakin-adiyaman-temaslari_ea18f00.jpg\" data-orig-size=\"960,540\" data-comments-opened=\"\" data-image-meta=\"{&quot;aperture&quot;:&quot;0&quot;,&quot;credit&quot;:&quot;IHA&quot;,&quot;camera&quot;:&quot;&quot;,&quot;caption&quot;:&quot;YEREL SE\\u00c7\\u0130M \\u00c7ALI\\u015eMALARI KAPSAMINDA ADIYAMAN\\u2019A GELEN AK PART\\u0130 ADIYAMAN M\\u0130LLETVEK\\u0130L\\u0130 MUHAMMED FAT\\u0130H TOPRAK, ADIYAMAN VE \\u0130L\\u00c7ELER\\u0130NDE B\\u0130R D\\u0130Z\\u0130 Z\\u0130YARETLERDE BULUNDU. (AHMET ARSLANTA\\u015e\\\/ADIYAMAN-\\u0130HA)&quot;,&quot;created_timestamp&quot;:&quot;0&quot;,&quot;copyright&quot;:&quot;\\u0130HLAS HABER AJANSI, www.iha.com.tr&quot;,&quot;focal_length&quot;:&quot;0&quot;,&quot;iso&quot;:&quot;0&quot;,&quot;shutter_speed&quot;:&quot;0&quot;,&quot;title&quot;:&quot;M\\u0130LLETVEK\\u0130L\\u0130 TOPRAK\\u2019IN ADIYAMAN TEMASLARI&quot;,&quot;orientation&quot;:&quot;0&quot;}\" data-image-title=\"Milletvekili Toprak\u2019\u0131n Ad\u0131yaman temaslar\u0131\" data-image-description=\"&lt;p&gt;Milletvekili Toprak\u2019\u0131n Ad\u0131yaman temaslar\u0131&lt;\/p&gt; \" data-medium-file=\"https:\/\/i0.wp.com\/www.tvturk.com\/wp-content\/uploads\/2019\/02\/milletvekili-toprakin-adiyaman-temaslari_ea18f00.jpg?fit=300%2C169\" data-large-file=\"https:\/\/i0.wp.com\/www.tvturk.com\/wp-content\/uploads\/2019\/02\/milletvekili-toprakin-adiyaman-temaslari_ea18f00.jpg?fit=960%2C540\" src=\"https:\/\/i0.wp.com\/www.tvturk.com\/wp-content\/uploads\/2019\/02\/milletvekili-toprakin-adiyaman-temaslari_ea18f00.jpg?w=246&#038;h=138\" srcset=\"https:\/\/i0.wp.com\/www.tvturk.com\/wp-content\/uploads\/2019\/02\/milletvekili-toprakin-adiyaman-temaslari_ea18f00.jpg?w=960 960w, https:\/\/i0.wp.com\/www.tvturk.com\/wp-content\/uploads\/2019\/02\/milletvekili-toprakin-adiyaman-temaslari_ea18f00.jpg?resize=150%2C84 150w, https:\/\/i0.wp.com\/www.tvturk.com\/wp-content\/uploads\/2019\/02\/milletvekili-toprakin-adiyaman-temaslari_ea18f00.jpg?resize=300%2C169 300w, https:\/\/i0.wp.com\/www.tvturk.com\/wp-content\/uploads\/2019\/02\/milletvekili-toprakin-adiyaman-temaslari_ea18f00.jpg?resize=768%2C432 768w, https:\/\/i0.wp.com\/www.tvturk.com\/wp-content\/uploads\/2019\/02\/milletvekili-toprakin-adiyaman-temaslari_ea18f00.jpg?resize=200%2C113 200w\" width=\"246\" height=\"138\" loading=\"lazy\" data-original-width=\"246\" data-original-height=\"138\" itemprop=\"http:\/\/schema.org\/image\" title=\"Milletvekili Toprak\u2019\u0131n Ad\u0131yaman temaslar\u0131\" alt=\"Milletvekili Toprak\u2019\u0131n Ad\u0131yaman temaslar\u0131\" style=\"width: 246px; height: 138px;\" \/> <\/a> <\/div> <\/div> <!-- close group --> <div class=\"gallery-group images-1\" style=\"width: 250px; height: 142px;\" data-original-width=\"250\" data-original-height=\"142\" > <div class=\"tiled-gallery-item tiled-gallery-item-small\" itemprop=\"associatedMedia\" itemscope itemtype=\"http:\/\/schema.org\/ImageObject\"> <a href=\"http:\/\/www.tvturk.com\/index.php\/milletvekili-toprakin-adiyaman-temaslari\/milletvekili-toprakin-adiyaman-temaslari-4\/\" border=\"0\" itemprop=\"url\"> <meta itemprop=\"width\" content=\"246\"> <meta itemprop=\"height\" content=\"138\"> <img decoding=\"async\" class=\"\" data-attachment-id=\"15981\" data-orig-file=\"http:\/\/www.tvturk.com\/wp-content\/uploads\/2019\/02\/milletvekili-toprakin-adiyaman-temaslari_fd5c927.jpg\" data-orig-size=\"960,540\" data-comments-opened=\"\" data-image-meta=\"{&quot;aperture&quot;:&quot;0&quot;,&quot;credit&quot;:&quot;IHA&quot;,&quot;camera&quot;:&quot;&quot;,&quot;caption&quot;:&quot;YEREL SE\\u00c7\\u0130M \\u00c7ALI\\u015eMALARI KAPSAMINDA ADIYAMAN\\u2019A GELEN AK PART\\u0130 ADIYAMAN M\\u0130LLETVEK\\u0130L\\u0130 MUHAMMED FAT\\u0130H TOPRAK, ADIYAMAN VE \\u0130L\\u00c7ELER\\u0130NDE B\\u0130R D\\u0130Z\\u0130 Z\\u0130YARETLERDE BULUNDU. (AHMET ARSLANTA\\u015e\\\/ADIYAMAN-\\u0130HA)&quot;,&quot;created_timestamp&quot;:&quot;0&quot;,&quot;copyright&quot;:&quot;\\u0130HLAS HABER AJANSI, www.iha.com.tr&quot;,&quot;focal_length&quot;:&quot;0&quot;,&quot;iso&quot;:&quot;0&quot;,&quot;shutter_speed&quot;:&quot;0&quot;,&quot;title&quot;:&quot;M\\u0130LLETVEK\\u0130L\\u0130 TOPRAK\\u2019IN ADIYAMAN TEMASLARI&quot;,&quot;orientation&quot;:&quot;0&quot;}\" data-image-title=\"Milletvekili Toprak\u2019\u0131n Ad\u0131yaman temaslar\u0131\" data-image-description=\"&lt;p&gt;Milletvekili Toprak\u2019\u0131n Ad\u0131yaman temaslar\u0131&lt;\/p&gt; \" data-medium-file=\"https:\/\/i0.wp.com\/www.tvturk.com\/wp-content\/uploads\/2019\/02\/milletvekili-toprakin-adiyaman-temaslari_fd5c927.jpg?fit=300%2C169\" data-large-file=\"https:\/\/i0.wp.com\/www.tvturk.com\/wp-content\/uploads\/2019\/02\/milletvekili-toprakin-adiyaman-temaslari_fd5c927.jpg?fit=960%2C540\" src=\"https:\/\/i0.wp.com\/www.tvturk.com\/wp-content\/uploads\/2019\/02\/milletvekili-toprakin-adiyaman-temaslari_fd5c927.jpg?w=246&#038;h=138\" srcset=\"https:\/\/i0.wp.com\/www.tvturk.com\/wp-content\/uploads\/2019\/02\/milletvekili-toprakin-adiyaman-temaslari_fd5c927.jpg?w=960 960w, https:\/\/i0.wp.com\/www.tvturk.com\/wp-content\/uploads\/2019\/02\/milletvekili-toprakin-adiyaman-temaslari_fd5c927.jpg?resize=150%2C84 150w, https:\/\/i0.wp.com\/www.tvturk.com\/wp-content\/uploads\/2019\/02\/milletvekili-toprakin-adiyaman-temaslari_fd5c927.jpg?resize=300%2C169 300w, https:\/\/i0.wp.com\/www.tvturk.com\/wp-content\/uploads\/2019\/02\/milletvekili-toprakin-adiyaman-temaslari_fd5c927.jpg?resize=768%2C432 768w, https:\/\/i0.wp.com\/www.tvturk.com\/wp-content\/uploads\/2019\/02\/milletvekili-toprakin-adiyaman-temaslari_fd5c927.jpg?resize=200%2C113 200w\" width=\"246\" height=\"138\" loading=\"lazy\" data-original-width=\"246\" data-original-height=\"138\" itemprop=\"http:\/\/schema.org\/image\" title=\"Milletvekili Toprak\u2019\u0131n Ad\u0131yaman temaslar\u0131\" alt=\"Milletvekili Toprak\u2019\u0131n Ad\u0131yaman temaslar\u0131\" style=\"width: 246px; height: 138px;\" \/> <\/a> <\/div> <\/div> <!-- close group --> <\/div> <!-- close row --> <\/div><\/p>\n","protected":false},"excerpt":{"rendered":"<p>YEREL SE\u00c7\u0130M \u00c7ALI\u015eMALARI KAPSAMINDA ADIYAMAN\u2019A GELEN AK PART\u0130 ADIYAMAN M\u0130LLETVEK\u0130L\u0130 MUHAMMED FAT\u0130H TOPRAK, ADIYAMAN VE \u0130L\u00c7ELER\u0130NDE B\u0130R D\u0130Z\u0130 Z\u0130YARETLERDE BULUNDU.<\/p>\n","protected":false},"author":1,"featured_media":15979,"comment_status":"closed","ping_status":"open","sticky":false,"template":"","format":"standard","meta":{"jetpack_post_was_ever_published":false,"_jetpack_newsletter_access":"","_jetpack_dont_email_post_to_subs":false,"_jetpack_newsletter_tier_id":0,"_jetpack_memberships_contains_paywalled_content":false,"_jetpack_memberships_contains_paid_content":false,"footnotes":"","jetpack_publicize_message":"","jetpack_publicize_feature_enabled":true,"jetpack_social_post_already_shared":false,"jetpack_social_options":{"image_generator_settings":{"template":"highway","default_image_id":0,"font":"","enabled":false},"version":2}},"categories":[655],"tags":[5123,542,5862,7673],"class_list":["post-15978","post","type-post","status-publish","format-standard","has-post-thumbnail","hentry","category-son-dakika","tag-adiyaman","tag-milletvekili","tag-temaslari","tag-toprakin"],"jetpack_publicize_connections":[],"jetpack_featured_media_url":"https:\/\/i0.wp.com\/www.tvturk.com\/wp-content\/uploads\/2019\/02\/milletvekili-toprakin-adiyaman-temaslari_dcc36a0.jpg?fit=960%2C620","jetpack_sharing_enabled":true,"jetpack_shortlink":"https:\/\/wp.me\/paKIfm-49I","_links":{"self":[{"href":"http:\/\/www.tvturk.com\/index.php\/wp-json\/wp\/v2\/posts\/15978","targetHints":{"allow":["GET"]}}],"collection":[{"href":"http:\/\/www.tvturk.com\/index.php\/wp-json\/wp\/v2\/posts"}],"about":[{"href":"http:\/\/www.tvturk.com\/index.php\/wp-json\/wp\/v2\/types\/post"}],"author":[{"embeddable":true,"href":"http:\/\/www.tvturk.com\/index.php\/wp-json\/wp\/v2\/users\/1"}],"replies":[{"embeddable":true,"href":"http:\/\/www.tvturk.com\/index.php\/wp-json\/wp\/v2\/comments?post=15978"}],"version-history":[{"count":1,"href":"http:\/\/www.tvturk.com\/index.php\/wp-json\/wp\/v2\/posts\/15978\/revisions"}],"predecessor-version":[{"id":15982,"href":"http:\/\/www.tvturk.com\/index.php\/wp-json\/wp\/v2\/posts\/15978\/revisions\/15982"}],"wp:featuredmedia":[{"embeddable":true,"href":"http:\/\/www.tvturk.com\/index.php\/wp-json\/wp\/v2\/media\/15979"}],"wp:attachment":[{"href":"http:\/\/www.tvturk.com\/index.php\/wp-json\/wp\/v2\/media?parent=15978"}],"wp:term":[{"taxonomy":"category","embeddable":true,"href":"http:\/\/www.tvturk.com\/index.php\/wp-json\/wp\/v2\/categories?post=15978"},{"taxonomy":"post_tag","embeddable":true,"href":"http:\/\/www.tvturk.com\/index.php\/wp-json\/wp\/v2\/tags?post=15978"}],"curies":[{"name":"wp","href":"https:\/\/api.w.org\/{rel}","templated":true}]}}