{"id":159795,"date":"2019-05-20T21:24:24","date_gmt":"2019-05-20T18:24:24","guid":{"rendered":"http:\/\/www.tvturk.com\/index.php\/dunya-yetimler-gununde-yetimler-bir-araya-geldi\/"},"modified":"2019-05-20T21:24:24","modified_gmt":"2019-05-20T18:24:24","slug":"dunya-yetimler-gununde-yetimler-bir-araya-geldi","status":"publish","type":"post","link":"http:\/\/www.tvturk.com\/index.php\/dunya-yetimler-gununde-yetimler-bir-araya-geldi\/","title":{"rendered":"\u2018D\u00fcnya Yetimler G\u00fcn\u00fc\u2019nde yetimler bir araya geldi"},"content":{"rendered":"<p>\u0130HH \u0130nsani Yard\u0131m Vakf\u0131, &#8220;D\u00fcnya Yetimler G\u00fcn\u00fc&#8221; dolay\u0131s\u0131yla kentte ya\u015fayan 650 Suriyeli yetim \u00e7ocu\u011fu ve ailelerine iftar verdi.<\/p>\n<p>\u0130HH Kilis Koordinasyon Merkezince bir d\u00fc\u011f\u00fcn salonunda d\u00fczenlenen iftar program\u0131na, yetim \u00e7ocuklar ve ailelerinin yan\u0131 s\u0131ra \u00e7ok say\u0131da vatanda\u015f kat\u0131ld\u0131. Ezan\u0131n okunmas\u0131yla oru\u00e7lar\u0131n\u0131 a\u00e7an yetim \u00e7ocuklar, iftar\u0131n ard\u0131ndan oyunlar oynay\u0131p, g\u00f6n\u00fcllerince e\u011flendi. \u0130HH \u0130stanbul Kad\u0131n Kollar\u0131 Koordinat\u00f6r\u00fc M\u00fczeyyen Ta\u015f\u00e7\u0131, \u201cBu \u00f6zel g\u00fcnde yetimlerimizle bulu\u015fmak i\u00e7in \u0130stanbul\u2019dan yola \u00e7\u0131kt\u0131k. Bundan dolay\u0131 \u00e7ok mutluyuz\u201d dedi. Ta\u015f\u00e7\u0131, \u201dYery\u00fcz\u00fcnde bulunan t\u00fcm M\u00fcsl\u00fcmanlar i\u00e7in yetim \u00e7ok \u00f6nemlidir. \u00c7\u00fcnk\u00fc Allah Resul\u00fc, \u2019Kim bir yetimi himaye ederse Cennette yan yana olaca\u011f\u0131z\u2019 diye buyurmu\u015ftur. Bu sebeple d\u00fcnyadaki t\u00fcm yetimler bizim gelece\u011fimiz, insanl\u0131\u011f\u0131n gelece\u011fidir. Biz inan\u0131yoruz ki yetim g\u00fclerse b\u00fct\u00fcn d\u00fcnya g\u00fcler\u201d ifadesini kulland\u0131.<\/p>\n<p>Etkinlikte, minikler Kur\u2019an-\u0131 Kerim okudu. Kat\u0131l\u0131mc\u0131lar bu s\u0131rada duygusal anlar ya\u015fad\u0131.<\/p>\n","protected":false},"excerpt":{"rendered":"<p>\u0130HH \u0130NSAN\u0130 YARDIM VAKFI, &#8220;D\u00dcNYA YET\u0130MLER G\u00dcN\u00dc&#8221; DOLAYISIYLA KENTTE YA\u015eAYAN 650 SUR\u0130YEL\u0130 YET\u0130M \u00c7OCU\u011eU VE A\u0130LELER\u0130NE \u0130FTAR VERD\u0130.<\/p>\n","protected":false},"author":1,"featured_media":159796,"comment_status":"closed","ping_status":"open","sticky":false,"template":"","format":"standard","meta":{"jetpack_post_was_ever_published":false,"_jetpack_newsletter_access":"","_jetpack_dont_email_post_to_subs":false,"_jetpack_newsletter_tier_id":0,"_jetpack_memberships_contains_paywalled_content":false,"_jetpack_memberships_contains_paid_content":false,"footnotes":"","jetpack_publicize_message":"","jetpack_publicize_feature_enabled":true,"jetpack_social_post_already_shared":true,"jetpack_social_options":{"image_generator_settings":{"template":"highway","default_image_id":0,"font":"","enabled":false},"version":2}},"categories":[1],"tags":[349,126,125,127,2246,37351],"class_list":["post-159795","post","type-post","status-publish","format-standard","has-post-thumbnail","hentry","category-genel","tag-dunya","tag-araya","tag-bir","tag-geldi","tag-gununde","tag-yetimler"],"jetpack_publicize_connections":[],"jetpack_featured_media_url":"https:\/\/i0.wp.com\/www.tvturk.com\/wp-content\/uploads\/2019\/05\/dunya-yetimler-gununde-yetimler-bir-araya-geldi_e3d38a8.jpg?fit=1000%2C666","jetpack_sharing_enabled":true,"jetpack_shortlink":"https:\/\/wp.me\/paKIfm-Fzl","_links":{"self":[{"href":"http:\/\/www.tvturk.com\/index.php\/wp-json\/wp\/v2\/posts\/159795","targetHints":{"allow":["GET"]}}],"collection":[{"href":"http:\/\/www.tvturk.com\/index.php\/wp-json\/wp\/v2\/posts"}],"about":[{"href":"http:\/\/www.tvturk.com\/index.php\/wp-json\/wp\/v2\/types\/post"}],"author":[{"embeddable":true,"href":"http:\/\/www.tvturk.com\/index.php\/wp-json\/wp\/v2\/users\/1"}],"replies":[{"embeddable":true,"href":"http:\/\/www.tvturk.com\/index.php\/wp-json\/wp\/v2\/comments?post=159795"}],"version-history":[{"count":0,"href":"http:\/\/www.tvturk.com\/index.php\/wp-json\/wp\/v2\/posts\/159795\/revisions"}],"wp:featuredmedia":[{"embeddable":true,"href":"http:\/\/www.tvturk.com\/index.php\/wp-json\/wp\/v2\/media\/159796"}],"wp:attachment":[{"href":"http:\/\/www.tvturk.com\/index.php\/wp-json\/wp\/v2\/media?parent=159795"}],"wp:term":[{"taxonomy":"category","embeddable":true,"href":"http:\/\/www.tvturk.com\/index.php\/wp-json\/wp\/v2\/categories?post=159795"},{"taxonomy":"post_tag","embeddable":true,"href":"http:\/\/www.tvturk.com\/index.php\/wp-json\/wp\/v2\/tags?post=159795"}],"curies":[{"name":"wp","href":"https:\/\/api.w.org\/{rel}","templated":true}]}}