{"id":159839,"date":"2019-05-21T09:11:52","date_gmt":"2019-05-21T06:11:52","guid":{"rendered":"http:\/\/www.tvturk.com\/index.php\/goyne-barajinin-su-seviyesi-yuzde-96ya-yukseldi\/"},"modified":"2019-05-28T08:45:46","modified_gmt":"2019-05-28T05:45:46","slug":"goyne-barajinin-su-seviyesi-yuzde-96ya-yukseldi","status":"publish","type":"post","link":"http:\/\/www.tvturk.com\/index.php\/goyne-barajinin-su-seviyesi-yuzde-96ya-yukseldi\/","title":{"rendered":"ERZ\u0130NCAN \u0130\u00c7\u0130N G\u00dcZEL HABER: G\u00d6YNE BARAJI&#8217;NDA SU SEV\u0130YES\u0130 Y\u00dcZDE 96"},"content":{"rendered":"<p>Doluluk oran\u0131nda y\u00fczde 96\u2019l\u0131k rakamla y\u0131l\u0131n rekorunu k\u0131ran Erzincan\u2019daki G\u00f6yne Baraj\u0131\u2019n\u0131n su seviyesi havadan g\u00f6r\u00fcnt\u00fclendi.<\/p>\n<p>Erzincan\u2019da sulama suyunun b\u00fcy\u00fck bir k\u0131sm\u0131n\u0131 kar\u015f\u0131layan G\u00f6yne Baraj\u0131\u2019nda su seviyesi y\u00fczde 96\u2019ya y\u00fckseldi.<\/p>\n<p>G\u00f6yne Baraj\u0131\u2019nda, karlar\u0131n erimesi ve akarsular\u0131n dolmas\u0131 ile birlikte su seviyesi y\u00fckseldi. Ta\u015fan barajda su oran\u0131 y\u00fczde 96\u2019ya \u00e7\u0131kt\u0131. Baraj\u0131n su seviyesi havadan g\u00f6r\u00fcnt\u00fclendi.<\/p>\n<p>K\u0131y\u0131 kenar\u0131ndaki a\u011fa\u00e7lar\u0131n su alt\u0131nda kald\u0131\u011f\u0131 G\u00f6yne Baraj\u0131\u2019n\u0131 g\u00f6rmek i\u00e7in gelen vatanda\u015flar, \u201cBu sene su seviyesi olduk\u00e7a artm\u0131\u015f. Erzincan ovas\u0131 bu yaz susuz kalmayacak\u201d dedi.<\/p>\n","protected":false},"excerpt":{"rendered":"<p>ERZ\u0130NCAN\u2019DA SULAMA SUYUNUN B\u00dcY\u00dcK B\u0130R KISMINI KAR\u015eILAYAN G\u00d6YNE BARAJI&#8217;NDA SU SEV\u0130YES\u0130 Y\u00dcZDE 96&#8217;YA Y\u00dcKSELD\u0130<\/p>\n","protected":false},"author":2,"featured_media":159840,"comment_status":"closed","ping_status":"open","sticky":false,"template":"","format":"standard","meta":{"jetpack_post_was_ever_published":false,"_jetpack_newsletter_access":"","_jetpack_dont_email_post_to_subs":false,"_jetpack_newsletter_tier_id":0,"_jetpack_memberships_contains_paywalled_content":false,"_jetpack_memberships_contains_paid_content":false,"footnotes":"","jetpack_publicize_message":"","jetpack_publicize_feature_enabled":true,"jetpack_social_post_already_shared":true,"jetpack_social_options":{"image_generator_settings":{"template":"highway","default_image_id":0,"font":"","enabled":false},"version":2}},"categories":[1],"tags":[37368,37367,37366,1679,1681,3480],"class_list":["post-159839","post","type-post","status-publish","format-standard","has-post-thumbnail","hentry","category-genel","tag-96ya","tag-barajinin","tag-goyne","tag-seviyesi","tag-yukseldi","tag-yuzde"],"jetpack_publicize_connections":[],"jetpack_featured_media_url":"https:\/\/i0.wp.com\/www.tvturk.com\/wp-content\/uploads\/2019\/05\/goyne-barajinin-su-seviyesi-yuzde-96ya-yukseldi_0ca3bc2.jpg?fit=1000%2C562","jetpack_sharing_enabled":true,"jetpack_shortlink":"https:\/\/wp.me\/paKIfm-FA3","_links":{"self":[{"href":"http:\/\/www.tvturk.com\/index.php\/wp-json\/wp\/v2\/posts\/159839","targetHints":{"allow":["GET"]}}],"collection":[{"href":"http:\/\/www.tvturk.com\/index.php\/wp-json\/wp\/v2\/posts"}],"about":[{"href":"http:\/\/www.tvturk.com\/index.php\/wp-json\/wp\/v2\/types\/post"}],"author":[{"embeddable":true,"href":"http:\/\/www.tvturk.com\/index.php\/wp-json\/wp\/v2\/users\/2"}],"replies":[{"embeddable":true,"href":"http:\/\/www.tvturk.com\/index.php\/wp-json\/wp\/v2\/comments?post=159839"}],"version-history":[{"count":1,"href":"http:\/\/www.tvturk.com\/index.php\/wp-json\/wp\/v2\/posts\/159839\/revisions"}],"predecessor-version":[{"id":159843,"href":"http:\/\/www.tvturk.com\/index.php\/wp-json\/wp\/v2\/posts\/159839\/revisions\/159843"}],"wp:featuredmedia":[{"embeddable":true,"href":"http:\/\/www.tvturk.com\/index.php\/wp-json\/wp\/v2\/media\/159840"}],"wp:attachment":[{"href":"http:\/\/www.tvturk.com\/index.php\/wp-json\/wp\/v2\/media?parent=159839"}],"wp:term":[{"taxonomy":"category","embeddable":true,"href":"http:\/\/www.tvturk.com\/index.php\/wp-json\/wp\/v2\/categories?post=159839"},{"taxonomy":"post_tag","embeddable":true,"href":"http:\/\/www.tvturk.com\/index.php\/wp-json\/wp\/v2\/tags?post=159839"}],"curies":[{"name":"wp","href":"https:\/\/api.w.org\/{rel}","templated":true}]}}