{"id":159893,"date":"2019-05-21T10:18:23","date_gmt":"2019-05-21T07:18:23","guid":{"rendered":"http:\/\/www.tvturk.com\/index.php\/genc-kadinlar-gures-milli-takimi-yalovada-kampa-girdi\/"},"modified":"2019-05-21T10:18:23","modified_gmt":"2019-05-21T07:18:23","slug":"genc-kadinlar-gures-milli-takimi-yalovada-kampa-girdi","status":"publish","type":"post","link":"http:\/\/www.tvturk.com\/index.php\/genc-kadinlar-gures-milli-takimi-yalovada-kampa-girdi\/","title":{"rendered":"Gen\u00e7 Kad\u0131nlar G\u00fcre\u015f Milli Tak\u0131m\u0131 Yalova\u2019da kampa-girdi"},"content":{"rendered":"<p>\u0130spanya\u2019da 3-7 Haziran 2019 tarihleri aras\u0131nda ger\u00e7ekle\u015ftirilecek Avrupa Gen\u00e7ler G\u00fcre\u015f \u015eampiyonas\u0131 \u00f6ncesinde Gen\u00e7 Kad\u0131nlar G\u00fcre\u015f Milli Tak\u0131m\u0131 son haz\u0131rl\u0131k kamp\u0131na Yalova\u2019da ba\u015flad\u0131.<\/p>\n<p>Tam 21 sporcunun yer ald\u0131\u011f\u0131 kampta 25 May\u0131sta say\u0131 10\u2019a d\u00fc\u015fecek. T\u00fcrkiye Gen\u00e7 Kad\u0131nlar G\u00fcre\u015f Milli Tak\u0131m\u0131 Teknik Direkt\u00f6r\u00fc Murat Gen\u00e7t\u00fcrk, \u0130spanya\u2019da hedeflerinin ilk 3\u2019te yer almak oldu\u011funu s\u00f6yledi.  Milliler, 90. Y\u0131l Spor Salonu\u2019nda g\u00fcnde \u00e7ift antrenman yap\u0131yor. Gen\u00e7 Kad\u0131nlar G\u00fcre\u015f Milli Tak\u0131m\u0131\u2019n\u0131n teknik heyetinde Murat Gen\u00e7t\u00fcrk teknik direkt\u00f6rl\u00fck g\u00f6revini \u00fcstlenirken, Volkan Sultansuyu, \u0130rfan Karsl\u0131 ve Erdem Yi\u011fit de antren\u00f6r olarak yer al\u0131yorlar.<\/p>\n<p>Sporcu kafilesinde ise Alt\u0131nova Tersaneler Spor Kul\u00fcb\u00fc\u2019nden Semanur Kanl\u0131, Sinem K\u00f6ro\u011flu, \u00d6zge F\u0131nd\u0131k\u00e7\u0131, Elmas \u00c7elik, Sehernur Bulut, Mehtap G\u00fcltekin ve Beste Altu\u011f\u2019un yan\u0131 s\u0131ra Zehra Demirhan, Rahime Ar\u0131, Zeynep Yetgit, Elvira Kamalo\u011flu, Derya Bayhan, Nurife Duman, Gamzenur Adakan, Cansu Aksoy, \u015eule Kabak, Asl\u0131 Demir, Ya\u011fmur \u00c7akmak, Kadriye Aksoy, Merve Pul, Vahidenur G\u00f6k bulunuyor.<\/p>\n<p>\u201c\u0130spanya\u2019da ilk 3\u2019\u00fc hedefliyoruz\u201d<\/p>\n<p>S\u0131k\u0131 bir \u015fekilde \u00e7al\u0131\u015ft\u0131klar\u0131n\u0131 belirten T\u00fcrkiye Gen\u00e7 Kad\u0131nlar G\u00fcre\u015f Milli Tak\u0131m Teknik Direkt\u00f6r\u00fc Murat Gen\u00e7t\u00fcrk,&#8221;3-7 Haziran tarihleri aras\u0131nda \u0130spanya\u2019da yap\u0131lacak Gen\u00e7ler Avrupa G\u00fcre\u015f \u015eampiyonas\u0131\u2019nda \u00fclkemizi temsil edece\u011fiz. Bu \u015fampiyona i\u00e7in Yalova\u2019da kamp haz\u0131rl\u0131klar\u0131m\u0131z\u0131 ger\u00e7ekle\u015ftiriyoruz. Hedefimiz ilk 3\u2019e girmek. Bu \u015fampiyonada k\u00fcrs\u00fc yaparak tak\u0131m halinde yeni bir ba\u015far\u0131ya imza atmak istiyoruz\u201d \u015feklinde konu\u015ftu.<\/p>\n","protected":false},"excerpt":{"rendered":"<p>GEN\u00c7 KADINLAR G\u00dcRE\u015e M\u0130LL\u0130 TAKIMI YALOVA\u2019DA KAMPA G\u0130RD\u0130.<\/p>\n","protected":false},"author":1,"featured_media":159894,"comment_status":"closed","ping_status":"open","sticky":false,"template":"","format":"standard","meta":{"jetpack_post_was_ever_published":false,"_jetpack_newsletter_access":"","_jetpack_dont_email_post_to_subs":false,"_jetpack_newsletter_tier_id":0,"_jetpack_memberships_contains_paywalled_content":false,"_jetpack_memberships_contains_paid_content":false,"footnotes":"","jetpack_publicize_message":"","jetpack_publicize_feature_enabled":true,"jetpack_social_post_already_shared":true,"jetpack_social_options":{"image_generator_settings":{"template":"highway","default_image_id":0,"font":"","enabled":false},"version":2}},"categories":[657],"tags":[803,8355,3104,37382,429,1462,2352],"class_list":["post-159893","post","type-post","status-publish","format-standard","has-post-thumbnail","hentry","category-spor","tag-genc","tag-gures","tag-kadinlar","tag-kampa-girdi","tag-milli","tag-takimi","tag-yalovada"],"jetpack_publicize_connections":[],"jetpack_featured_media_url":"https:\/\/i0.wp.com\/www.tvturk.com\/wp-content\/uploads\/2019\/05\/genc-kadinlar-gures-milli-takimi-yalovada-kampa-girdi_c87f273.jpg?fit=1000%2C666","jetpack_sharing_enabled":true,"jetpack_shortlink":"https:\/\/wp.me\/paKIfm-FAV","_links":{"self":[{"href":"http:\/\/www.tvturk.com\/index.php\/wp-json\/wp\/v2\/posts\/159893","targetHints":{"allow":["GET"]}}],"collection":[{"href":"http:\/\/www.tvturk.com\/index.php\/wp-json\/wp\/v2\/posts"}],"about":[{"href":"http:\/\/www.tvturk.com\/index.php\/wp-json\/wp\/v2\/types\/post"}],"author":[{"embeddable":true,"href":"http:\/\/www.tvturk.com\/index.php\/wp-json\/wp\/v2\/users\/1"}],"replies":[{"embeddable":true,"href":"http:\/\/www.tvturk.com\/index.php\/wp-json\/wp\/v2\/comments?post=159893"}],"version-history":[{"count":0,"href":"http:\/\/www.tvturk.com\/index.php\/wp-json\/wp\/v2\/posts\/159893\/revisions"}],"wp:featuredmedia":[{"embeddable":true,"href":"http:\/\/www.tvturk.com\/index.php\/wp-json\/wp\/v2\/media\/159894"}],"wp:attachment":[{"href":"http:\/\/www.tvturk.com\/index.php\/wp-json\/wp\/v2\/media?parent=159893"}],"wp:term":[{"taxonomy":"category","embeddable":true,"href":"http:\/\/www.tvturk.com\/index.php\/wp-json\/wp\/v2\/categories?post=159893"},{"taxonomy":"post_tag","embeddable":true,"href":"http:\/\/www.tvturk.com\/index.php\/wp-json\/wp\/v2\/tags?post=159893"}],"curies":[{"name":"wp","href":"https:\/\/api.w.org\/{rel}","templated":true}]}}