{"id":159961,"date":"2019-05-21T11:17:24","date_gmt":"2019-05-21T08:17:24","guid":{"rendered":"http:\/\/www.tvturk.com\/index.php\/baskan-akgun-sizlerle-birlikte-basarmaya-devam-ediyorum\/"},"modified":"2019-05-21T11:17:24","modified_gmt":"2019-05-21T08:17:24","slug":"baskan-akgun-sizlerle-birlikte-basarmaya-devam-ediyorum","status":"publish","type":"post","link":"http:\/\/www.tvturk.com\/index.php\/baskan-akgun-sizlerle-birlikte-basarmaya-devam-ediyorum\/","title":{"rendered":"Ba\u015fkan Akg\u00fcn: &#8220;Sizlerle birlikte ba\u015farmaya devam ediyorum\u201d"},"content":{"rendered":"<p>B\u00fcy\u00fck\u00e7ekmece Belediye Ba\u015fkan\u0131 Hasan Akg\u00fcn, belediye personeli ve aileleriyle iftar sofras\u0131nda bir araya geldi. \u0130ftarda konu\u015fan Akg\u00fcn, &#8220;Sizlerle beraber \u00e7\u0131kt\u0131\u011f\u0131m bu yolda sizlerle birlikte ba\u015farmaya devam ediyorum\u201d ifadesini kulland\u0131.<\/p>\n<p>Belediye personeli i\u00e7in her y\u0131l geleneksel olarak iftar yeme\u011fi d\u00fczenleyen B\u00fcy\u00fck\u00e7ekmece Belediye Ba\u015fkan\u0131 Hasan Akg\u00fcn, &#8220;\u00c7al\u0131\u015fma arkada\u015flar\u0131m\u0131n her biri benim i\u00e7in \u00e7ok de\u011ferli. Uzun y\u0131llard\u0131r benimle birlikte omuz omuza \u00e7al\u0131\u015f\u0131yorsunuz. B\u00fcy\u00fck B\u00fcy\u00fck\u00e7ekmece aileme hizmet etmekten mutluluk duydu\u011funuzu biliyorum. Sizlerle beraber \u00e7\u0131kt\u0131\u011f\u0131m bu yolda sizlerle birlikte ba\u015farmaya devam ediyorum\u201d ifadesini kulland\u0131.<\/p>\n<p>\u201cT\u00fcm g\u00fczellikler bizimle olsun&#8221;<\/p>\n<p>iWorldPoint\u2019te d\u00fczenlenen iftar yeme\u011finde konu\u015fma yapan Ba\u015fkan Akg\u00fcn, s\u00f6zlerine \u015fu \u015fekilde devam etti:<\/p>\n<p>&#8220;K\u00fcsl\u00fcklerin bitti\u011fi, huzurun ve mutlulu\u011fun oldu\u011fu ayday\u0131z. Siz de\u011ferli hizmet ekibimin \u00e7al\u0131\u015fma temposunu her ge\u00e7en g\u00fcn daha da artt\u0131rd\u0131\u011f\u0131n\u0131 g\u00f6r\u00fcyorum. Sizlerle birlikte iftar sofras\u0131n\u0131 payla\u015fman\u0131n mutlulu\u011funu ya\u015f\u0131yorum. En kutsal varl\u0131k olan insana hizmet etmek ibadettir. Ramazan ay\u0131nda t\u00fcm g\u00fczellikler bizimle olsun\u201d dedi.<\/p>\n<p>Sanat\u00e7\u0131 Volkan Erk konser verdi<\/p>\n<p>Sanat\u00e7\u0131 Volkan Erk ve Hakan Erk karde\u015fler iftar yeme\u011fi sonras\u0131nda sahne alarak belediye personeline konser verdi. Ba\u015fkan Akg\u00fcn, sergiledikleri performanslardan \u00f6t\u00fcr\u00fc Erk karde\u015flere te\u015fekk\u00fcrlerini ileterek \u00e7i\u00e7ek takdim etti.<\/p>\n","protected":false},"excerpt":{"rendered":"<p>B\u00dcY\u00dcK\u00c7EKMECE BELED\u0130YE BA\u015eKANI HASAN AKG\u00dcN, BELED\u0130YE PERSONEL\u0130 VE A\u0130LELER\u0130YLE \u0130FTAR SOFRASINDA B\u0130R ARAYA GELD\u0130.<\/p>\n","protected":false},"author":1,"featured_media":159962,"comment_status":"closed","ping_status":"open","sticky":false,"template":"","format":"standard","meta":{"jetpack_post_was_ever_published":false,"_jetpack_newsletter_access":"","_jetpack_dont_email_post_to_subs":false,"_jetpack_newsletter_tier_id":0,"_jetpack_memberships_contains_paywalled_content":false,"_jetpack_memberships_contains_paid_content":false,"footnotes":"","jetpack_publicize_message":"","jetpack_publicize_feature_enabled":true,"jetpack_social_post_already_shared":true,"jetpack_social_options":{"image_generator_settings":{"template":"highway","default_image_id":0,"font":"","enabled":false},"version":2}},"categories":[1],"tags":[37410,21165,37411,100,3789,522,28160],"class_list":["post-159961","post","type-post","status-publish","format-standard","has-post-thumbnail","hentry","category-genel","tag-sizlerle","tag-akgun","tag-basarmaya","tag-baskan","tag-birlikte","tag-devam","tag-ediyorum"],"jetpack_publicize_connections":[],"jetpack_featured_media_url":"https:\/\/i0.wp.com\/www.tvturk.com\/wp-content\/uploads\/2019\/05\/baskan-akgun-sizlerle-birlikte-basarmaya-devam-ediyorum_5f89a81.jpg?fit=1000%2C666","jetpack_sharing_enabled":true,"jetpack_shortlink":"https:\/\/wp.me\/paKIfm-FC1","_links":{"self":[{"href":"http:\/\/www.tvturk.com\/index.php\/wp-json\/wp\/v2\/posts\/159961","targetHints":{"allow":["GET"]}}],"collection":[{"href":"http:\/\/www.tvturk.com\/index.php\/wp-json\/wp\/v2\/posts"}],"about":[{"href":"http:\/\/www.tvturk.com\/index.php\/wp-json\/wp\/v2\/types\/post"}],"author":[{"embeddable":true,"href":"http:\/\/www.tvturk.com\/index.php\/wp-json\/wp\/v2\/users\/1"}],"replies":[{"embeddable":true,"href":"http:\/\/www.tvturk.com\/index.php\/wp-json\/wp\/v2\/comments?post=159961"}],"version-history":[{"count":0,"href":"http:\/\/www.tvturk.com\/index.php\/wp-json\/wp\/v2\/posts\/159961\/revisions"}],"wp:featuredmedia":[{"embeddable":true,"href":"http:\/\/www.tvturk.com\/index.php\/wp-json\/wp\/v2\/media\/159962"}],"wp:attachment":[{"href":"http:\/\/www.tvturk.com\/index.php\/wp-json\/wp\/v2\/media?parent=159961"}],"wp:term":[{"taxonomy":"category","embeddable":true,"href":"http:\/\/www.tvturk.com\/index.php\/wp-json\/wp\/v2\/categories?post=159961"},{"taxonomy":"post_tag","embeddable":true,"href":"http:\/\/www.tvturk.com\/index.php\/wp-json\/wp\/v2\/tags?post=159961"}],"curies":[{"name":"wp","href":"https:\/\/api.w.org\/{rel}","templated":true}]}}