{"id":160011,"date":"2019-05-21T12:06:22","date_gmt":"2019-05-21T09:06:22","guid":{"rendered":"http:\/\/www.tvturk.com\/index.php\/mazlum-cografyalarda-ramazan-coskusu\/"},"modified":"2019-05-21T12:06:22","modified_gmt":"2019-05-21T09:06:22","slug":"mazlum-cografyalarda-ramazan-coskusu","status":"publish","type":"post","link":"http:\/\/www.tvturk.com\/index.php\/mazlum-cografyalarda-ramazan-coskusu\/","title":{"rendered":"Mazlum co\u011frafyalarda Ramazan co\u015fkusu"},"content":{"rendered":"<p>Bir El Ver E\u011fitim ve Yard\u0131m Derne\u011fi, Ramazan ay\u0131nda 13 \u00fclkede iftar organizasyonu d\u00fczenlediklerini duyurdu.<\/p>\n<p>Bir El Ver E\u011fitim ve Yard\u0131m Derne\u011fi, Ramazan ay\u0131nda yoksul co\u011frafyalara yard\u0131m etmeye devam ediyor. Yap\u0131lan a\u00e7\u0131klamada dernek; Filistin (Kud\u00fcs) Sudan, Uganda, Moritanya, Kamerun, \u00c7ad, Somali, Yemen, Zanzibar, Arakan, Cibuti, Gana ve Etiyopya\u2019da iftar organizasyonlar\u0131 d\u00fczenledi.<\/p>\n<p>&#8220;Ya\u015fanan insani krizleri, felaketleri g\u00f6rmemezlikten gelemezdik&#8221;<\/p>\n<p>Bir El Ver Derne\u011fi Y\u00f6netim Kurulu Ba\u015fkan\u0131 Abdurrahman Kalkan, konu ile ilgili de\u011ferlendirmesinde; &#8220;Ramazan ay\u0131 rahmet ay\u0131d\u0131r. G\u00f6n\u00fcllerin muhabbetle doldu\u011fu ayd\u0131r. Ramazan ay\u0131 iyili\u011fin sevincin tebess\u00fcm\u00fcn yard\u0131mla\u015fman\u0131n ay\u0131d\u0131r.  Bizler Bir El Ver E\u011fitim ve Yard\u0131m Derne\u011fi olarak; ya\u015fanan insani krizleri, felaketleri g\u00f6rmemezlikten gelemezdik. Binlerce aile ya\u015famlar\u0131n\u0131 bu zorlu \u015fartlar alt\u0131nda  s\u00fcrd\u00fcrmeye \u00e7al\u0131\u015f\u0131yor. G\u00f6z ard\u0131 etmedik ve k\u0131ymetli hay\u0131rseverlerimizin destekleri ile  Filistin (Kud\u00fcs) Sudan, Uganda, Moritanya, Kamerun, \u00c7ad, Somali, Yemen, Zanzibar, Arakan, Cibuti, Gana ve Etiyopya\u2019da iftar vermeye devam ediyoruz. Hz Muhammed \u015f\u00fcphesiz ki bir hadis-i \u015ferifte \u015f\u00f6yle buyurmu\u015ftu: &#8220;Kim M\u00fcsl\u00fcman\u0131 bir s\u0131k\u0131nt\u0131dan kurtar\u0131rsa, bu sebeple Allah da onu k\u0131yamet g\u00fcn\u00fc s\u0131k\u0131nt\u0131lar\u0131n\u0131n birinden kurtar\u0131r&#8221;.<\/p>\n","protected":false},"excerpt":{"rendered":"<p>B\u0130R EL VER E\u011e\u0130T\u0130M VE YARDIM DERNE\u011e\u0130, RAMAZAN AYINDA 13 \u00dcLKEDE \u0130FTAR ORGAN\u0130ZASYONU D\u00dcZENLED\u0130KLER\u0130N\u0130 DUYURDU.<\/p>\n","protected":false},"author":1,"featured_media":160012,"comment_status":"closed","ping_status":"open","sticky":false,"template":"","format":"standard","meta":{"jetpack_post_was_ever_published":false,"_jetpack_newsletter_access":"","_jetpack_dont_email_post_to_subs":false,"_jetpack_newsletter_tier_id":0,"_jetpack_memberships_contains_paywalled_content":false,"_jetpack_memberships_contains_paid_content":false,"footnotes":"","jetpack_publicize_message":"","jetpack_publicize_feature_enabled":true,"jetpack_social_post_already_shared":true,"jetpack_social_options":{"image_generator_settings":{"template":"highway","default_image_id":0,"font":"","enabled":false},"version":2}},"categories":[1],"tags":[33537,6596,17649,28330],"class_list":["post-160011","post","type-post","status-publish","format-standard","has-post-thumbnail","hentry","category-genel","tag-cografyalarda","tag-coskusu","tag-mazlum","tag-ramazan"],"jetpack_publicize_connections":[],"jetpack_featured_media_url":"https:\/\/i0.wp.com\/www.tvturk.com\/wp-content\/uploads\/2019\/05\/mazlum-cografyalarda-ramazan-coskusu_85ed909.jpg?fit=1000%2C750","jetpack_sharing_enabled":true,"jetpack_shortlink":"https:\/\/wp.me\/paKIfm-FCP","_links":{"self":[{"href":"http:\/\/www.tvturk.com\/index.php\/wp-json\/wp\/v2\/posts\/160011","targetHints":{"allow":["GET"]}}],"collection":[{"href":"http:\/\/www.tvturk.com\/index.php\/wp-json\/wp\/v2\/posts"}],"about":[{"href":"http:\/\/www.tvturk.com\/index.php\/wp-json\/wp\/v2\/types\/post"}],"author":[{"embeddable":true,"href":"http:\/\/www.tvturk.com\/index.php\/wp-json\/wp\/v2\/users\/1"}],"replies":[{"embeddable":true,"href":"http:\/\/www.tvturk.com\/index.php\/wp-json\/wp\/v2\/comments?post=160011"}],"version-history":[{"count":0,"href":"http:\/\/www.tvturk.com\/index.php\/wp-json\/wp\/v2\/posts\/160011\/revisions"}],"wp:featuredmedia":[{"embeddable":true,"href":"http:\/\/www.tvturk.com\/index.php\/wp-json\/wp\/v2\/media\/160012"}],"wp:attachment":[{"href":"http:\/\/www.tvturk.com\/index.php\/wp-json\/wp\/v2\/media?parent=160011"}],"wp:term":[{"taxonomy":"category","embeddable":true,"href":"http:\/\/www.tvturk.com\/index.php\/wp-json\/wp\/v2\/categories?post=160011"},{"taxonomy":"post_tag","embeddable":true,"href":"http:\/\/www.tvturk.com\/index.php\/wp-json\/wp\/v2\/tags?post=160011"}],"curies":[{"name":"wp","href":"https:\/\/api.w.org\/{rel}","templated":true}]}}