{"id":160015,"date":"2019-05-21T12:09:22","date_gmt":"2019-05-21T09:09:22","guid":{"rendered":"http:\/\/www.tvturk.com\/index.php\/amfibi-hucum-timleri-gorevlerini-basariyla-icra-etti\/"},"modified":"2019-05-21T12:09:22","modified_gmt":"2019-05-21T09:09:22","slug":"amfibi-hucum-timleri-gorevlerini-basariyla-icra-etti","status":"publish","type":"post","link":"http:\/\/www.tvturk.com\/index.php\/amfibi-hucum-timleri-gorevlerini-basariyla-icra-etti\/","title":{"rendered":"Amfibi h\u00fccum timleri g\u00f6revlerini ba\u015far\u0131yla icra etti"},"content":{"rendered":"<p>Milli Savunma Bakanl\u0131\u011f\u0131, amfibi h\u00fccum timlerinin Karadeniz, Ege ve Do\u011fu Akdeniz\u2019de devam eden DEN\u0130ZKURDU-2019 Tatbikat\u0131\u2019nda h\u00fccum e\u011fitimlerini ve denizden karaya \u00e7\u0131kartmalar\u0131 ba\u015far\u0131l\u0131 bir \u015fekilde icra etti\u011fini bildirdi.<\/p>\n<p>Milli Savunma Bakanl\u0131\u011f\u0131\u2019n\u0131n resmi Twitter hesab\u0131ndan yap\u0131lan a\u00e7\u0131klamada, her t\u00fcrl\u00fc zorlu g\u00f6reve haz\u0131r olan amfibi h\u00fccum timlerinin, Karadeniz, Ege ve Do\u011fu Akdeniz\u2019de devam eden DEN\u0130ZKURDU-2019 Tatbikat\u0131\u2019nda da h\u00fccum e\u011fitimlerini ve denizden karaya \u00e7\u0131kartmalar\u0131 ba\u015far\u0131l\u0131 \u015fekilde icra etti\u011fi kaydedildi.<\/p>\n","protected":false},"excerpt":{"rendered":"<p>M\u0130LL\u0130 SAVUNMA BAKANLI\u011eI, AMF\u0130B\u0130 H\u00dcCUM T\u0130MLER\u0130N\u0130N KARADEN\u0130Z, EGE VE DO\u011eU AKDEN\u0130Z\u2019DE DEVAM EDEN DEN\u0130ZKURDU-2019 TATB\u0130KATI&#8217;NDA H\u00dcCUM E\u011e\u0130T\u0130MLER\u0130N\u0130 VE DEN\u0130ZDEN KARAYA \u00c7IKARTMALARI BA\u015eARILI B\u0130R \u015eEK\u0130LDE \u0130CRA ETT\u0130\u011e\u0130N\u0130 B\u0130LD\u0130RD\u0130.<\/p>\n","protected":false},"author":1,"featured_media":160016,"comment_status":"closed","ping_status":"open","sticky":false,"template":"","format":"standard","meta":{"jetpack_post_was_ever_published":false,"_jetpack_newsletter_access":"","_jetpack_dont_email_post_to_subs":false,"_jetpack_newsletter_tier_id":0,"_jetpack_memberships_contains_paywalled_content":false,"_jetpack_memberships_contains_paid_content":false,"footnotes":"","jetpack_publicize_message":"","jetpack_publicize_feature_enabled":true,"jetpack_social_post_already_shared":true,"jetpack_social_options":{"image_generator_settings":{"template":"highway","default_image_id":0,"font":"","enabled":false},"version":2}},"categories":[1],"tags":[32333,7314,207,19234,8613,4361,12284],"class_list":["post-160015","post","type-post","status-publish","format-standard","has-post-thumbnail","hentry","category-genel","tag-amfibi","tag-basariyla","tag-etti","tag-gorevlerini","tag-hucum","tag-icra","tag-timleri"],"jetpack_publicize_connections":[],"jetpack_featured_media_url":"https:\/\/i0.wp.com\/www.tvturk.com\/wp-content\/uploads\/2019\/05\/amfibi-hucum-timleri-gorevlerini-basariyla-icra-etti_593a8a3.jpg?fit=900%2C600","jetpack_sharing_enabled":true,"jetpack_shortlink":"https:\/\/wp.me\/paKIfm-FCT","_links":{"self":[{"href":"http:\/\/www.tvturk.com\/index.php\/wp-json\/wp\/v2\/posts\/160015","targetHints":{"allow":["GET"]}}],"collection":[{"href":"http:\/\/www.tvturk.com\/index.php\/wp-json\/wp\/v2\/posts"}],"about":[{"href":"http:\/\/www.tvturk.com\/index.php\/wp-json\/wp\/v2\/types\/post"}],"author":[{"embeddable":true,"href":"http:\/\/www.tvturk.com\/index.php\/wp-json\/wp\/v2\/users\/1"}],"replies":[{"embeddable":true,"href":"http:\/\/www.tvturk.com\/index.php\/wp-json\/wp\/v2\/comments?post=160015"}],"version-history":[{"count":0,"href":"http:\/\/www.tvturk.com\/index.php\/wp-json\/wp\/v2\/posts\/160015\/revisions"}],"wp:featuredmedia":[{"embeddable":true,"href":"http:\/\/www.tvturk.com\/index.php\/wp-json\/wp\/v2\/media\/160016"}],"wp:attachment":[{"href":"http:\/\/www.tvturk.com\/index.php\/wp-json\/wp\/v2\/media?parent=160015"}],"wp:term":[{"taxonomy":"category","embeddable":true,"href":"http:\/\/www.tvturk.com\/index.php\/wp-json\/wp\/v2\/categories?post=160015"},{"taxonomy":"post_tag","embeddable":true,"href":"http:\/\/www.tvturk.com\/index.php\/wp-json\/wp\/v2\/tags?post=160015"}],"curies":[{"name":"wp","href":"https:\/\/api.w.org\/{rel}","templated":true}]}}