{"id":160107,"date":"2019-05-21T13:33:55","date_gmt":"2019-05-21T10:33:55","guid":{"rendered":"http:\/\/www.tvturk.com\/index.php\/cok-sevdigi-aci-dilini-yakinca-kanser-oldugunu-ogrendi\/"},"modified":"2019-05-21T13:33:55","modified_gmt":"2019-05-21T10:33:55","slug":"cok-sevdigi-aci-dilini-yakinca-kanser-oldugunu-ogrendi","status":"publish","type":"post","link":"http:\/\/www.tvturk.com\/index.php\/cok-sevdigi-aci-dilini-yakinca-kanser-oldugunu-ogrendi\/","title":{"rendered":"\u00c7ok sevdi\u011fi ac\u0131, dilini yak\u0131nca kanser oldu\u011funu \u00f6\u011frendi"},"content":{"rendered":"<p>Antalya\u2019da dil kanserine yakalanan 72 ya\u015f\u0131ndaki Kadir Keskinbalta, erken te\u015fhis sayesinde girdi\u011fi ba\u015far\u0131l\u0131 bir operasyonla sa\u011fl\u0131\u011f\u0131na kavu\u015ftu. Daha \u00f6nce dilindeki kanser t\u00fcm\u00f6r\u00fc y\u00fcz\u00fcnden \u00e7ok sevdi\u011fi ac\u0131l\u0131 yemekleri yiyemedi\u011fini belirten Keskinbalta, \u201cArt\u0131k ac\u0131 yiyebiliyorum ve \u00e7ok mutluyum\u201d dedi.<\/p>\n<p>Konyaalt\u0131 il\u00e7esinde ya\u015fayan 4 \u00e7ocuk babas\u0131 Kadir Keskinbalta\u2019n\u0131n (72), dilinde yara \u00e7\u0131kt\u0131. \u0130lk ba\u015flarda yaray\u0131 \u00f6nemsemeyen Keskinbalta, yaran\u0131n yemek yemesine engel olmaya ba\u015flay\u0131nca \u00e7e\u015fitli hastanelere gitti ancak te\u015fhis edilemedi. Yaran\u0131n b\u00fcy\u00fcmesi \u00fczerine Antalya E\u011fitim ve Ara\u015ft\u0131rma Hastanesi Kulak Burun Bo\u011faz (KBB) B\u00f6l\u00fcm\u00fc\u2019ne gelip KBB Uzman\u0131 Do\u00e7. Dr.Levent Renda\u2019ya muayene olan Keskinbalta, yap\u0131lan tetkiklerde dilinde kanser oldu\u011funu ve ameliyata girmesi gerekti\u011fini \u00f6\u011frendi.  Yap\u0131lan son kontrollerin ard\u0131ndan ameliyata al\u0131nan Keskinbalta\u2019n\u0131n dilindeki t\u00fcm\u00f6rl\u00fc b\u00f6lge, 5 saat s\u00fcren ba\u015far\u0131l\u0131 bir operasyon sonucu al\u0131nd\u0131. Keskinbalta, aradan ge\u00e7en bir ayl\u0131k s\u00fcre sonucu dilindeki dokular\u0131n kendine gelmesiyle birlikte tekrar yemek yemeye ba\u015flad\u0131. Hatta en sevdi\u011fi ac\u0131y\u0131 da yiyebilir hale geldi.<\/p>\n<p>\u201cArt\u0131k ac\u0131 yiyebiliyorum\u201d<\/p>\n<p>Sa\u011fl\u0131\u011f\u0131na kavu\u015fan Kadir Keskinbalta, daha \u00f6nce ya\u015fad\u0131\u011f\u0131 s\u0131k\u0131nt\u0131lar\u0131 \u015fu s\u00f6zlerle anlatt\u0131:<\/p>\n<p>\u201cYemek yerken zorlan\u0131yordum.  Ac\u0131 yiyemiyordum.  Ancak ge\u00e7er diye d\u00fc\u015f\u00fcn\u00fcp pek \u00f6nemsemedim. Bana dediler ki Karadut \u015ferbeti i\u00e7, epey bir \u015ferbet i\u00e7tim ama faydas\u0131n\u0131 g\u00f6rmedim. \u015euanda gayet iyiyim. Hi\u00e7bir s\u0131k\u0131nt\u0131m yok, yemeklerimi yiyorum. Ac\u0131y\u0131 bilhassa \u00e7ok seviyorum, onu da yiyebiliyorum.\u201d<\/p>\n<p>\u201cA\u011f\u0131z yaras\u0131 ile kar\u0131\u015ft\u0131r\u0131l\u0131yor\u201d<\/p>\n<p>Dil kanserinde erken te\u015fhisin \u00f6nemine vurgu yapan KBB Uzman\u0131 Do\u00e7. Dr.Levent Renda ise, a\u011f\u0131zda \u00e7\u0131kan aftlar\u0131n dil aftlar\u0131yla kar\u0131\u015fabildi\u011fini s\u00f6yledi. Yaralarda b\u00fcy\u00fcme ya\u015fand\u0131ysa KBB uzman\u0131na gidilmesi gerekti\u011fini belirten Renda,  \u201cDil kanseri h\u0131zl\u0131ca boyuna yay\u0131labilen bir kanser. Dolay\u0131s\u0131yla biz ameliyatlarda sadece dildeki kanserli b\u00f6lgeyi \u00e7\u0131kartm\u0131yoruz, normal dokuyla birlikte \u00e7\u0131kart\u0131yoruz ki, buz da\u011f\u0131n\u0131n g\u00f6r\u00fcnen k\u0131sm\u0131 bazen k\u00fc\u00e7\u00fck oluyor. Dolay\u0131s\u0131yla ameliyatla daha b\u00fcy\u00fck sa\u011flam dokuyla birlikte \u00e7\u0131kartmam\u0131z gerekiyor. E\u015f zamanl\u0131 olarak da boyuna sa\u00e7\u0131lma b\u00f6lgeleri de ameliyatla temizlemi\u015f oluyoruz. Dildeki kanserin boyutundan ziyade derinli\u011fi \u00f6nemli. O da ameliyat sonucu ortaya \u00e7\u0131kan bir \u00f6l\u00e7\u00fcm. Derinlikle birlikte boyna sa\u00e7\u0131lma ihtimali artabiliyor\u201d dedi.<\/p>\n<p>\u201cErken te\u015fhis \u00f6nemli\u201d<\/p>\n<p>Dil kanserinin tedavi edilemedi\u011fi takdirde, yeme i\u00e7mede ve ba\u011f\u0131\u015f\u0131kl\u0131k sisteminde bozukluklara sebebiyet verebilece\u011fine dikkati \u00e7eken Dr. Renda, erken te\u015fhisin \u00f6nemine vurgu yapt\u0131.  Renda, \u201cErken te\u015fhiste hem ameliyat daha k\u00fc\u00e7\u00fck oluyor, hem de hastam\u0131z\u0131n bundan sonraki ya\u015fam\u0131n\u0131 garanti alt\u0131na alm\u0131\u015f oluyoruz. Bu hastam\u0131z\u0131n t\u00fcm\u00f6r derinli\u011fi \u00e7ok fazla yoktu, hem de boynu da biz temizlemi\u015f olduk. Radyoterapi almas\u0131na gerek kalmad\u0131\u201d diye konu\u015ftu.<\/p>\n<p>Do\u00e7. Dr. Renda, sigara ve alkol\u00fcn a\u011f\u0131z i\u00e7i kanserlere yol a\u00e7an en \u00f6nemli fakt\u00f6rler oldu\u011fu konusunda da uyar\u0131larda bulundu.<\/p>\n","protected":false},"excerpt":{"rendered":"<p>ANTALYA\u2019DA D\u0130L KANSER\u0130NE YAKALANAN 72 YA\u015eINDAK\u0130 KAD\u0130R KESK\u0130NBALTA, ERKEN TE\u015eH\u0130S SAYES\u0130NDE G\u0130RD\u0130\u011e\u0130 BA\u015eARILI B\u0130R OPERASYONLA SA\u011eLI\u011eINA KAVU\u015eTU.  DAHA \u00d6NCE D\u0130L\u0130NDEK\u0130 KANSER T\u00dcM\u00d6R\u00dc Y\u00dcZ\u00dcNDEN \u00c7OK SEVD\u0130\u011e\u0130 ACILI YEMEKLER\u0130 Y\u0130YEMED\u0130\u011e\u0130N\u0130 BEL\u0130RTEN KESK\u0130NBALTA, \u201cARTIK ACI Y\u0130YEB\u0130L\u0130YORUM VE \u00c7OK MUTLUYUM\u201d DED\u0130.<\/p>\n","protected":false},"author":1,"featured_media":160108,"comment_status":"closed","ping_status":"open","sticky":false,"template":"","format":"standard","meta":{"jetpack_post_was_ever_published":false,"_jetpack_newsletter_access":"","_jetpack_dont_email_post_to_subs":false,"_jetpack_newsletter_tier_id":0,"_jetpack_memberships_contains_paywalled_content":false,"_jetpack_memberships_contains_paid_content":false,"footnotes":"","jetpack_publicize_message":"","jetpack_publicize_feature_enabled":true,"jetpack_social_post_already_shared":true,"jetpack_social_options":{"image_generator_settings":{"template":"highway","default_image_id":0,"font":"","enabled":false},"version":2}},"categories":[1],"tags":[872,105,18551,350,1606,18761,25497,37461],"class_list":["post-160107","post","type-post","status-publish","format-standard","has-post-thumbnail","hentry","category-genel","tag-aci","tag-cok","tag-dilini","tag-kanser","tag-ogrendi","tag-oldugunu","tag-sevdigi","tag-yakinca"],"jetpack_publicize_connections":[],"jetpack_featured_media_url":"https:\/\/i0.wp.com\/www.tvturk.com\/wp-content\/uploads\/2019\/05\/cok-sevdigi-aci-dilini-yakinca-kanser-oldugunu-ogrendi_5079354.jpg?fit=1000%2C666","jetpack_sharing_enabled":true,"jetpack_shortlink":"https:\/\/wp.me\/paKIfm-FEn","_links":{"self":[{"href":"http:\/\/www.tvturk.com\/index.php\/wp-json\/wp\/v2\/posts\/160107","targetHints":{"allow":["GET"]}}],"collection":[{"href":"http:\/\/www.tvturk.com\/index.php\/wp-json\/wp\/v2\/posts"}],"about":[{"href":"http:\/\/www.tvturk.com\/index.php\/wp-json\/wp\/v2\/types\/post"}],"author":[{"embeddable":true,"href":"http:\/\/www.tvturk.com\/index.php\/wp-json\/wp\/v2\/users\/1"}],"replies":[{"embeddable":true,"href":"http:\/\/www.tvturk.com\/index.php\/wp-json\/wp\/v2\/comments?post=160107"}],"version-history":[{"count":0,"href":"http:\/\/www.tvturk.com\/index.php\/wp-json\/wp\/v2\/posts\/160107\/revisions"}],"wp:featuredmedia":[{"embeddable":true,"href":"http:\/\/www.tvturk.com\/index.php\/wp-json\/wp\/v2\/media\/160108"}],"wp:attachment":[{"href":"http:\/\/www.tvturk.com\/index.php\/wp-json\/wp\/v2\/media?parent=160107"}],"wp:term":[{"taxonomy":"category","embeddable":true,"href":"http:\/\/www.tvturk.com\/index.php\/wp-json\/wp\/v2\/categories?post=160107"},{"taxonomy":"post_tag","embeddable":true,"href":"http:\/\/www.tvturk.com\/index.php\/wp-json\/wp\/v2\/tags?post=160107"}],"curies":[{"name":"wp","href":"https:\/\/api.w.org\/{rel}","templated":true}]}}