{"id":160113,"date":"2019-05-21T13:36:30","date_gmt":"2019-05-21T10:36:30","guid":{"rendered":"http:\/\/www.tvturk.com\/index.php\/turofedden-egitimde-yeni-tatil-takvimi-cagrisi\/"},"modified":"2019-05-21T13:36:30","modified_gmt":"2019-05-21T10:36:30","slug":"turofedden-egitimde-yeni-tatil-takvimi-cagrisi","status":"publish","type":"post","link":"http:\/\/www.tvturk.com\/index.php\/turofedden-egitimde-yeni-tatil-takvimi-cagrisi\/","title":{"rendered":"T\u00dcROFED\u2019den e\u011fitimde yeni tatil takvimi \u00e7a\u011fr\u0131s\u0131"},"content":{"rendered":"<p>T\u00dcROFED Ba\u015fkan\u0131 Osman Ay\u0131k, &#8220;Bu kas\u0131m ve nisan aylar\u0131n\u0131 kapsayan tatillerin b\u00f6lgelere g\u00f6re da\u011f\u0131l\u0131m\u0131 yap\u0131l\u0131rsa daha iyi olur. Bizim \u00f6nerimiz iklim \u015fartlar\u0131n\u0131 da g\u00f6z \u00f6n\u00fcne alarak T\u00fcrkiye\u2019yi 3 b\u00f6lgeye ay\u0131ral\u0131m. B\u00f6ylelikle nisan ve kas\u0131m aylar\u0131n\u0131n tamam\u0131n\u0131 de\u011ferlendirebiliriz&#8221; dedi.<\/p>\n<p>Milli E\u011fitim Bakan\u0131 Ziya Sel\u00e7uk e\u011fitimde yeni tatil takvimi a\u00e7\u0131klad\u0131. Bu kapsamda 13 haftal\u0131k yaz tatilinin iki haftas\u0131 nisan ve kas\u0131m aylar\u0131nda birer haftal\u0131k ara tatil olarak belirlendi. 18-22 Kas\u0131m 2019\u2019da ilk ara tatil yap\u0131lacak. 6-10 Nisan 2020 tarihleri aras\u0131nda ikinci ara tatil verilecek. Turizmciler de al\u0131nan bu karardan memnuniyet duydu. T\u00fcrkiye Otelciler Federasyonu (T\u00dcROFED) Ba\u015fkan\u0131 Osman Ay\u0131k, sekt\u00f6r olarak olumlu kar\u015f\u0131lad\u0131klar\u0131n\u0131 ve memnuniyet duyduklar\u0131n\u0131 belirtti. Yeni tatil takviminin i\u00e7 turizmde y\u0131\u011f\u0131lmay\u0131 engelleyece\u011fini dile getiren Ay\u0131k, Milli E\u011fitim Bakanl\u0131\u011f\u0131\u2019na bu birer haftal\u0131k tatilin b\u00f6lgelere ayr\u0131lmas\u0131 konusunda \u00e7a\u011fr\u0131da bulundu. Ay\u0131k, &#8220;Bu kas\u0131m ve nisan aylar\u0131n\u0131 kapsayan tatillerin b\u00f6lgelere g\u00f6re da\u011f\u0131l\u0131m\u0131 yap\u0131l\u0131rsa daha iyi olur. \u00d6rne\u011fin kas\u0131m ay\u0131n\u0131n ilk haftas\u0131 do\u011fu b\u00f6lgeleri i\u00e7in, sonraki haftas\u0131 orta b\u00f6lge ve son haftas\u0131 bat\u0131 b\u00f6lgeleri i\u00e7in tatil uygulanabilir. Bu kolay ve yap\u0131labilir bir \u015fey&#8221; mesaj\u0131n\u0131 verdi.<\/p>\n<p>Ara tatillerin b\u00f6lgelere b\u00f6l\u00fcnmesiyle t\u00fcm ay\u0131 kapsayaca\u011f\u0131n\u0131 ifade eden Ay\u0131k, &#8220;Bizim \u00f6nerimiz iklim \u015fartlar\u0131n\u0131 da g\u00f6z \u00f6n\u00fcne alarak T\u00fcrkiye\u2019yi 3 b\u00f6lgeye ay\u0131ral\u0131m. B\u00f6ylelikle nisan ve kas\u0131m aylar\u0131n\u0131n tamam\u0131n\u0131 de\u011ferlendirebiliriz. Di\u011fer yandan yo\u011funlu\u011fu da yo\u011funlu\u011fu da ay i\u00e7ine da\u011f\u0131tm\u0131\u015f oluruz. B\u00f6ylelikle ara tatiller iki ay\u0131 tamamen kapsayacak. 3 ayl\u0131k tatil olacak&#8221; diye konu\u015ftu.<\/p>\n<p>Ay\u0131k, tatil aral\u0131\u011f\u0131n\u0131n uzat\u0131lmas\u0131yla ula\u015f\u0131m trafi\u011fi ve y\u00fck\u00fcn\u00fcn de azalt\u0131laca\u011f\u0131n\u0131 kaydetti.<\/p>\n","protected":false},"excerpt":{"rendered":"<p>T\u00dcROFED BA\u015eKANI OSMAN AYIK, &#8220;BU KASIM VE N\u0130SAN AYLARINI KAPSAYAN TAT\u0130LLER\u0130N B\u00d6LGELERE G\u00d6RE DA\u011eILIMI YAPILIRSA DAHA \u0130Y\u0130 OLUR. B\u0130Z\u0130M \u00d6NER\u0130M\u0130Z \u0130KL\u0130M \u015eARTLARINI DA G\u00d6Z \u00d6N\u00dcNE ALARAK T\u00dcRK\u0130YE&#8217;Y\u0130 3 B\u00d6LGEYE AYIRALIM. B\u00d6YLEL\u0130KLE N\u0130SAN VE KASIM AYLARININ TAMAMINI DE\u011eERLEND\u0130REB\u0130L\u0130R\u0130Z&#8221; DED\u0130.<\/p>\n","protected":false},"author":1,"featured_media":160114,"comment_status":"closed","ping_status":"open","sticky":false,"template":"","format":"standard","meta":{"jetpack_post_was_ever_published":false,"_jetpack_newsletter_access":"","_jetpack_dont_email_post_to_subs":false,"_jetpack_newsletter_tier_id":0,"_jetpack_memberships_contains_paywalled_content":false,"_jetpack_memberships_contains_paid_content":false,"footnotes":"","jetpack_publicize_message":"","jetpack_publicize_feature_enabled":true,"jetpack_social_post_already_shared":true,"jetpack_social_options":{"image_generator_settings":{"template":"highway","default_image_id":0,"font":"","enabled":false},"version":2}},"categories":[1],"tags":[5140,2908,3182,3575,37464,87],"class_list":["post-160113","post","type-post","status-publish","format-standard","has-post-thumbnail","hentry","category-genel","tag-cagrisi","tag-egitimde","tag-takvimi","tag-tatil","tag-turofedden","tag-yeni"],"jetpack_publicize_connections":[],"jetpack_featured_media_url":"https:\/\/i0.wp.com\/www.tvturk.com\/wp-content\/uploads\/2019\/05\/turofedden-egitimde-yeni-tatil-takvimi-cagrisi_51ddcd9.jpg?fit=1000%2C667","jetpack_sharing_enabled":true,"jetpack_shortlink":"https:\/\/wp.me\/paKIfm-FEt","_links":{"self":[{"href":"http:\/\/www.tvturk.com\/index.php\/wp-json\/wp\/v2\/posts\/160113","targetHints":{"allow":["GET"]}}],"collection":[{"href":"http:\/\/www.tvturk.com\/index.php\/wp-json\/wp\/v2\/posts"}],"about":[{"href":"http:\/\/www.tvturk.com\/index.php\/wp-json\/wp\/v2\/types\/post"}],"author":[{"embeddable":true,"href":"http:\/\/www.tvturk.com\/index.php\/wp-json\/wp\/v2\/users\/1"}],"replies":[{"embeddable":true,"href":"http:\/\/www.tvturk.com\/index.php\/wp-json\/wp\/v2\/comments?post=160113"}],"version-history":[{"count":0,"href":"http:\/\/www.tvturk.com\/index.php\/wp-json\/wp\/v2\/posts\/160113\/revisions"}],"wp:featuredmedia":[{"embeddable":true,"href":"http:\/\/www.tvturk.com\/index.php\/wp-json\/wp\/v2\/media\/160114"}],"wp:attachment":[{"href":"http:\/\/www.tvturk.com\/index.php\/wp-json\/wp\/v2\/media?parent=160113"}],"wp:term":[{"taxonomy":"category","embeddable":true,"href":"http:\/\/www.tvturk.com\/index.php\/wp-json\/wp\/v2\/categories?post=160113"},{"taxonomy":"post_tag","embeddable":true,"href":"http:\/\/www.tvturk.com\/index.php\/wp-json\/wp\/v2\/tags?post=160113"}],"curies":[{"name":"wp","href":"https:\/\/api.w.org\/{rel}","templated":true}]}}