{"id":160149,"date":"2019-05-21T14:28:16","date_gmt":"2019-05-21T11:28:16","guid":{"rendered":"http:\/\/www.tvturk.com\/index.php\/carsambada-iscilere-rekor-zam\/"},"modified":"2019-05-21T14:28:16","modified_gmt":"2019-05-21T11:28:16","slug":"carsambada-iscilere-rekor-zam","status":"publish","type":"post","link":"http:\/\/www.tvturk.com\/index.php\/carsambada-iscilere-rekor-zam\/","title":{"rendered":"\u00c7ar\u015famba\u2019da i\u015f\u00e7ilere rekor zam"},"content":{"rendered":"<p>\u00c7ar\u015famba Belediye Ba\u015fkan\u0131 Halit Do\u011fan, \u201cHAK-\u0130\u015e Sendikas\u0131 ile imzalad\u0131\u011f\u0131m\u0131z s\u00f6zle\u015fme ile ortalama yapt\u0131\u011f\u0131m\u0131z zam oran\u0131 y\u00fczde 36, en y\u00fcksek zam oran\u0131 ise y\u00fczde 45\u201d dedi.<\/p>\n<p>Samsun\u2019un \u00c7ar\u015famba \u0130l\u00e7e Belediyesinde HAK-\u0130\u015e Sendikas\u0131 ile toplu i\u015f s\u00f6zle\u015fmesi imzaland\u0131. \u00c7ar\u015famba Belediye personeline d\u00fczenlenen iftar yeme\u011finden sonra Ba\u015fkan Halit Do\u011fan, HAK-\u0130\u015e Genel Ba\u015fkan Vekili Av. H\u00fcseyin \u00d6z, HAK-\u0130\u015e Samsun \u015eube Ba\u015fkan\u0131 Ziya Uzun ile toplu i\u015f s\u00f6zle\u015fmesi imzalad\u0131. Yap\u0131lan s\u00f6zle\u015fme ile i\u015f\u00e7ilere yap\u0131lan ortalama zam oran\u0131 y\u00fczde 36 olurken, en y\u00fcksek zam oran\u0131 ise y\u00fczde 45 ile temizlik i\u015f\u00e7ilerine yap\u0131ld\u0131.<\/p>\n<p>\u00c7ar\u015famba Belediye Ba\u015fkan\u0131 Halit Do\u011fan, \u201c\u00c7ar\u015famba Belediyesi b\u00fcy\u00fck bir aile, burada \u00e7al\u0131\u015fan herkesi de ailenin bir ferdi olarak g\u00f6r\u00fcyorum. Verilmesi gereken en iyi hizmeti \u00f6nce personelimizden ba\u015flatal\u0131m dedik. Amac\u0131m\u0131z aidiyet hissiyle hizmet etmek. Bizden \u00f6nceki d\u00f6nemlerde de \u00e7ok iyi i\u015fler yap\u0131ld\u0131, bizler de daha iyisini yaparak bayra\u011f\u0131 bir \u00fcst kademeye ta\u015f\u0131yaca\u011f\u0131z. \u0130mzalad\u0131\u011f\u0131m\u0131z s\u00f6zle\u015fme ile ortalama yapt\u0131\u011f\u0131m\u0131z zam oran\u0131 y\u00fczde 36, en y\u00fcksek zam oran\u0131 ise y\u00fczde 45\u2019lik bir art\u0131\u015f ile temizlik i\u015f\u00e7ilerimiz ald\u0131. Allah hay\u0131rl\u0131 u\u011furlu etsin\u201d diye konu\u015ftu.<\/p>\n<p>HAK-\u0130\u015e Genel Ba\u015fkan vekili Av. H\u00fcseyin \u00d6z, \u201cSendika olarak uzun s\u00fcredir ta\u015feronlarda \u00e7al\u0131\u015fan arkada\u015flar\u0131m\u0131z\u0131n m\u00fccadelesini verdik. Bunlar\u0131n neticesinde Kanun H\u00fckm\u00fc Kararname ile belediyelerin alt i\u015fverenlerinde \u00e7al\u0131\u015fan karde\u015flerimiz hem kamunun hem de yerel y\u00f6netimlerin b\u00fcnyelerine ge\u00e7mi\u015f oldu. Bu da bizlerin, h\u00fck\u00fcmetimizin gayretleri ve Cumhurba\u015fkan\u0131m\u0131z\u0131n ortaya koydu\u011fu devlet adaml\u0131\u011f\u0131 sayesinde olmu\u015ftur. HAK-\u0130\u015e olarak \u00c7ar\u015famba Belediyesi ile ilk kez masaya oturduk ve s\u00f6zle\u015fmemizi imzal\u0131yoruz. \u0130n\u015fallah bu s\u00f6zle\u015fme i\u015f\u00e7i karde\u015flerimiz i\u00e7in g\u00fczel bir ba\u015flang\u0131\u00e7 olacak. Elbette ki bir s\u00f6zle\u015fmede b\u00fct\u00fcn sorunlar\u0131 \u00e7\u00f6zemezsiniz. \u0130yi bir ba\u015flang\u0131\u00e7 oldu\u011funu kesinlikle s\u00f6ylemek isterim Bu s\u00f6zle\u015fmede eme\u011fi ge\u00e7en herkese \u00f6zellikle Say\u0131n ba\u015fkan\u0131m\u0131z Halit Do\u011fan\u2019a te\u015fekk\u00fcr ederim. Allah hay\u0131rl\u0131 u\u011furlu eylesin\u201d \u015feklinde konu\u015ftu.<\/p>\n<p>S\u00f6zle\u015fme sonras\u0131 \u00c7ar\u015famba Belediyesi \u00e7al\u0131\u015fanlar\u0131 ile hat\u0131ra foto\u011fraf\u0131 \u00e7ektiren Ba\u015fkan Halit Do\u011fan alk\u0131\u015flar e\u015fli\u011finde u\u011furland\u0131.<\/p>\n","protected":false},"excerpt":{"rendered":"<p>\u00c7AR\u015eAMBA BELED\u0130YE BA\u015eKANI HAL\u0130T DO\u011eAN.<\/p>\n","protected":false},"author":1,"featured_media":160150,"comment_status":"closed","ping_status":"open","sticky":false,"template":"","format":"standard","meta":{"jetpack_post_was_ever_published":false,"_jetpack_newsletter_access":"","_jetpack_dont_email_post_to_subs":false,"_jetpack_newsletter_tier_id":0,"_jetpack_memberships_contains_paywalled_content":false,"_jetpack_memberships_contains_paid_content":false,"footnotes":"","jetpack_publicize_message":"","jetpack_publicize_feature_enabled":true,"jetpack_social_post_already_shared":true,"jetpack_social_options":{"image_generator_settings":{"template":"highway","default_image_id":0,"font":"","enabled":false},"version":2}},"categories":[1],"tags":[36395,7515,982,4652],"class_list":["post-160149","post","type-post","status-publish","format-standard","has-post-thumbnail","hentry","category-genel","tag-carsambada","tag-iscilere","tag-rekor","tag-zam"],"jetpack_publicize_connections":[],"jetpack_featured_media_url":"https:\/\/i0.wp.com\/www.tvturk.com\/wp-content\/uploads\/2019\/05\/carsambada-iscilere-rekor-zam_e1aca92.jpg?fit=1000%2C667","jetpack_sharing_enabled":true,"jetpack_shortlink":"https:\/\/wp.me\/paKIfm-FF3","_links":{"self":[{"href":"http:\/\/www.tvturk.com\/index.php\/wp-json\/wp\/v2\/posts\/160149","targetHints":{"allow":["GET"]}}],"collection":[{"href":"http:\/\/www.tvturk.com\/index.php\/wp-json\/wp\/v2\/posts"}],"about":[{"href":"http:\/\/www.tvturk.com\/index.php\/wp-json\/wp\/v2\/types\/post"}],"author":[{"embeddable":true,"href":"http:\/\/www.tvturk.com\/index.php\/wp-json\/wp\/v2\/users\/1"}],"replies":[{"embeddable":true,"href":"http:\/\/www.tvturk.com\/index.php\/wp-json\/wp\/v2\/comments?post=160149"}],"version-history":[{"count":0,"href":"http:\/\/www.tvturk.com\/index.php\/wp-json\/wp\/v2\/posts\/160149\/revisions"}],"wp:featuredmedia":[{"embeddable":true,"href":"http:\/\/www.tvturk.com\/index.php\/wp-json\/wp\/v2\/media\/160150"}],"wp:attachment":[{"href":"http:\/\/www.tvturk.com\/index.php\/wp-json\/wp\/v2\/media?parent=160149"}],"wp:term":[{"taxonomy":"category","embeddable":true,"href":"http:\/\/www.tvturk.com\/index.php\/wp-json\/wp\/v2\/categories?post=160149"},{"taxonomy":"post_tag","embeddable":true,"href":"http:\/\/www.tvturk.com\/index.php\/wp-json\/wp\/v2\/tags?post=160149"}],"curies":[{"name":"wp","href":"https:\/\/api.w.org\/{rel}","templated":true}]}}