{"id":160235,"date":"2019-05-21T17:45:18","date_gmt":"2019-05-21T14:45:18","guid":{"rendered":"http:\/\/www.tvturk.com\/index.php\/cavusoglundan-yogun-bakimdaki-ogrenciye-moral-ziyareti\/"},"modified":"2019-05-21T17:45:18","modified_gmt":"2019-05-21T14:45:18","slug":"cavusoglundan-yogun-bakimdaki-ogrenciye-moral-ziyareti","status":"publish","type":"post","link":"http:\/\/www.tvturk.com\/index.php\/cavusoglundan-yogun-bakimdaki-ogrenciye-moral-ziyareti\/","title":{"rendered":"\u00c7avu\u015fo\u011flu\u2019ndan yo\u011fun bak\u0131mdaki \u00f6\u011frenciye moral ziyareti"},"content":{"rendered":"<p>Aytemiz Alanyaspor Ba\u015fkan\u0131 Hasan \u00c7avu\u015fo\u011flu, beyin kanamas\u0131 nedeniyle 2 hafta yo\u011fun bak\u0131m \u00fcnitesinde tedavi g\u00f6ren lise 3\u2019\u00fcnc\u00fc s\u0131n\u0131f \u00f6\u011frencisini evinde ziyaret ederek moral verdi.<\/p>\n<p>Aytemiz Alanyaspor Ba\u015fkan\u0131 Hasan \u00c7avu\u015fo\u011flu, turuncu ye\u015filli tak\u0131m\u0131n Atiker Konyaspor ile oynad\u0131\u011f\u0131 ma\u00e7\u0131 trib\u00fcnden izlerken rahats\u0131zlanan ve beyin kanamas\u0131 nedeniyle 2 hafta yo\u011fun bak\u0131m \u00fcnitesinde tedavi g\u00f6ren lise 3\u2019\u00fcnc\u00fc s\u0131n\u0131f \u00f6\u011frencisi Ula\u015f Uysal\u2019\u0131 evinde ziyaret etti. Ba\u015fkan \u00c7avu\u015fo\u011flu, gen\u00e7 taraftar Ula\u015f Uysal ve babas\u0131 Mustafa Uysal\u2019a \u2019ge\u00e7mi\u015f olsun\u2019 dileklerini ileterek, her konuda yanlar\u0131nda oldu\u011funu belirtti. Baba Uysal ise daha \u00f6nce kendilerini hastanede de ziyaret eden Ba\u015fkan \u00c7avu\u015fo\u011flu\u2019na ilgi ve alakas\u0131ndan dolay\u0131 te\u015fekk\u00fcr ederek, &#8220;O\u011flum Alanyaspor\u2019u \u00e7ok seviyor. Rahats\u0131zland\u0131\u011f\u0131 g\u00fcn ma\u00e7a gitmeyi \u00e7ok istedi. Hastanede ilk olarak beyin kanamas\u0131 te\u015fhisi koydular. Daha sonra kafas\u0131nda damarsal bir hastal\u0131k oldu\u011fu anla\u015f\u0131ld\u0131. Hastaneden \u00e7\u0131kt\u0131k ancak zorlu tedavi s\u00fcrecimiz devam ediyor. Desteklerinden dolay\u0131 ba\u015fkan\u0131m\u0131z Hasan \u00c7avu\u015fo\u011flu\u2019na \u00e7ok te\u015fekk\u00fcr ederim&#8221; dedi.<\/p>\n<p>Ba\u015fkan \u00c7avu\u015fo\u011flu, moral ziyaretinin an\u0131s\u0131na Ula\u015f Uysal\u2019a \u00fczerinde turuncu ye\u015filli futbolcular\u0131n imzas\u0131 yer alan Alanyaspor formas\u0131 hediye etti.<\/p>\n","protected":false},"excerpt":{"rendered":"<p>AYTEM\u0130Z ALANYASPOR BA\u015eKANI HASAN \u00c7AVU\u015eO\u011eLU, BEY\u0130N KANAMASI NEDEN\u0130YLE 2 HAFTA YO\u011eUN BAKIM \u00dcN\u0130TES\u0130NDE TEDAV\u0130 G\u00d6REN L\u0130SE 3&#8217;\u00dcNC\u00dc SINIF \u00d6\u011eRENC\u0130S\u0130N\u0130 EV\u0130NDE Z\u0130YARET EDEREK MORAL VERD\u0130.<\/p>\n","protected":false},"author":1,"featured_media":160236,"comment_status":"closed","ping_status":"open","sticky":false,"template":"","format":"standard","meta":{"jetpack_post_was_ever_published":false,"_jetpack_newsletter_access":"","_jetpack_dont_email_post_to_subs":false,"_jetpack_newsletter_tier_id":0,"_jetpack_memberships_contains_paywalled_content":false,"_jetpack_memberships_contains_paid_content":false,"footnotes":"","jetpack_publicize_message":"","jetpack_publicize_feature_enabled":true,"jetpack_social_post_already_shared":true,"jetpack_social_options":{"image_generator_settings":{"template":"highway","default_image_id":0,"font":"","enabled":false},"version":2}},"categories":[1],"tags":[31125,6900,68,9218,2640,1730],"class_list":["post-160235","post","type-post","status-publish","format-standard","has-post-thumbnail","hentry","category-genel","tag-bakimdaki","tag-cavusoglundan","tag-moral","tag-ogrenciye","tag-yogun","tag-ziyareti"],"jetpack_publicize_connections":[],"jetpack_featured_media_url":"https:\/\/i0.wp.com\/www.tvturk.com\/wp-content\/uploads\/2019\/05\/cavusoglundan-yogun-bakimdaki-ogrenciye-moral-ziyareti_990265c.jpg?fit=1000%2C632","jetpack_sharing_enabled":true,"jetpack_shortlink":"https:\/\/wp.me\/paKIfm-FGr","_links":{"self":[{"href":"http:\/\/www.tvturk.com\/index.php\/wp-json\/wp\/v2\/posts\/160235","targetHints":{"allow":["GET"]}}],"collection":[{"href":"http:\/\/www.tvturk.com\/index.php\/wp-json\/wp\/v2\/posts"}],"about":[{"href":"http:\/\/www.tvturk.com\/index.php\/wp-json\/wp\/v2\/types\/post"}],"author":[{"embeddable":true,"href":"http:\/\/www.tvturk.com\/index.php\/wp-json\/wp\/v2\/users\/1"}],"replies":[{"embeddable":true,"href":"http:\/\/www.tvturk.com\/index.php\/wp-json\/wp\/v2\/comments?post=160235"}],"version-history":[{"count":0,"href":"http:\/\/www.tvturk.com\/index.php\/wp-json\/wp\/v2\/posts\/160235\/revisions"}],"wp:featuredmedia":[{"embeddable":true,"href":"http:\/\/www.tvturk.com\/index.php\/wp-json\/wp\/v2\/media\/160236"}],"wp:attachment":[{"href":"http:\/\/www.tvturk.com\/index.php\/wp-json\/wp\/v2\/media?parent=160235"}],"wp:term":[{"taxonomy":"category","embeddable":true,"href":"http:\/\/www.tvturk.com\/index.php\/wp-json\/wp\/v2\/categories?post=160235"},{"taxonomy":"post_tag","embeddable":true,"href":"http:\/\/www.tvturk.com\/index.php\/wp-json\/wp\/v2\/tags?post=160235"}],"curies":[{"name":"wp","href":"https:\/\/api.w.org\/{rel}","templated":true}]}}