{"id":160293,"date":"2019-05-21T23:43:21","date_gmt":"2019-05-21T20:43:21","guid":{"rendered":"http:\/\/www.tvturk.com\/index.php\/maaslarini-alamayan-fabrika-iscileri-grev-yapiyor\/"},"modified":"2019-05-21T23:43:21","modified_gmt":"2019-05-21T20:43:21","slug":"maaslarini-alamayan-fabrika-iscileri-grev-yapiyor","status":"publish","type":"post","link":"http:\/\/www.tvturk.com\/index.php\/maaslarini-alamayan-fabrika-iscileri-grev-yapiyor\/","title":{"rendered":"Maa\u015flar\u0131n\u0131 alamayan fabrika i\u015f\u00e7ileri grev yap\u0131yor"},"content":{"rendered":"<p>Bilecik\u2019in Boz\u00fcy\u00fck il\u00e7esinde maa\u015flar\u0131n\u0131 alamad\u0131klar\u0131n\u0131 iddia eden fabrika i\u015f\u00e7ilerinin i\u015f b\u0131rakma eylemi s\u00fcr\u00fcyor.<\/p>\n<p>Bir tekstil fabrikas\u0131nda 3 vardiya olarak \u00e7al\u0131\u015fan yakla\u015f\u0131k 600 i\u015f\u00e7i, uzun s\u00fcredir maa\u015flar\u0131n\u0131 alamad\u0131klar\u0131 gerek\u00e7esiyle ge\u00e7ti\u011fimiz per\u015fembe g\u00fcn\u00fcnden bu yana i\u015f b\u0131rakma eylemi yap\u0131yor. Sabah fabrikaya gelen i\u015f\u00e7iler, kart bast\u0131ktan sonra fabrika bah\u00e7esinde toplan\u0131p i\u015fba\u015f\u0131 yapmayarak i\u015fverenden maa\u015flar\u0131n\u0131n yat\u0131r\u0131lmas\u0131n\u0131 talep ediyor. \u0130ki ayd\u0131r maa\u015f alamad\u0131klar\u0131n\u0131 iddia eden fabrika \u00e7al\u0131\u015fanlar\u0131 alacaklar\u0131n\u0131n tamam\u0131 yat\u0131r\u0131lmadan i\u015fba\u015f\u0131 yapmayacaklar\u0131n\u0131 s\u00f6yledi.<\/p>\n<p>Fabrika \u00e7al\u0131\u015fanlar\u0131ndan Osman Demirkol, \u201cYakla\u015f\u0131k bir y\u0131ld\u0131r maa\u015f \u00f6demelerinde s\u0131k\u0131nt\u0131lar ya\u015f\u0131yoruz. \u0130ki ayd\u0131r da elimize bir kuru\u015f para ge\u00e7miyor. Hepimizin ge\u00e7indirmek zorunda oldu\u011fu bir ailesi var. Bu m\u00fcbarek Ramazan ay\u0131nda neler \u00e7ekti\u011fimizi kimse bilmiyor. Gelen bayram. Bizden \u00e7al\u0131\u015fmaya devam etmemiz isteniyor ancak ortada para yok. Biz de \u00e7al\u0131\u015fanlar olarak ortak karar alarak maa\u015flar\u0131m\u0131z\u0131n tamam\u0131 yat\u0131r\u0131lana kadar i\u015fba\u015f\u0131 yapmama karar\u0131 ald\u0131k. Biz i\u015fveren i\u00e7in her t\u00fcrl\u00fc fedakarl\u0131\u011f\u0131 g\u00f6sterdik g\u00f6stermeye de raz\u0131y\u0131z. Ancak maa\u015flar\u0131m\u0131z\u0131 almadan \u00e7al\u0131\u015fmamaya kararl\u0131y\u0131z\u201d dedi.<\/p>\n","protected":false},"excerpt":{"rendered":"<p>B\u0130LEC\u0130K\u2019\u0130N BOZ\u00dcY\u00dcK \u0130L\u00c7ES\u0130NDE MAA\u015eLARINI ALAMADIKLARINI \u0130DD\u0130A EDEN FABR\u0130KA \u0130\u015e\u00c7\u0130LER\u0130N\u0130N \u0130\u015e BIRAKMA EYLEM\u0130 S\u00dcR\u00dcYOR.<\/p>\n","protected":false},"author":1,"featured_media":160294,"comment_status":"closed","ping_status":"open","sticky":false,"template":"","format":"standard","meta":{"jetpack_post_was_ever_published":false,"_jetpack_newsletter_access":"","_jetpack_dont_email_post_to_subs":false,"_jetpack_newsletter_tier_id":0,"_jetpack_memberships_contains_paywalled_content":false,"_jetpack_memberships_contains_paid_content":false,"footnotes":"","jetpack_publicize_message":"","jetpack_publicize_feature_enabled":true,"jetpack_social_post_already_shared":true,"jetpack_social_options":{"image_generator_settings":{"template":"highway","default_image_id":0,"font":"","enabled":false},"version":2}},"categories":[1],"tags":[3361,2271,903,13433,3360,1685],"class_list":["post-160293","post","type-post","status-publish","format-standard","has-post-thumbnail","hentry","category-genel","tag-alamayan","tag-fabrika","tag-grev","tag-iscileri","tag-maaslarini","tag-yapiyor"],"jetpack_publicize_connections":[],"jetpack_featured_media_url":"https:\/\/i0.wp.com\/www.tvturk.com\/wp-content\/uploads\/2019\/05\/maaslarini-alamayan-fabrika-iscileri-grev-yapiyor_3a3d6ab.jpg?fit=704%2C386","jetpack_sharing_enabled":true,"jetpack_shortlink":"https:\/\/wp.me\/paKIfm-FHn","_links":{"self":[{"href":"http:\/\/www.tvturk.com\/index.php\/wp-json\/wp\/v2\/posts\/160293","targetHints":{"allow":["GET"]}}],"collection":[{"href":"http:\/\/www.tvturk.com\/index.php\/wp-json\/wp\/v2\/posts"}],"about":[{"href":"http:\/\/www.tvturk.com\/index.php\/wp-json\/wp\/v2\/types\/post"}],"author":[{"embeddable":true,"href":"http:\/\/www.tvturk.com\/index.php\/wp-json\/wp\/v2\/users\/1"}],"replies":[{"embeddable":true,"href":"http:\/\/www.tvturk.com\/index.php\/wp-json\/wp\/v2\/comments?post=160293"}],"version-history":[{"count":0,"href":"http:\/\/www.tvturk.com\/index.php\/wp-json\/wp\/v2\/posts\/160293\/revisions"}],"wp:featuredmedia":[{"embeddable":true,"href":"http:\/\/www.tvturk.com\/index.php\/wp-json\/wp\/v2\/media\/160294"}],"wp:attachment":[{"href":"http:\/\/www.tvturk.com\/index.php\/wp-json\/wp\/v2\/media?parent=160293"}],"wp:term":[{"taxonomy":"category","embeddable":true,"href":"http:\/\/www.tvturk.com\/index.php\/wp-json\/wp\/v2\/categories?post=160293"},{"taxonomy":"post_tag","embeddable":true,"href":"http:\/\/www.tvturk.com\/index.php\/wp-json\/wp\/v2\/tags?post=160293"}],"curies":[{"name":"wp","href":"https:\/\/api.w.org\/{rel}","templated":true}]}}