{"id":160325,"date":"2019-05-22T09:49:58","date_gmt":"2019-05-22T06:49:58","guid":{"rendered":"http:\/\/www.tvturk.com\/index.php\/sahur-vakti-hakkari-sokaklarinda-album-tanitimi\/"},"modified":"2019-05-22T09:49:58","modified_gmt":"2019-05-22T06:49:58","slug":"sahur-vakti-hakkari-sokaklarinda-album-tanitimi","status":"publish","type":"post","link":"http:\/\/www.tvturk.com\/index.php\/sahur-vakti-hakkari-sokaklarinda-album-tanitimi\/","title":{"rendered":"Sahur vakti Hakkari sokaklar\u0131nda alb\u00fcm tan\u0131t\u0131m\u0131"},"content":{"rendered":"<p>Hakkarili \u00fcnl\u00fc t\u00fcrk\u00fcc\u00fc Ayd\u0131n Ayd\u0131n, yeni \u00e7\u0131kard\u0131\u011f\u0131 \u2019Da\u011flar\u0131n Ba\u015fkenti Hakkari\u2019 isimli alb\u00fcm\u00fcn\u00fcn tan\u0131t\u0131m\u0131n\u0131 vatanda\u015flar\u0131 sahura kald\u0131rarak yapt\u0131.<\/p>\n<p>S\u0131ra d\u0131\u015f\u0131 klip ve \u015fark\u0131larla g\u00fcndeme gelen t\u00fcrk\u00fcc\u00fc Ayd\u0131n Ayd\u0131n, Hakkari Valili\u011fi taraf\u0131ndan bu ak\u015fam d\u00fczenlenecek olan \u20193. Ters Lale ve U\u00e7kun Festivali\u2019ne vatanda\u015flar\u0131 hem megafonla davet etti hem de yeni alb\u00fcm\u00fc olan \u2019Da\u011flar\u0131n Ba\u015fkenti Hakkari\u2019 isimli t\u00fcrk\u00fcs\u00fcn\u00fc seslendirerek sahura kald\u0131rd\u0131.<\/p>\n<p>T\u00fcrk\u00fcc\u00fc Ayd\u0131n Ayd\u0131n, bir s\u00fcre \u00f6nce \u00c7ukurca il\u00e7esinde yabani bir da\u011f ke\u00e7isiyle \u00e7ekimlerine ba\u015flad\u0131\u011f\u0131 \u2019Da\u011flar\u0131n Ba\u015fkenti Hakkari\u2019 isimli alb\u00fcm\u00fcn\u00fcn tan\u0131t\u0131m\u0131n\u0131 sahur vaktinde Hakkari sokaklar\u0131n\u0131 gezerek yapt\u0131. Bir kamyonete ses sistemiyle televizyon yerle\u015ftirerek kasas\u0131nda oturan \u00fcnl\u00fc t\u00fcrk\u00fcc\u00fc, hem elindeki megafonla anons yaparak vatanda\u015flar\u0131 sahura uyand\u0131rd\u0131 hem de 3. Ters Lale ve U\u00e7kun Festivali\u2019ne davet etti.<\/p>\n<p>Sahur vaktinde kamyonet \u00fczerinde sokak sokak gezen Ayd\u0131n Ayd\u0131n\u2019\u0131 yoldan ge\u00e7en vatanda\u015flar cep telefonlar\u0131yla kaydederken, evlerinin camlar\u0131ndan ve balkonlar\u0131ndan g\u00f6renler ise \u015fa\u015fk\u0131nl\u0131klar\u0131n\u0131 gizleyemedi.<\/p>\n<p>Gezintisini \u00e7ar\u015f\u0131 merkezinde sonland\u0131ran t\u00fcrk\u00fcc\u00fc Ayd\u0131n Ayd\u0131n, T\u00fcrkiye\u2019nin d\u00f6rt bir yan\u0131nda davulcular\u0131n davul \u00e7alarak veya maniler s\u00f6yleyerek insanlar\u0131 sahura kald\u0131rd\u0131\u011f\u0131n\u0131 belirterek, kendisinin ise hem\u015fehrilerini t\u00fcrk\u00fcs\u00fcyle sahura uyand\u0131rd\u0131\u011f\u0131n\u0131 s\u00f6yledi. T\u00fcrk\u00fcc\u00fc Ayd\u0131n, \u201cT\u00fcrkiye\u2019nin d\u00f6rt bir yan\u0131nda vatanda\u015flar\u0131 sahura davulcular uyand\u0131r\u0131r. Ben ise hem\u015fehrilerimi yeni t\u00fcrk\u00fcm\u00fc s\u00f6yleyerek sahura uyand\u0131rd\u0131m. Benim alb\u00fcm\u00fcm m\u00fcbarek Ramazan ay\u0131na denk geldi. Rahmeti ve bereketi \u00fczerimize olsun. G\u00fcnd\u00fcz insanlar yo\u011fun. \u0130ftar vakti daha \u00e7ok yo\u011fun. En g\u00fczeli sahur vaktiydi diye d\u00fc\u015f\u00fcnd\u00fcm. B\u00f6ylesi bir klip tan\u0131t\u0131m\u0131 T\u00fcrkiye\u2019de belki ilk defa oluyor. Sahur vaktinde hem alb\u00fcm\u00fcm\u00fcn tan\u0131t\u0131m\u0131n\u0131 yapt\u0131m hem de vatanda\u015flar\u0131m\u0131z\u0131 t\u00fcrk\u00fcmle sahura kald\u0131rd\u0131m. Ayr\u0131ca Hakkari Valili\u011finin d\u00fczenleyece\u011fi 3. Ters Lale ve U\u00e7kun Festivali i\u00e7in de b\u00fct\u00fcn hem\u015fehrilerimi davet ettim. Bu ak\u015fam valilik \u00f6n\u00fcnde d\u00fczenlenecek olan festivale t\u00fcm vatanda\u015flar\u0131m\u0131z\u0131 bekliyoruz\u201d diye konu\u015ftu.<\/p>\n<p>Konu\u015fmas\u0131n\u0131n ard\u0131ndan eline megafonu alan \u00fcnl\u00fc t\u00fcrk\u00fcc\u00fc, K\u00fcrt\u00e7e ve T\u00fcrk\u00e7e olarak \u201cSevgili Hakkarililer, sahur vaktidir. Sahura kalk\u0131n\u201d diye seslendi.<\/p>\n","protected":false},"excerpt":{"rendered":"<p>HAKKAR\u0130L\u0130 \u00dcNL\u00dc T\u00dcRK\u00dcC\u00dc AYDIN AYDIN, YEN\u0130 \u00c7IKARDI\u011eI \u201cDA\u011eLARIN BA\u015eKENT\u0130 HAKKAR\u0130\u201d \u0130S\u0130ML\u0130 ALB\u00dcM\u00dcN\u00dcN TANITIMINI VATANDA\u015eLARI SAHURA KALDIRARAK YAPTI.<\/p>\n","protected":false},"author":1,"featured_media":160326,"comment_status":"closed","ping_status":"open","sticky":false,"template":"","format":"standard","meta":{"jetpack_post_was_ever_published":false,"_jetpack_newsletter_access":"","_jetpack_dont_email_post_to_subs":false,"_jetpack_newsletter_tier_id":0,"_jetpack_memberships_contains_paywalled_content":false,"_jetpack_memberships_contains_paid_content":false,"footnotes":"","jetpack_publicize_message":"","jetpack_publicize_feature_enabled":true,"jetpack_social_post_already_shared":true,"jetpack_social_options":{"image_generator_settings":{"template":"highway","default_image_id":0,"font":"","enabled":false},"version":2}},"categories":[1],"tags":[34535,34162,1674,20775,343,1445],"class_list":["post-160325","post","type-post","status-publish","format-standard","has-post-thumbnail","hentry","category-genel","tag-sahur","tag-album","tag-hakkari","tag-sokaklarinda","tag-tanitimi","tag-vakti"],"jetpack_publicize_connections":[],"jetpack_featured_media_url":"https:\/\/i0.wp.com\/www.tvturk.com\/wp-content\/uploads\/2019\/05\/sahur-vakti-hakkari-sokaklarinda-album-tanitimi_1a67330.jpg?fit=1000%2C662","jetpack_sharing_enabled":true,"jetpack_shortlink":"https:\/\/wp.me\/paKIfm-FHT","_links":{"self":[{"href":"http:\/\/www.tvturk.com\/index.php\/wp-json\/wp\/v2\/posts\/160325","targetHints":{"allow":["GET"]}}],"collection":[{"href":"http:\/\/www.tvturk.com\/index.php\/wp-json\/wp\/v2\/posts"}],"about":[{"href":"http:\/\/www.tvturk.com\/index.php\/wp-json\/wp\/v2\/types\/post"}],"author":[{"embeddable":true,"href":"http:\/\/www.tvturk.com\/index.php\/wp-json\/wp\/v2\/users\/1"}],"replies":[{"embeddable":true,"href":"http:\/\/www.tvturk.com\/index.php\/wp-json\/wp\/v2\/comments?post=160325"}],"version-history":[{"count":0,"href":"http:\/\/www.tvturk.com\/index.php\/wp-json\/wp\/v2\/posts\/160325\/revisions"}],"wp:featuredmedia":[{"embeddable":true,"href":"http:\/\/www.tvturk.com\/index.php\/wp-json\/wp\/v2\/media\/160326"}],"wp:attachment":[{"href":"http:\/\/www.tvturk.com\/index.php\/wp-json\/wp\/v2\/media?parent=160325"}],"wp:term":[{"taxonomy":"category","embeddable":true,"href":"http:\/\/www.tvturk.com\/index.php\/wp-json\/wp\/v2\/categories?post=160325"},{"taxonomy":"post_tag","embeddable":true,"href":"http:\/\/www.tvturk.com\/index.php\/wp-json\/wp\/v2\/tags?post=160325"}],"curies":[{"name":"wp","href":"https:\/\/api.w.org\/{rel}","templated":true}]}}