{"id":160695,"date":"2019-05-22T16:40:13","date_gmt":"2019-05-22T13:40:13","guid":{"rendered":"http:\/\/www.tvturk.com\/index.php\/baskan-osman-zolan-insaat-sektorunde-yasanan-sikintiyla-ilgili-o-kurumu-isaret-etti\/"},"modified":"2019-05-22T16:40:13","modified_gmt":"2019-05-22T13:40:13","slug":"baskan-osman-zolan-insaat-sektorunde-yasanan-sikintiyla-ilgili-o-kurumu-isaret-etti","status":"publish","type":"post","link":"http:\/\/www.tvturk.com\/index.php\/baskan-osman-zolan-insaat-sektorunde-yasanan-sikintiyla-ilgili-o-kurumu-isaret-etti\/","title":{"rendered":"Ba\u015fkan Osman Zolan, in\u015faat sekt\u00f6r\u00fcnde ya\u015fanan s\u0131k\u0131nt\u0131yla ilgili o kurumu i\u015faret etti"},"content":{"rendered":"<p>Denizli B\u00fcy\u00fck\u015fehir Belediye Ba\u015fkan\u0131 Osman Zolan, TMMOB\u2019ye ba\u011fl\u0131 odalar\u0131n &#8220;Planl\u0131 Alanlar \u0130mar Y\u00f6netmeli\u011fi&#8221; hakk\u0131nda a\u00e7t\u0131\u011f\u0131 dava sonucu Denizli ve T\u00fcrkiye\u2019de b\u00fcy\u00fck s\u0131k\u0131nt\u0131lar ya\u015fayan in\u015faat sekt\u00f6r\u00fcyle ilgili yapt\u0131\u011f\u0131 a\u00e7\u0131klamada, &#8220;Bunun m\u00fcsebbibi ne b\u00fcy\u00fck\u015fehir belediyeleridir ne de il\u00e7e belediyeleridir, bu TMMOB\u2019ye ba\u011fl\u0131 odalar\u0131n a\u00e7t\u0131\u011f\u0131 dava sonucunda ortaya \u00e7\u0131kan bir husustur&#8221; dedi.<\/p>\n<p>T\u00fcrk M\u00fchendis ve Mimar Odalar\u0131 Birli\u011fi\u2019ne (TMMOB) ba\u011fl\u0131 odalar\u0131n a\u00e7t\u0131\u011f\u0131 dava sonucunda Denizli ve T\u00fcrkiye\u2019de b\u00fcy\u00fck sorunlar ya\u015fayan in\u015faat sekt\u00f6r\u00fc, B\u00fcy\u00fck\u015fehir Belediye Meclisi May\u0131s Ay\u0131 Ola\u011fan Toplant\u0131s\u0131nda da g\u00fcndeme geldi. TMMOB\u2019ye ba\u011fl\u0131 Mimarlar Odas\u0131, \u015eehir Planc\u0131lar\u0131 Odas\u0131 ve Makine M\u00fchendisleri Odas\u0131 taraf\u0131ndan &#8220;Planl\u0131 Alanlar \u0130mar Y\u00f6netmeli\u011finin&#8221; baz\u0131 maddeleri hakk\u0131nda a\u00e7\u0131lan davalar sonucunda Dan\u0131\u015ftay 6. Dairesi y\u00fcr\u00fctmenin durdurulmas\u0131 karar\u0131 verdi. S\u00f6z konusu y\u00fcr\u00fctmeyi durdurma karar\u0131 ile balkon, ara sahanl\u0131klar dahil a\u00e7\u0131k veya kapal\u0131 merdiven evi, kap\u0131c\u0131 dairesi, kat holleri, teras \u00e7at\u0131lar, silolar, trafolar, a\u00e7\u0131k y\u00fczme havuzlar\u0131 gibi alanlar\u0131n do\u011frudan emsal hesab\u0131na girmesi nedeniyle yap\u0131 alan\u0131nda en az y\u00fczde 30 azalma olu\u015ftu\u011fundan yap\u0131 sahipleri ba\u015fta olmak \u00fczere m\u00fcteahhitler, kooperatifler taraf\u0131ndan in\u015faat ba\u015fvurular\u0131 durma noktas\u0131na geldi.<\/p>\n<p>\u201cBu sekt\u00f6rlerdeki istihdam da olumsuz etkilendi\u201d<\/p>\n<p>\u00c7evre ve \u015eehircilik Bakanl\u0131\u011f\u0131n\u0131n mahkeme karar\u0131n\u0131 belediyelere tebli\u011finden itibaren ise in\u015faat sekt\u00f6r\u00fcn\u00fc ve vatanda\u015flar\u0131 do\u011frudan ilgilendiren ruhsat ba\u015fvurular\u0131yla ilgili sorunlar ya\u015fanmaya ba\u015fland\u0131. Bu durum in\u015faat faaliyetlerinde azalmalar\u0131n yan\u0131 s\u0131ra belediyelerde proje onay\u0131 tamamlanarak hen\u00fcz ruhsat ba\u015fvurusunda bulunmam\u0131\u015f veya ruhsat ba\u015fvurusunda bulunmu\u015f ancak, hen\u00fcz ruhsat almam\u0131\u015f ki\u015filerin bu s\u00fcre\u00e7te yapm\u0131\u015f oldu\u011fu, proje gibi haz\u0131rl\u0131klardan do\u011fan ekonomik kay\u0131plar\u0131n\u0131 da ortaya \u00e7\u0131kard\u0131. T\u00fcm bunlar\u0131n yan\u0131nda in\u015faat sekt\u00f6r\u00fcne hizmet veren elektrik, tesisat, boya, yal\u0131t\u0131m, beton, demir, in\u015faat malzemesi sat\u0131\u015f kollar\u0131 gibi sekt\u00f6rler ve bu sekt\u00f6rlerdeki istihdam da olumsuz etkilendi. Ayr\u0131ca bu durum sa\u011fl\u0131k, e\u011fitim alanlar\u0131nda hizmet veren sekt\u00f6rlerin a\u00e7ma ruhsatlar\u0131n\u0131n da \u00f6n\u00fcnde engeller olu\u015fturdu.<\/p>\n<p>\u201c\u0130\u015f yeri a\u00e7ma ruhsat\u0131 ile ilgili s\u0131k\u0131nt\u0131lar var\u201d<\/p>\n<p>Denizli ve T\u00fcrkiye\u2019de b\u00fcy\u00fck sorun ya\u015fayan in\u015faat sekt\u00f6r\u00fcyle ilgili karar B\u00fcy\u00fck\u015fehir Belediye Meclisi May\u0131s Ay\u0131 Ola\u011fan Toplant\u0131s\u0131nda da g\u00fcndeme geldi. Merkezefendi il\u00e7esinin baz\u0131 mahallerinde ayr\u0131lan trafo alanlar\u0131n\u0131n s\u00f6z konusu mahkeme karar\u0131 gere\u011fi iptal edilmesiyle ilgili g\u00fcndem maddesi hakk\u0131nda konu\u015fan Denizli B\u00fcy\u00fck\u015fehir Belediye Ba\u015fkan\u0131 Osman Zolan, &#8220;Bug\u00fcn Denizlimizde ve \u00fclkemizde ruhsat alma ile ilgili s\u0131k\u0131nt\u0131lar var; ruhsat alm\u0131\u015f olan yerlerin iskan almas\u0131 ile ilgili s\u0131k\u0131nt\u0131lar var; iskan alan yerlerin i\u015f yeri a\u00e7ma ruhsat\u0131 ile ilgili s\u0131k\u0131nt\u0131lar\u0131 var. Bunun da sebebi TMMOB\u2019ye ba\u011fl\u0131 odalar\u0131n a\u00e7t\u0131\u011f\u0131 dava sonucunda verilen y\u00fcr\u00fctmeyi durma karar\u0131d\u0131r. Bu sadece Denizli\u2019de de\u011fil t\u00fcm T\u00fcrkiye\u2019de bu \u015fekildedir&#8221; dedi.<\/p>\n<p>\u201cBu TMMOB\u2019ye ba\u011fl\u0131 odalar\u0131n a\u00e7t\u0131\u011f\u0131 dava sonucunda ortaya \u00e7\u0131kan bir husustur\u201d<\/p>\n<p>T\u00fcm belediyelerin mahkeme karar\u0131na uymak zorunda oldu\u011funu vurgulayan Ba\u015fkan Osman Zolan, \u015funlar\u0131 kaydetti: &#8220;Biz sadece mahkeme karar\u0131n\u0131 uygulama boyutunday\u0131z. Bu i\u015ften in\u015faat sekt\u00f6r\u00fcne hizmet veren m\u00fchendislik, mimarl\u0131k, m\u00fcteahhitlik firmalar\u0131 ve i\u015f d\u00fcnyas\u0131 zarar g\u00f6rmekte ayn\u0131 zamanda istihdam anlam\u0131nda daralmaya sebep olmaktad\u0131r. Bunun m\u00fcsebbibi ne b\u00fcy\u00fck\u015fehir belediyeleri ne de il\u00e7e belediyeleridir, bu TMMOB\u2019ye ba\u011fl\u0131 odalar\u0131n a\u00e7t\u0131\u011f\u0131 dava sonucunda ortaya \u00e7\u0131kan bir husustur.&#8221;<\/p>\n<p>Konu\u015fman\u0131n ard\u0131ndan Merkezefendi il\u00e7esinin baz\u0131 mahallelerinde ayr\u0131lan trafo alanlar\u0131 s\u00f6z konusu mahkeme karar\u0131 gere\u011fince iptal edildi.<\/p>\n","protected":false},"excerpt":{"rendered":"<p>DEN\u0130ZL\u0130 B\u00dcY\u00dcK\u015eEH\u0130R BELED\u0130YE BA\u015eKANI OSMAN ZOLAN, TMMOB&#8217;YE BA\u011eLI ODALARIN &#8220;PLANLI ALANLAR \u0130MAR Y\u00d6NETMEL\u0130\u011e\u0130&#8221; HAKKINDA A\u00c7TI\u011eI DAVA SONUCU DEN\u0130ZL\u0130 VE T\u00dcRK\u0130YE&#8217;DE B\u00dcY\u00dcK SIKINTILAR YA\u015eAYAN \u0130N\u015eAAT SEKT\u00d6R\u00dcYLE \u0130LG\u0130L\u0130 YAPTI\u011eI A\u00c7IKLAMADA, &#8220;BUNUN M\u00dcSEBB\u0130B\u0130 NE B\u00dcY\u00dcK\u015eEH\u0130R BELED\u0130YELER\u0130D\u0130R NE DE \u0130L\u00c7E BELED\u0130YELER\u0130D\u0130R, BU TMMOB&#8217;YE BA\u011eLI ODALARIN A\u00c7TI\u011eI DAVA SONUCUNDA ORTAYA \u00c7IKAN B\u0130R HUSUSTUR&#8221; DED\u0130.<\/p>\n","protected":false},"author":1,"featured_media":160696,"comment_status":"closed","ping_status":"open","sticky":false,"template":"","format":"standard","meta":{"jetpack_post_was_ever_published":false,"_jetpack_newsletter_access":"","_jetpack_dont_email_post_to_subs":false,"_jetpack_newsletter_tier_id":0,"_jetpack_memberships_contains_paywalled_content":false,"_jetpack_memberships_contains_paid_content":false,"footnotes":"","jetpack_publicize_message":"","jetpack_publicize_feature_enabled":true,"jetpack_social_post_already_shared":true,"jetpack_social_options":{"image_generator_settings":{"template":"highway","default_image_id":0,"font":"","enabled":false},"version":2}},"categories":[19],"tags":[100,207,3012,1193,1738,4855,3356,7135,37678,5775,26522],"class_list":["post-160695","post","type-post","status-publish","format-standard","has-post-thumbnail","hentry","category-ekonomi","tag-baskan","tag-etti","tag-ilgili","tag-insaat","tag-isaret","tag-kurumu","tag-osman","tag-sektorunde","tag-sikintiyla","tag-yasanan","tag-zolan"],"jetpack_publicize_connections":[],"jetpack_featured_media_url":"https:\/\/i0.wp.com\/www.tvturk.com\/wp-content\/uploads\/2019\/05\/baskan-osman-zolan-insaat-sektorunde-yasanan-sikintiyla-ilgili-o-kurumu-isaret-etti_13a6efe.jpg?fit=1000%2C666","jetpack_sharing_enabled":true,"jetpack_shortlink":"https:\/\/wp.me\/paKIfm-FNR","_links":{"self":[{"href":"http:\/\/www.tvturk.com\/index.php\/wp-json\/wp\/v2\/posts\/160695","targetHints":{"allow":["GET"]}}],"collection":[{"href":"http:\/\/www.tvturk.com\/index.php\/wp-json\/wp\/v2\/posts"}],"about":[{"href":"http:\/\/www.tvturk.com\/index.php\/wp-json\/wp\/v2\/types\/post"}],"author":[{"embeddable":true,"href":"http:\/\/www.tvturk.com\/index.php\/wp-json\/wp\/v2\/users\/1"}],"replies":[{"embeddable":true,"href":"http:\/\/www.tvturk.com\/index.php\/wp-json\/wp\/v2\/comments?post=160695"}],"version-history":[{"count":0,"href":"http:\/\/www.tvturk.com\/index.php\/wp-json\/wp\/v2\/posts\/160695\/revisions"}],"wp:featuredmedia":[{"embeddable":true,"href":"http:\/\/www.tvturk.com\/index.php\/wp-json\/wp\/v2\/media\/160696"}],"wp:attachment":[{"href":"http:\/\/www.tvturk.com\/index.php\/wp-json\/wp\/v2\/media?parent=160695"}],"wp:term":[{"taxonomy":"category","embeddable":true,"href":"http:\/\/www.tvturk.com\/index.php\/wp-json\/wp\/v2\/categories?post=160695"},{"taxonomy":"post_tag","embeddable":true,"href":"http:\/\/www.tvturk.com\/index.php\/wp-json\/wp\/v2\/tags?post=160695"}],"curies":[{"name":"wp","href":"https:\/\/api.w.org\/{rel}","templated":true}]}}