{"id":160723,"date":"2019-05-22T17:43:38","date_gmt":"2019-05-22T14:43:38","guid":{"rendered":"http:\/\/www.tvturk.com\/index.php\/orduda-radyasyon-degerleri-normal-seviyede\/"},"modified":"2019-05-22T17:43:38","modified_gmt":"2019-05-22T14:43:38","slug":"orduda-radyasyon-degerleri-normal-seviyede","status":"publish","type":"post","link":"http:\/\/www.tvturk.com\/index.php\/orduda-radyasyon-degerleri-normal-seviyede\/","title":{"rendered":"Ordu\u2019da radyasyon de\u011ferleri normal seviyede"},"content":{"rendered":"<p>Ordu Valili\u011fi, \u015fehirde radyasyon de\u011ferleri y\u00f6n\u00fcnden endi\u015felendirici bir durum olmad\u0131\u011f\u0131n\u0131 bildirdi.<\/p>\n<p>Ordu Valili\u011fi\u2019nden yap\u0131lan yaz\u0131l\u0131 a\u00e7\u0131klamada, Avrupa Birli\u011fi Ortak Ara\u015ft\u0131rma Merkezi\u2019nin radyoaktivite \u00e7evresel izleme haritas\u0131na g\u00f6re, Ordu\u2019da \u00f6l\u00e7\u00fclen radyasyon de\u011ferlerinin kabul edilebilir d\u00fczeyin \u00e7ok \u00fcst\u00fcnde oldu\u011fu yolunda sosyal medyada birtak\u0131m bilgiler ve payla\u015f\u0131mlar yer ald\u0131\u011f\u0131 belirtildi. Radyasyon de\u011ferleri y\u00f6n\u00fcnden endi\u015fe edilecek bir durum olmad\u0131\u011f\u0131na dikkat \u00e7ekilen a\u00e7\u0131klamada, \u201cSosyal medyada yer alan payla\u015f\u0131mlar \u00fczerine, \u0130l Afet ve Acil Durum M\u00fcd\u00fcrl\u00fc\u011f\u00fcm\u00fcz\u00fcn KBRN ekibi taraf\u0131ndan \u015fehrimizin 5 de\u011fi\u015fik noktas\u0131nda ve Meteoroloji \u0130stasyon M\u00fcd\u00fcrl\u00fc\u011f\u00fc bah\u00e7esinde bulunan cihaz \u00e7evresinde \u00f6l\u00e7\u00fcmler yap\u0131lm\u0131\u015ft\u0131r. Yap\u0131lan \u00f6l\u00e7\u00fcm sonunda \u00e7\u0131kan de\u011ferlerin normalin alt\u0131nda oldu\u011fu g\u00f6r\u00fclm\u00fc\u015ft\u00fcr. Normal de\u011fer olan miliradyan 50 iken, ilimizin muhtelif b\u00f6lgelerinde yap\u0131lan \u00f6l\u00e7\u00fcmlerin ortalama de\u011fer mikroradyan 40 \u00e7\u0131km\u0131\u015ft\u0131r\u201d denildi.<\/p>\n","protected":false},"excerpt":{"rendered":"<p>ORDU VAL\u0130L\u0130\u011e\u0130NDEN YAPILAN YAZILI A\u00c7IKLAMA \u0130LE KENTTE RADYASYON DE\u011eERLER\u0130 Y\u00d6N\u00dcNDEN END\u0130\u015eELEND\u0130R\u0130C\u0130 B\u0130R DURUM OLMADI\u011eI BEL\u0130RT\u0130LD\u0130.<\/p>\n","protected":false},"author":1,"featured_media":160724,"comment_status":"closed","ping_status":"open","sticky":false,"template":"","format":"standard","meta":{"jetpack_post_was_ever_published":false,"_jetpack_newsletter_access":"","_jetpack_dont_email_post_to_subs":false,"_jetpack_newsletter_tier_id":0,"_jetpack_memberships_contains_paywalled_content":false,"_jetpack_memberships_contains_paid_content":false,"footnotes":"","jetpack_publicize_message":"","jetpack_publicize_feature_enabled":true,"jetpack_social_post_already_shared":true,"jetpack_social_options":{"image_generator_settings":{"template":"highway","default_image_id":0,"font":"","enabled":false},"version":2}},"categories":[1],"tags":[27986,12426,363,37686,30335],"class_list":["post-160723","post","type-post","status-publish","format-standard","has-post-thumbnail","hentry","category-genel","tag-degerleri","tag-normal","tag-orduda","tag-radyasyon","tag-seviyede"],"jetpack_publicize_connections":[],"jetpack_featured_media_url":"https:\/\/i0.wp.com\/www.tvturk.com\/wp-content\/uploads\/2019\/05\/orduda-radyasyon-degerleri-normal-seviyede_a5b6365.jpg?fit=1000%2C669","jetpack_sharing_enabled":true,"jetpack_shortlink":"https:\/\/wp.me\/paKIfm-FOj","_links":{"self":[{"href":"http:\/\/www.tvturk.com\/index.php\/wp-json\/wp\/v2\/posts\/160723","targetHints":{"allow":["GET"]}}],"collection":[{"href":"http:\/\/www.tvturk.com\/index.php\/wp-json\/wp\/v2\/posts"}],"about":[{"href":"http:\/\/www.tvturk.com\/index.php\/wp-json\/wp\/v2\/types\/post"}],"author":[{"embeddable":true,"href":"http:\/\/www.tvturk.com\/index.php\/wp-json\/wp\/v2\/users\/1"}],"replies":[{"embeddable":true,"href":"http:\/\/www.tvturk.com\/index.php\/wp-json\/wp\/v2\/comments?post=160723"}],"version-history":[{"count":0,"href":"http:\/\/www.tvturk.com\/index.php\/wp-json\/wp\/v2\/posts\/160723\/revisions"}],"wp:featuredmedia":[{"embeddable":true,"href":"http:\/\/www.tvturk.com\/index.php\/wp-json\/wp\/v2\/media\/160724"}],"wp:attachment":[{"href":"http:\/\/www.tvturk.com\/index.php\/wp-json\/wp\/v2\/media?parent=160723"}],"wp:term":[{"taxonomy":"category","embeddable":true,"href":"http:\/\/www.tvturk.com\/index.php\/wp-json\/wp\/v2\/categories?post=160723"},{"taxonomy":"post_tag","embeddable":true,"href":"http:\/\/www.tvturk.com\/index.php\/wp-json\/wp\/v2\/tags?post=160723"}],"curies":[{"name":"wp","href":"https:\/\/api.w.org\/{rel}","templated":true}]}}