{"id":160747,"date":"2019-05-22T19:35:19","date_gmt":"2019-05-22T16:35:19","guid":{"rendered":"http:\/\/www.tvturk.com\/index.php\/vali-kaymak-turkiyenin-ayaga-kalkmasi-bazi-ulkeleri-rahatsiz-etmistir\/"},"modified":"2019-05-22T19:35:19","modified_gmt":"2019-05-22T16:35:19","slug":"vali-kaymak-turkiyenin-ayaga-kalkmasi-bazi-ulkeleri-rahatsiz-etmistir","status":"publish","type":"post","link":"http:\/\/www.tvturk.com\/index.php\/vali-kaymak-turkiyenin-ayaga-kalkmasi-bazi-ulkeleri-rahatsiz-etmistir\/","title":{"rendered":"Vali Kaymak: \u201cT\u00fcrkiye\u2019nin aya\u011fa kalkmas\u0131 baz\u0131 \u00fclkeleri rahats\u0131z etmi\u015ftir\u201d"},"content":{"rendered":"<p>SAMSUN (\u0130HA) \u2013 Samsun Valisi Osman Kaymak, \u201cT\u00fcrkiye\u2019nin b\u00f6lgesel bir g\u00fc\u00e7 olarak yeniden aya\u011fa kalkmas\u0131 ve uluslararas\u0131 arenada aktif bir g\u00fc\u00e7 olarak yer almas\u0131 baz\u0131 \u00fclkeleri rahats\u0131z etmi\u015ftir\u201d dedi.<\/p>\n<p>Vali Osman Kaymak, Trabzon \u00dcniversitesi Karadeniz K\u00fclt\u00fcr ve Tarihi Uygulama ve Ara\u015ft\u0131rma Merkezi\u2019nin katk\u0131lar\u0131yla Samsun Valili\u011fi ev sahipli\u011finde bir otelde d\u00fczenlenen &#8220;Karadeniz\u2019de \u0130syan, M\u00fcbadele ve Propaganda&#8221; kitab\u0131n\u0131n tan\u0131t\u0131m\u0131 ve &#8220;100 Y\u0131ll\u0131k Yalan: Pontus Paranoyas\u0131 Paneli&#8221;ne kat\u0131ld\u0131. Sayg\u0131 duru\u015fu yap\u0131lmas\u0131 ve \u0130stiklal Mar\u015f\u0131\u2019n\u0131n okunmas\u0131n\u0131n ard\u0131ndan Vali Osman Kaymak, panelin a\u00e7\u0131l\u0131\u015f konu\u015fmas\u0131n\u0131 yapt\u0131.<\/p>\n<p>Pontus meselesi hakk\u0131ndaki g\u00f6r\u00fc\u015flerini belirten Vali Osman Kaymak, \u201cPontus meselesi, ortaya \u00e7\u0131kt\u0131\u011f\u0131 g\u00fcnden bug\u00fcne, tarih\u00ee bir mesele olmaktan \u00e7ok, T\u00fcrkiye \u00fczerinde projeksiyonlar\u0131 olan uluslararas\u0131 g\u00fc\u00e7lerin siyas\u00ee niteli\u011fe d\u00f6n\u00fc\u015ft\u00fcrd\u00fckleri bir dava haline gelmi\u015ftir. Pontus meselesi, tarih, jeopolitik, propaganda, ayr\u0131l\u0131k\u00e7\u0131l\u0131k, istihbarat ve uluslararas\u0131 ili\u015fkiler gibi pek \u00e7ok farkl\u0131 kavram ve disiplinler arac\u0131l\u0131\u011f\u0131yla de\u011ferlendirilmesi gereken bir nitelik arz etmektedir. Sivil toplum kurulu\u015flar\u0131 \u00fczerinden icra edilen ve g\u00fcncel Pontus faaliyetleri kapsam\u0131nda ifade edilebilecek \u00f6nemli organizasyonlardan biri 1982 y\u0131l\u0131nda d\u00fczenlenmi\u015ftir. Selanik\u2019te \u2018Anadolu Facias\u0131n\u0131n 60. Y\u0131ld\u00f6n\u00fcm\u00fc\u2019 ad\u0131yla tertip edilen konferansta, amac\u0131n \u2018Karadeniz-Pontus ile Anadolu\u2019nun di\u011fer y\u00f6relerindeki Rumluk ve Rum k\u00fclt\u00fcr\u00fc ile gelecekte jeopolitik stat\u00fc de\u011fi\u015fti\u011finde Megali \u0130dea\u2019n\u0131n tahakkukunun m\u00fcmk\u00fcn olup olmayaca\u011f\u0131n\u0131 tart\u0131\u015fmak\u2019 oldu\u011fu belirtilmi\u015ftir. Yani de\u011ferli dinleyiciler, T\u00fcrkiye\u2019nin (s\u00f6zde) yok olaca\u011f\u0131n\u0131 varsayan baz\u0131 kesimler, \u2018o g\u00fcne\u2019 haz\u0131rl\u0131kl\u0131 olma do\u011frultusunda hareket etmekteydiler. \u0130\u015fte bu panel ve panelde tan\u0131t\u0131m\u0131 yap\u0131lan \u2018Karadeniz\u2019de \u0130syan, M\u00fcbadele ve Propaganda\u2019 adl\u0131 kitap, T\u00fcrk ara\u015ft\u0131rmac\u0131lar taraf\u0131ndan, hem tarihsel boyutuyla hem de akt\u00fcel durumu itibariyle b\u00f6lgeye ve T\u00fcrkiye\u2019ye y\u00f6nelik icra edilen faaliyetleri if\u015fa etmekte ve tarihin nas\u0131l k\u00f6t\u00fcye kullan\u0131ld\u0131\u011f\u0131n\u0131 tart\u0131\u015fmaktad\u0131r. Ku\u015fkusuz bu kitap Pontus meselesi hakk\u0131nda T\u00fcrk ara\u015ft\u0131rmac\u0131lar\u0131 taraf\u0131ndan yap\u0131lan ara\u015ft\u0131rmalar\u0131n m\u00fctevaz\u0131 bir k\u0131sm\u0131d\u0131r ancak yarataca\u011f\u0131 etki bak\u0131m\u0131ndan ciddi bir potansiyele haizdir\u201d diye konu\u015ftu.<\/p>\n<p>\u201c\u00c7arp\u0131t\u0131lm\u0131\u015f tarihi malzemeler ile soyk\u0131r\u0131m iddialar\u0131 g\u00fcndeme ta\u015f\u0131nmaktad\u0131r\u201d<\/p>\n<p>Baz\u0131 \u00fclkelerin T\u00fcrkiye\u2019nin aya\u011fa kalkmas\u0131ndan rahats\u0131z oldu\u011funu ifade eden Kaymak, \u015funlar\u0131 s\u00f6yledi:<\/p>\n<p>&#8220;T\u00fcrkiye\u2019nin b\u00f6lgesel bir g\u00fc\u00e7 olarak yeniden aya\u011fa kalkmas\u0131 ve uluslararas\u0131 arenada aktif bir g\u00fc\u00e7 olarak yer almas\u0131 baz\u0131 \u00fclkeleri rahats\u0131z etmi\u015ftir. Bu sebeple \u00e7arp\u0131t\u0131lm\u0131\u015f tarihi malzemelere dayal\u0131 olarak Ermeni ve Pontus Meselesi gibi T\u00fcrkiye\u2019ye itham eden s\u00f6zde soyk\u0131r\u0131m iddialar\u0131 g\u00fcndeme ta\u015f\u0131nmaktad\u0131r. Biz bunun fark\u0131nday\u0131z. Onun i\u00e7in gerek tarih\u00e7ilerimiz, gerek siyaset\u00e7ilerimiz gerekse de konunun muhatab\u0131 olan di\u011fer ilgili kesimler, \u00fclkemizin gelece\u011fi ad\u0131na bu tip sorunlar\u0131 s\u00fcrekli servis yapanlara kar\u015f\u0131 teyakkuz halindedir. Bu panelin, Ankara ve \u0130stanbul\u2019da da benzerleri d\u00fczenlenecek. Yunan kamuoyunda farkl\u0131 fikirlerin tart\u0131\u015f\u0131lamad\u0131\u011f\u0131, farkl\u0131 g\u00f6r\u00fc\u015f sergileyenlerin politik ve akademik lince maruz kald\u0131\u011f\u0131 Pontus meselesini, bilimsel, entelekt\u00fcel ve \u00f6zg\u00fcrl\u00fck\u00e7\u00fc merceklerle tart\u0131\u015fmaya a\u00e7maktad\u0131r. Trabzon \u00dcniversitesi Karadeniz K\u00fclt\u00fcr ve Tarihi Uygulama ve Ara\u015ft\u0131rma Merkezi\u2019nin \u00f6nc\u00fc oldu\u011fu bu tarz faaliyetlerin artarak devam etmesini, bu ve benzeri \u00e7al\u0131\u015fmalar\u0131n \u00fclkemiz ve milletimiz i\u00e7in hay\u0131rl\u0131 olmas\u0131 temenni ederim.\u201d<\/p>\n<p>Kaymak\u2019\u0131n konu\u015fmas\u0131n\u0131n ard\u0131ndan Prof. Dr. \u0130brahim Tellio\u011flu y\u00f6netiminde Trabzon \u00dcniversitesi \u00d6\u011fretim \u00dcyesi Prof. Dr. Rahmi \u00c7i\u00e7ek, Karadeniz Teknik \u00dcniversitesi \u00d6\u011fretim \u00dcyesi Dr. \u00d6\u011fretim \u00dcyesi Osman Erim, Karadeniz Teknik \u00dcniversitesi \u00d6\u011fretim \u00dcyesi Prof. Dr. Mehmet Okur, Ankara \u00dcniversitesi \u00d6\u011fretim \u00dcyesi Prof. Dr. Mesut \u00c7apa, Erzincan \u00dcniversitesi \u00d6\u011fretim \u00dcyesi Prof. Dr. Salim G\u00f6k\u00e7en\u2019in konu\u015fmac\u0131 olarak kat\u0131ld\u0131\u011f\u0131 \u2018Karadeniz\u2019de \u0130syan, M\u00fcbadele ve Propaganda\u2019 kitab\u0131n\u0131n tan\u0131t\u0131m\u0131 ve \u2018100 Y\u0131ll\u0131k Yalan: Pontus Paranoyas\u0131 Paneli\u2019 ger\u00e7ekle\u015ftirildi. Panel, soru-cevap \u015feklinde son buldu.<\/p>\n<p>Panele ayr\u0131ca, B\u00fcy\u00fck\u015fehir Belediyesi Ba\u015fkan Vekili Nihat So\u011fuk, Ondokuz May\u0131s \u00dcniversitesi Rekt\u00f6r\u00fc Prof. Dr. Sait Bilgi\u00e7, Samsun \u00dcniversitesi Rekt\u00f6r\u00fc Prof. Dr. Mahmut Ayd\u0131n, Vali Yard\u0131mc\u0131s\u0131 \u0130brahim Avc\u0131, Hasan \u00d6zt\u00fcrk, Atakum Kaymakam\u0131 Nam\u0131k Kemal Nazl\u0131, Tekkek\u00f6y Kaymakam\u0131 Edip \u00c7ak\u0131c\u0131, Canik Kaymakam\u0131 Mahmut Halal, \u0130l Emniyet M\u00fcd\u00fcr\u00fc Vedat Yavuz, Samsun \u00dcniversitesi Rekt\u00f6r Yard\u0131mc\u0131s\u0131 Prof. Dr. Selahattin Kaynak, kamu kurum ve kurulu\u015f m\u00fcd\u00fcrleri, sivil toplum temsilcileri ve \u00e7ok say\u0131da davetli kat\u0131ld\u0131.<\/p>\n","protected":false},"excerpt":{"rendered":"<p>SAMSUN VAL\u0130S\u0130 OSMAN KAYMAK, KATILDI\u011eI PANELDE, \u201cT\u00dcRK\u0130YE\u2019N\u0130N B\u00d6LGESEL B\u0130R G\u00dc\u00c7 OLARAK YEN\u0130DEN AYA\u011eA KALKMASI VE ULUSLARARASI ARENADA AKT\u0130F B\u0130R G\u00dc\u00c7 OLARAK YER ALMASI BAZI \u00dcLKELER\u0130 RAHATSIZ ETM\u0130\u015eT\u0130R. BU SEBEPLE \u00c7ARPITILMI\u015e TAR\u0130H\u0130 MALZEMELERE DAYALI OLARAK ERMEN\u0130 VE PONTUS MESELES\u0130 G\u0130B\u0130 T\u00dcRK\u0130YE\u2019YE \u0130THAM EDEN S\u00d6ZDE SOYKIRIM \u0130DD\u0130ALARI G\u00dcNDEME TA\u015eINMAKTADIR. B\u0130Z BUNUN FARKINDAYIZ\u201d DED\u0130.<\/p>\n","protected":false},"author":1,"featured_media":160748,"comment_status":"closed","ping_status":"open","sticky":false,"template":"","format":"standard","meta":{"jetpack_post_was_ever_published":false,"_jetpack_newsletter_access":"","_jetpack_dont_email_post_to_subs":false,"_jetpack_newsletter_tier_id":0,"_jetpack_memberships_contains_paywalled_content":false,"_jetpack_memberships_contains_paid_content":false,"footnotes":"","jetpack_publicize_message":"","jetpack_publicize_feature_enabled":true,"jetpack_social_post_already_shared":true,"jetpack_social_options":{"image_generator_settings":{"template":"highway","default_image_id":0,"font":"","enabled":false},"version":2}},"categories":[1],"tags":[4663,3414,25236,37692,16392,16646,177,14218,148],"class_list":["post-160747","post","type-post","status-publish","format-standard","has-post-thumbnail","hentry","category-genel","tag-ayaga","tag-bazi","tag-etmistir","tag-kalkmasi","tag-kaymak","tag-rahatsiz","tag-turkiyenin","tag-ulkeleri","tag-vali"],"jetpack_publicize_connections":[],"jetpack_featured_media_url":"https:\/\/i0.wp.com\/www.tvturk.com\/wp-content\/uploads\/2019\/05\/vali-kaymak-turkiyenin-ayaga-kalkmasi-bazi-ulkeleri-rahatsiz-etmistir_e04d92a.jpg?fit=800%2C600","jetpack_sharing_enabled":true,"jetpack_shortlink":"https:\/\/wp.me\/paKIfm-FOH","_links":{"self":[{"href":"http:\/\/www.tvturk.com\/index.php\/wp-json\/wp\/v2\/posts\/160747","targetHints":{"allow":["GET"]}}],"collection":[{"href":"http:\/\/www.tvturk.com\/index.php\/wp-json\/wp\/v2\/posts"}],"about":[{"href":"http:\/\/www.tvturk.com\/index.php\/wp-json\/wp\/v2\/types\/post"}],"author":[{"embeddable":true,"href":"http:\/\/www.tvturk.com\/index.php\/wp-json\/wp\/v2\/users\/1"}],"replies":[{"embeddable":true,"href":"http:\/\/www.tvturk.com\/index.php\/wp-json\/wp\/v2\/comments?post=160747"}],"version-history":[{"count":0,"href":"http:\/\/www.tvturk.com\/index.php\/wp-json\/wp\/v2\/posts\/160747\/revisions"}],"wp:featuredmedia":[{"embeddable":true,"href":"http:\/\/www.tvturk.com\/index.php\/wp-json\/wp\/v2\/media\/160748"}],"wp:attachment":[{"href":"http:\/\/www.tvturk.com\/index.php\/wp-json\/wp\/v2\/media?parent=160747"}],"wp:term":[{"taxonomy":"category","embeddable":true,"href":"http:\/\/www.tvturk.com\/index.php\/wp-json\/wp\/v2\/categories?post=160747"},{"taxonomy":"post_tag","embeddable":true,"href":"http:\/\/www.tvturk.com\/index.php\/wp-json\/wp\/v2\/tags?post=160747"}],"curies":[{"name":"wp","href":"https:\/\/api.w.org\/{rel}","templated":true}]}}