{"id":160815,"date":"2019-05-23T09:49:57","date_gmt":"2019-05-23T06:49:57","guid":{"rendered":"http:\/\/www.tvturk.com\/index.php\/afgan-multecilere-sicak-ilgi\/"},"modified":"2019-05-23T09:49:57","modified_gmt":"2019-05-23T06:49:57","slug":"afgan-multecilere-sicak-ilgi","status":"publish","type":"post","link":"http:\/\/www.tvturk.com\/index.php\/afgan-multecilere-sicak-ilgi\/","title":{"rendered":"Afgan m\u00fcltecilere s\u0131cak ilgi"},"content":{"rendered":"<p>Van Sivil Dayan\u0131\u015fma \u0130nisiyatifi (Van SD\u0130) \u00fcyeleri, otob\u00fcs terminalinde iftar a\u00e7acak imkan\u0131 olmayan Afgan m\u00fcltecilerin imdad\u0131na yeti\u015fti.<\/p>\n<p>\u00dclkelerinden \u00e7e\u015fitli nedenlerden dolay\u0131 g\u00f6\u00e7 ederek T\u00fcrkiye\u2019ye s\u0131\u011f\u0131nan yakla\u015f\u0131k 200 m\u00fclteci, kentteki otob\u00fcs terminalinde 25 g\u00fcnd\u00fcr beklemeye devam ediyor. Otogar yerle\u015fkesinde zor \u015fartlar i\u00e7inde bekleyen Afganistan uyruklu m\u00fclteciler, kendilerine uzanacak bir yard\u0131m eli bekliyor. Kentte 54 sivil toplum kurulu\u015funun bir araya gelerek olu\u015fturdu\u011fu Van SD\u0130 \u00fcyeleri, m\u00fcltecilerin i\u00e7ler ac\u0131s\u0131 durumuna duyars\u0131z kalmayarak yard\u0131m elini uzatt\u0131. Sivil olu\u015fuma ba\u011fl\u0131 \u00fcye dernekler, hay\u0131rseverlerin de deste\u011fiyle Ramazan ay\u0131 s\u00fcresince iftar a\u00e7acak durumu olmayan m\u00fcltecilere iftar yeme\u011fi veriyor.<\/p>\n<p>\u0130HA muhabirine konu\u015fan Van SD\u0130 D\u00f6nem S\u00f6zc\u00fcs\u00fc Emrah Bozkaya, 25 g\u00fcnd\u00fcr \u015fehir terminalinde bekleyen muhacirlere iftar vaktinde yemek verdiklerini belirtti. Say\u0131lar\u0131 200\u2019\u00fc bulan ve temel ihtiya\u00e7lardan yoksun bekleyen muhacirlerin yard\u0131m \u00e7\u0131\u011fl\u0131\u011f\u0131na kulak verdiklerini ifade eden Bozkaya, \u201cVan SD\u0130 olarak ald\u0131\u011f\u0131m\u0131z karar neticesinde, Ramazan ay\u0131 boyunca her g\u00fcn b\u00fcnyemizdeki bir STK\u2019m\u0131z iftar vaktinde yemek verecektir. \u0130steyen sahur da verebilecek. Bu sayede temel g\u0131da ihtiya\u00e7lar\u0131 kar\u015f\u0131lanm\u0131\u015f olacakt\u0131r\u201d dedi.<\/p>\n<p>\u201cBiz sadece lokal bir anestezi yap\u0131yoruz\u201d<\/p>\n<p>M\u00fcltecilerin bir\u00e7ok sorunu oldu\u011funu ancak kendi imkanlar\u0131 do\u011frultusunda sadece g\u0131da ihtiya\u00e7lar\u0131na cevap verebildiklerini dile getiren Bozkaya, s\u00f6zlerini \u015f\u00f6yle s\u00fcrd\u00fcrd\u00fc:<\/p>\n<p>\u201cBiz sadece g\u0131da ihtiya\u00e7lar\u0131n\u0131 kar\u015f\u0131layabiliyoruz. Ancak problem b\u00fcy\u00fck. Burada di\u011fer bir\u00e7ok ihtiya\u00e7lar\u0131 b\u00fcy\u00fck \u00f6l\u00e7\u00fcde kar\u015f\u0131lanm\u0131yor. Lokal olarak bu karde\u015flerimize ensar oluyoruz. Ancak bu muhacirlerin genel bir \u00e7\u00f6z\u00fcme ihtiyac\u0131 var. Biz kentteki b\u00fcrokratlar\u0131m\u0131z\u0131 bu konuda duyarl\u0131 olmaya \u00e7a\u011f\u0131r\u0131yoruz.\u201d<\/p>\n<p>Van SD\u0130\u2019nin kendilerine verdi\u011fi g\u00f6revi yerine getirmeye \u00e7al\u0131\u015ft\u0131klar\u0131n\u0131 belirten \u0130Y\u0130L\u0130KDER Van Temsilcisi Mehmet Salih Toprak ise Afganistan\u2019dan gelen muhacirler i\u00e7in \u2018ensar\u2019 g\u00f6revini yerine getirdiklerini ifade etti.<\/p>\n<p>Sava\u015f nedeniyle \u00fclkelerini terk etmek zorunda kald\u0131klar\u0131n\u0131 dile getiren m\u00fclteciler de g\u00fcnlerdir a\u00e7 olduklar\u0131n\u0131 ve gidecek bir yerlerinin olmad\u0131\u011f\u0131n\u0131 s\u00f6yledi.<\/p>\n","protected":false},"excerpt":{"rendered":"<p>VAN S\u0130V\u0130L DAYANI\u015eMA \u0130N\u0130S\u0130YAT\u0130F\u0130 (VAN SD\u0130) \u00dcYELER\u0130, OTOB\u00dcS TERM\u0130NAL\u0130NDE \u0130FTAR A\u00c7ACAK \u0130MKANI OLMAYAN AFGAN UYRUKLU M\u00dcLTEC\u0130LER\u0130N \u0130MDADINA YET\u0130\u015eT\u0130.<\/p>\n","protected":false},"author":1,"featured_media":160816,"comment_status":"closed","ping_status":"open","sticky":false,"template":"","format":"standard","meta":{"jetpack_post_was_ever_published":false,"_jetpack_newsletter_access":"","_jetpack_dont_email_post_to_subs":false,"_jetpack_newsletter_tier_id":0,"_jetpack_memberships_contains_paywalled_content":false,"_jetpack_memberships_contains_paid_content":false,"footnotes":"","jetpack_publicize_message":"","jetpack_publicize_feature_enabled":true,"jetpack_social_post_already_shared":true,"jetpack_social_options":{"image_generator_settings":{"template":"highway","default_image_id":0,"font":"","enabled":false},"version":2}},"categories":[1],"tags":[4135,1726,22271,256],"class_list":["post-160815","post","type-post","status-publish","format-standard","has-post-thumbnail","hentry","category-genel","tag-afgan","tag-ilgi","tag-multecilere","tag-sicak"],"jetpack_publicize_connections":[],"jetpack_featured_media_url":"https:\/\/i0.wp.com\/www.tvturk.com\/wp-content\/uploads\/2019\/05\/afgan-multecilere-sicak-ilgi_208495d.jpg?fit=1000%2C666","jetpack_sharing_enabled":true,"jetpack_shortlink":"https:\/\/wp.me\/paKIfm-FPN","_links":{"self":[{"href":"http:\/\/www.tvturk.com\/index.php\/wp-json\/wp\/v2\/posts\/160815","targetHints":{"allow":["GET"]}}],"collection":[{"href":"http:\/\/www.tvturk.com\/index.php\/wp-json\/wp\/v2\/posts"}],"about":[{"href":"http:\/\/www.tvturk.com\/index.php\/wp-json\/wp\/v2\/types\/post"}],"author":[{"embeddable":true,"href":"http:\/\/www.tvturk.com\/index.php\/wp-json\/wp\/v2\/users\/1"}],"replies":[{"embeddable":true,"href":"http:\/\/www.tvturk.com\/index.php\/wp-json\/wp\/v2\/comments?post=160815"}],"version-history":[{"count":0,"href":"http:\/\/www.tvturk.com\/index.php\/wp-json\/wp\/v2\/posts\/160815\/revisions"}],"wp:featuredmedia":[{"embeddable":true,"href":"http:\/\/www.tvturk.com\/index.php\/wp-json\/wp\/v2\/media\/160816"}],"wp:attachment":[{"href":"http:\/\/www.tvturk.com\/index.php\/wp-json\/wp\/v2\/media?parent=160815"}],"wp:term":[{"taxonomy":"category","embeddable":true,"href":"http:\/\/www.tvturk.com\/index.php\/wp-json\/wp\/v2\/categories?post=160815"},{"taxonomy":"post_tag","embeddable":true,"href":"http:\/\/www.tvturk.com\/index.php\/wp-json\/wp\/v2\/tags?post=160815"}],"curies":[{"name":"wp","href":"https:\/\/api.w.org\/{rel}","templated":true}]}}