{"id":160851,"date":"2019-05-23T10:29:15","date_gmt":"2019-05-23T07:29:15","guid":{"rendered":"http:\/\/www.tvturk.com\/index.php\/sevimli-ayi-yogi-bursa-yolcusu\/"},"modified":"2019-05-23T10:29:15","modified_gmt":"2019-05-23T07:29:15","slug":"sevimli-ayi-yogi-bursa-yolcusu","status":"publish","type":"post","link":"http:\/\/www.tvturk.com\/index.php\/sevimli-ayi-yogi-bursa-yolcusu\/","title":{"rendered":"Sevimli ay\u0131 \u2018Yogi\u2019 Bursa yolcusu"},"content":{"rendered":"<p>Trabzon\u2019un \u00c7aykara il\u00e7esi \u00c7aml\u0131bel mahallesinde 40 g\u00fcn \u00f6nce bir vatanda\u015f\u0131n evinin yak\u0131n\u0131nda buldu\u011fu ve sahip \u00e7\u0131kt\u0131\u011f\u0131 minik ay\u0131 yavrusu Milli Parklar Trabzon \u015eubesindeki 3 haftal\u0131k bak\u0131m ve kontrollerinin ard\u0131ndan yeni ya\u015fayaca\u011f\u0131 yer olan Bursa Karacabey\u2019deki Ay\u0131 Rehabilitasyon Merkezi\u2019ne g\u00f6nderildi.<\/p>\n<p>Yakla\u015f\u0131k 40 ay \u00f6nce \u00c7aykara il\u00e7esi \u00c7aml\u0131bel mahallesinde duvar ustas\u0131 Yahya G\u00fcnl\u00fc (50), evinin yak\u0131n\u0131nda boz ay\u0131 yavrusunu fark edip evinde bakmaya ba\u015flam\u0131\u015ft\u0131. Yavru ay\u0131y\u0131 \u00e7izgi film karakteri \u2019Ay\u0131 Yogi\u2019den esinlenerek \u2019Yogi\u2019 ismini veren G\u00fcnl\u00fc, ay\u0131y\u0131 biberonla ball\u0131 s\u00fct i\u00e7irerek beslemi\u015f daha sonra yavru ay\u0131y\u0131 Do\u011fa Koruma ve Milli Parklar M\u00fcd\u00fcrl\u00fc\u011f\u00fc ekiplerine teslim etmi\u015fti. 3 haftal\u0131k s\u00fcrede bak\u0131m ve kontrolleri yap\u0131lan yavru ay\u0131 d\u00fcn ak\u015fam karayolu ile bir kamyonetin kasas\u0131nda \u00f6zel bir \u00e7elik kafes i\u00e7inde Bursa Karacabey\u2019deki Ay\u0131 Rehabilitasyon Merkezi\u2019ne do\u011fru yola \u00e7\u0131kt\u0131.<\/p>\n<p>&#8220;G\u00fcnde 2 litrenin \u00fczerinde ball\u0131 s\u00fct t\u00fcketiyordu&#8221;<\/p>\n<p>Trabzon Do\u011fa Koruma ve Milli Parklar \u015eube M\u00fcd\u00fcrl\u00fc\u011f\u00fc\u2019nde veteriner hekim olarak g\u00f6rev yapan Yavuz Selim Ulusal, bak\u0131m\u0131n\u0131 yapt\u0131klar\u0131 ay\u0131n\u0131n g\u00fcnde 2 litre s\u00fct t\u00fcketti\u011fini s\u00f6yledi. Ulusal &#8220;29 Nisan\u2019da \u00c7aykara\u2019dan bize getirildi. Orada vatanda\u015f\u0131n elinden 10 g\u00fcn beslendi. Bulundu\u011funda 5-10 g\u00fcnl\u00fckt\u00fc. Biz g\u00fcnde 4 \u00f6\u011f\u00fcn s\u00fcte bal katarak besledik. Yani g\u00fcnde 2 litrenin \u00fczerinde ball\u0131 s\u00fct t\u00fcketti. Bize geldi\u011finde 5 kilo civar\u0131nda idi \u015fu an 7 kilo civar\u0131. Burada koruyucu hekimlik tedbirleri uygulad\u0131k. Do\u011fadan geldi\u011fi i\u00e7in do\u011fa daha sterildir. \u0130nsanlar\u0131n toplu halde ya\u015fad\u0131\u011f\u0131 yerler evcil hayvanlar\u0131n ya\u015fad\u0131\u011f\u0131 yerdir ve mikrop trafi\u011finin \u00e7ok oldu\u011fu yerledir. Mikrop kapabilir endi\u015fesi ile uzun etkili antibiyotik ile koruma alt\u0131na ald\u0131k. Bursa Karacabey\u2019deki Ova Korusu ve Ay\u0131 Rehabilitasyon Merkezi\u2019ne g\u00f6nderiyoruz. \u015eimdi b\u00fcy\u00fcd\u00fc\u011f\u00fc parma\u011f\u0131m\u0131z\u0131 emzirirken di\u015flerini art\u0131k hissediyoruz, g\u00fc\u00e7lendi. Z\u0131plama yapam\u0131yordu \u015fimdi z\u0131pl\u0131yor\u201d diye konu\u015ftu.<\/p>\n<p>&#8220;Do\u011faya b\u0131raksayd\u0131k \u00f6l\u00fcrd\u00fc&#8221;<\/p>\n<p>Ay\u0131y\u0131 do\u011faya b\u0131rak\u0131lmas\u0131 halinde \u00f6lebilece\u011fini belirten Ulusal, \u201cOrta boydaki bir \u00e7oban k\u00f6pe\u011fi \u00e7ok rahat bu ay\u0131 yavrumuzu bo\u011far. Ay\u0131lar\u0131n ba\u015fka ay\u0131 yavrular\u0131n\u0131 yeme al\u0131\u015fkanl\u0131\u011f\u0131 var. Bu baz\u0131 hayvanlarda var, mesela kurtlarda bu yok. Anne kurt ba\u015fka kurdun yavrusunu sahipsiz buldu mu emzirir, bakar. Ay\u0131lar ise \u00f6ld\u00fcr\u00fcyor. Ya\u015fam\u0131 garanti olsun diye g\u00f6nderiyoruz. Do\u011fal ortama b\u0131raksayd\u0131k \u00f6lecekti. Bir insan\u0131n elinde olsayd\u0131 bir s\u00fcre sonra o da bunu besleyemeyecekti. B\u00fcy\u00fcd\u00fck\u00e7e g\u0131da t\u00fcketimi artacak. En iyi korunaca\u011f\u0131 yer Ay\u0131 Rehabilitasyon Merkezi\u2019dir. \u015eu an orada 70 kadar ay\u0131 var. Bende yolda olumsuz bir duruma kar\u015f\u0131 ekiple birlikte Bursa\u2019ya gidiyorum\u201d \u015feklinde konu\u015ftu.<\/p>\n","protected":false},"excerpt":{"rendered":"<p>TRABZON\u2019UN \u00c7AYKARA \u0130L\u00c7ES\u0130 \u00c7AMLIBEL MAHALLES\u0130NDE B\u0130R VATANDA\u015eIN EV\u0130N\u0130N YAKININDA BULDU\u011eU VE SAH\u0130P \u00c7IKTI\u011eI M\u0130N\u0130K AYI YAVRUSU M\u0130LL\u0130 PARKLAR TRABZON \u015eUBES\u0130NDE F AYLIK  BAKIM VE KONTROLLER\u0130N\u0130N ARDINDAN YEN\u0130 YA\u015eAYACA\u011eI YER OLAN KARACABEY OVA KORUSU AYI BARINA\u011eINA G\u00d6T\u00dcR\u00dcLMEK \u00dcZERE KARA YOLU \u0130LE  BURSA&#8217;YA G\u00d6NDER\u0130LD\u0130.<\/p>\n","protected":false},"author":1,"featured_media":160852,"comment_status":"closed","ping_status":"open","sticky":false,"template":"","format":"standard","meta":{"jetpack_post_was_ever_published":false,"_jetpack_newsletter_access":"","_jetpack_dont_email_post_to_subs":false,"_jetpack_newsletter_tier_id":0,"_jetpack_memberships_contains_paywalled_content":false,"_jetpack_memberships_contains_paid_content":false,"footnotes":"","jetpack_publicize_message":"","jetpack_publicize_feature_enabled":true,"jetpack_social_post_already_shared":true,"jetpack_social_options":{"image_generator_settings":{"template":"highway","default_image_id":0,"font":"","enabled":false},"version":2}},"categories":[1],"tags":[33905,345,4479,22782,5464],"class_list":["post-160851","post","type-post","status-publish","format-standard","has-post-thumbnail","hentry","category-genel","tag-yogi","tag-ayi","tag-bursa","tag-sevimli","tag-yolcusu"],"jetpack_publicize_connections":[],"jetpack_featured_media_url":"https:\/\/i0.wp.com\/www.tvturk.com\/wp-content\/uploads\/2019\/05\/sevimli-ayi-yogi-bursa-yolcusu_7ab1ccb.jpg?fit=1000%2C662","jetpack_sharing_enabled":true,"jetpack_shortlink":"https:\/\/wp.me\/paKIfm-FQn","_links":{"self":[{"href":"http:\/\/www.tvturk.com\/index.php\/wp-json\/wp\/v2\/posts\/160851","targetHints":{"allow":["GET"]}}],"collection":[{"href":"http:\/\/www.tvturk.com\/index.php\/wp-json\/wp\/v2\/posts"}],"about":[{"href":"http:\/\/www.tvturk.com\/index.php\/wp-json\/wp\/v2\/types\/post"}],"author":[{"embeddable":true,"href":"http:\/\/www.tvturk.com\/index.php\/wp-json\/wp\/v2\/users\/1"}],"replies":[{"embeddable":true,"href":"http:\/\/www.tvturk.com\/index.php\/wp-json\/wp\/v2\/comments?post=160851"}],"version-history":[{"count":0,"href":"http:\/\/www.tvturk.com\/index.php\/wp-json\/wp\/v2\/posts\/160851\/revisions"}],"wp:featuredmedia":[{"embeddable":true,"href":"http:\/\/www.tvturk.com\/index.php\/wp-json\/wp\/v2\/media\/160852"}],"wp:attachment":[{"href":"http:\/\/www.tvturk.com\/index.php\/wp-json\/wp\/v2\/media?parent=160851"}],"wp:term":[{"taxonomy":"category","embeddable":true,"href":"http:\/\/www.tvturk.com\/index.php\/wp-json\/wp\/v2\/categories?post=160851"},{"taxonomy":"post_tag","embeddable":true,"href":"http:\/\/www.tvturk.com\/index.php\/wp-json\/wp\/v2\/tags?post=160851"}],"curies":[{"name":"wp","href":"https:\/\/api.w.org\/{rel}","templated":true}]}}