{"id":160893,"date":"2019-05-23T11:02:03","date_gmt":"2019-05-23T08:02:03","guid":{"rendered":"http:\/\/www.tvturk.com\/index.php\/turgay-demirelden-hidayet-turkogluna-tepki\/"},"modified":"2019-05-23T11:02:03","modified_gmt":"2019-05-23T08:02:03","slug":"turgay-demirelden-hidayet-turkogluna-tepki","status":"publish","type":"post","link":"http:\/\/www.tvturk.com\/index.php\/turgay-demirelden-hidayet-turkogluna-tepki\/","title":{"rendered":"Turgay Demirel\u2019den Hidayet T\u00fcrko\u011flu\u2019na tepki"},"content":{"rendered":"<p>FIBA Avrupa Ba\u015fkan\u0131 ve TBF Onursal Ba\u015fkan\u0131 Turgay Demirel, FIBA Avrupa Ba\u015fkanl\u0131k Se\u00e7imleri \u00f6ncesi kendisinin 8 federasyon taraf\u0131ndan yeniden aday g\u00f6sterildi\u011fini ifade ederek, T\u00fcrkiye Basketbol Federasyonu\u2019nun kendisini desteklememesine tepki g\u00f6sterdi. Demirel, &#8220;Se\u00e7ilmesi ile birlikte \u015fahs\u0131m\u0131 karalamak ve itibars\u0131zla\u015ft\u0131rmak amac\u0131yla pek \u00e7ok as\u0131ls\u0131z yalan haberler \u00fcreten bu ki\u015fiden ve ekibinden zaten herhangi bir destek g\u00f6rmeyece\u011fimi biliyor ve beklemiyordum&#8221; dedi.<\/p>\n<p>FIBA Avrupa Ba\u015fkan\u0131, FIBA D\u00fcnya Ba\u015fkan Yard\u0131mc\u0131s\u0131 ve \u0130cra Kurulu \u00dcyesi ve TBF Onursal Ba\u015fkan\u0131 Turgay Demirel, 24-25 May\u0131s 2019 tarihleri aras\u0131nda Almanya\u2019n\u0131n M\u00fcnih kentinde yap\u0131lacak FIBA Avrupa Kongresi ve Ba\u015fkanl\u0131k se\u00e7imi \u00f6ncesi ya\u015fanan geli\u015fmeler ve kendisine y\u00f6neltilen sorular ile ilgili a\u00e7\u0131klamalarda bulundu. Demirel, &#8220;1992 y\u0131l\u0131nda ba\u015flad\u0131\u011f\u0131m TBF Ba\u015fkanl\u0131\u011f\u0131 g\u00f6revine 6 kez se\u00e7ilerek 23 y\u0131l s\u00fcreyle \u00fclkeme ve T\u00fcrk sporuna hizmet ettim. Bu s\u00fcre\u00e7 i\u00e7erisinde 1994 y\u0131l\u0131ndan itibaren FIBA Avrupa ve D\u00fcnya y\u00f6netimlerinde se\u00e7ildi\u011fim \u00e7e\u015fitli g\u00f6revlerden sonra, 2014 y\u0131l\u0131ndan itibaren FIBA Avrupa Ba\u015fkan\u0131, FIBA D\u00fcnya Ba\u015fkan Yard\u0131mc\u0131s\u0131 ve \u0130cra Kurulu \u00dcyesi olarak d\u00fcnyan\u0131n en \u00f6nemli spor dallar\u0131ndan birinde \u00fclkemi ba\u015far\u0131yla temsil ettim. Bu hafta M\u00fcnih\u2019te yap\u0131lacak se\u00e7imli FIBA Avrupa Genel Kurulu \u00f6ncesi tam 8 Basketbol Federasyonu taraf\u0131ndan yeniden FIBA Avrupa Ba\u015fkanl\u0131\u011f\u0131na aday olarak g\u00f6sterildim. Herhangi bir uluslararas\u0131 spor kurulu\u015funun bu t\u00fcr se\u00e7imlerinde ilk kez kar\u015f\u0131la\u015f\u0131lan baz\u0131 ger\u00e7ekleri ve \u00fclkem ad\u0131na olumsuz alg\u0131 olu\u015fturan olaylar\u0131 Genel Kurul \u00f6ncesi kamuoyu ile payla\u015fmak, \u015fahs\u0131ma pek \u00e7ok ki\u015fi ve medya kurumlar\u0131ndan y\u00f6neltilen sorulara bir a\u00e7\u0131klama yapmak art\u0131k ka\u00e7\u0131n\u0131lmaz olmu\u015ftur&#8221; diye konu\u015ftu.<\/p>\n<p>&#8220;\u0130lk kez bir aday kendi \u00fclkesinin federasyonu taraf\u0131ndan aday g\u00f6sterilmemi\u015ftir&#8221;<\/p>\n<p>Demirel, birden fazla federasyon taraf\u0131ndan aday g\u00f6sterilmesinin bir ilk oldu\u011funu vurgulayarak, &#8220;Yine ilk kez bir Ba\u015fkan aday\u0131, kendi \u00fclkesinin federasyonu taraf\u0131ndan aday g\u00f6sterilmemi\u015ftir. Di\u011fer iki aday, Bel\u00e7ikal\u0131 C. Coomans Bel\u00e7ika Federasyonu taraf\u0131ndan; S\u0131rp aday D. Tomasevi\u00e7 ise S\u0131rbistan Basketbol Federasyonu taraf\u0131ndan aday g\u00f6sterilmi\u015ftir. Bu adayl\u0131k konusunun daha ilgin\u00e7 olan taraf\u0131 ise, S\u0131rp aday D. Tomasevi\u00e7\u2019in aday olmaya TBF Ba\u015fkan\u0131 Hidayet T\u00fcrko\u011flu ve yak\u0131n ekibi taraf\u0131ndan ikna edilmesi; maddi manevi her t\u00fcrl\u00fc olanaklar\u0131n sa\u011flanaca\u011f\u0131 s\u00f6z\u00fc verilerek ve toplant\u0131lar d\u00fczenlenerek kendisine TBF olarak tam destek verildi\u011finin di\u011fer t\u00fcm federasyonlara da a\u00e7\u0131klanmas\u0131d\u0131r. Bu durum ve se\u00e7im s\u00fcrecinde ya\u015fanan bu geli\u015fmeler Avrupa Basketbol Federasyonlar\u0131n\u0131n b\u00fcy\u00fck bir k\u0131sm\u0131n\u0131 \u00e7ok \u015fa\u015f\u0131rtan, a\u00e7\u0131klayamad\u0131klar\u0131 ve anlayamad\u0131klar\u0131 bir ortam olu\u015fturmu\u015ftur. \u015e\u00f6yle ki, bir yanda 23 y\u0131l\u0131n\u0131 T\u00fcrk basketboluna vermi\u015f, onu alm\u0131\u015f oldu\u011fu konumdan \u00e7ok daha y\u00fckseklere \u2019D\u00fcnya ikincili\u011fine\u2019 kadar ta\u015f\u0131m\u0131\u015f ve d\u00fcnyan\u0131n en g\u00fc\u00e7l\u00fc Federasyonlar\u0131ndan biri yapm\u0131\u015f, bir d\u00f6nem daha se\u00e7ilme hakk\u0131 bulunan \u2019T\u00fcrk Ba\u015fkan\u2019 ile di\u011fer yanda S\u0131rbistan Basketbol Federasyonu Genel Sekreteri D. Tomasevi\u00e7\u2019i \u2019Turgay Demirel\u2019e\u2019 kar\u015f\u0131 aday olmaya ikna eden, her t\u00fcrl\u00fc deste\u011fi vereceklerini a\u00e7\u0131klayan Hidayet T\u00fcrko\u011flu ve Ba\u015fkan\u0131 oldu\u011fu T\u00fcrkiye Basketbol Federasyonu&#8221; ifadelerini kulland\u0131.<\/p>\n<p>\u201cTomasevi\u00e7\u2019i adayl\u0131\u011fa te\u015fvik etmeleri gelinen noktay\u0131 g\u00f6stermektedir\u201d<\/p>\n<p>Hidayet T\u00fcrko\u011flu ile ilgili a\u00e7\u0131klamalar\u0131n\u0131 s\u00fcrd\u00fcren Demirel, &#8220;Se\u00e7ilmesi ile birlikte \u015fahs\u0131m\u0131 karalamak ve itibars\u0131zla\u015ft\u0131rmak amac\u0131yla pek \u00e7ok as\u0131ls\u0131z yalan haberler \u00fcreten bu ki\u015fiden ve ekibinden zaten herhangi bir destek g\u00f6rmeyece\u011fimi biliyor ve beklemiyordum. Ancak b\u00f6yle bir milli meselede, ba\u015fka bir \u00fclkeden aday \u00e7\u0131karmak i\u00e7in bu kadar gayret sarf etmeleri, her t\u00fcrl\u00fc deste\u011fi vereceklerini s\u00f6yleyerek ikna etmeleri ve \u00fcstelik bu ki\u015finin S\u0131rbistan Basketbol Federasyonu genel sekreteri olmas\u0131, geldikleri noktay\u0131 a\u00e7\u0131k\u00e7a g\u00f6stermektedir. Se\u00e7ime \u00e7ok az bir zaman kala t\u00fcm gayretlerine ve sa\u011flad\u0131klar\u0131 imkanlara ra\u011fmen netice alamayacaklar\u0131n\u0131 d\u00fc\u015f\u00fcnen Hidayet T\u00fcrko\u011flu ve ekibi, en son hamle olarak kendi e-posta adresinden 49 Federasyona bir mektup g\u00f6nderme c\u00fcretini de g\u00f6stermi\u015f; bu yaz\u0131da \u2019Turgay Demirel\u2019in\u2019 adayl\u0131\u011f\u0131na kesinlikle kar\u015f\u0131 olduklar\u0131n\u0131; di\u011fer iki aday ile iyi ili\u015fkiler i\u00e7inde olduklar\u0131n\u0131 ve desteklediklerini s\u00f6yleyerek iki aday\u0131n bana kar\u015f\u0131 birle\u015fmesini te\u015fvik etmeye \u00e7al\u0131\u015fm\u0131\u015ft\u0131r. Bu son davran\u0131\u015fla birlikte t\u00fcm bu eylemlerini ifade etmek i\u00e7in kullan\u0131lacak kelimenin ne oldu\u011fu herkesin anlayabilece\u011fi kadar a\u00e7\u0131kt\u0131r\u201d \u015feklinde konu\u015ftu.<\/p>\n<p>Bakanl\u0131\u011fa bildirildi<\/p>\n<p>Demirel, konuyu Gen\u00e7lik ve Spor Bakanl\u0131\u011f\u0131\u2019na da iletti\u011fini belirterek, \u201cBakanl\u0131\u011fa da aktard\u0131\u011f\u0131m, TBF ve Ba\u015fkan\u0131\u2019n\u0131n kabul\u00fc ve izah\u0131 olmayan bu davran\u0131\u015flar\u0131na ve \u00e7abalar\u0131na ra\u011fmen, bu Genel Kurul\u2019da \u00f6ncelikleri Avrupa Basketbolunun do\u011fru y\u00f6netilmesi ve basketbolun geli\u015ftirilmesi olan Federasyonlar\u0131n deste\u011fi ile se\u00e7ilmek i\u00e7in, \u00fclkem ad\u0131na tek ba\u015f\u0131ma, muhta\u00e7 oldu\u011fu kuvveti nereden alaca\u011f\u0131n\u0131 bilen bir T\u00fcrk vatanda\u015f\u0131 olarak \u00e7al\u0131\u015fmalar\u0131m\u0131 s\u00fcrd\u00fcr\u00fcyorum. Ortaya \u00e7\u0131kacak her sonucun kendim ve milletim ad\u0131na hay\u0131rl\u0131 olaca\u011f\u0131n\u0131 pe\u015finen kabul ediyorum\u201d a\u00e7\u0131klamas\u0131n\u0131 yapt\u0131.<\/p>\n<p>\u201cTBF Ba\u015fkan\u0131\u2019n\u0131n bu davran\u0131\u015flar\u0131 daha ne kadar g\u00f6rmezden gelinecekti\u201d<\/p>\n<p>Turgay Demirel, s\u00f6zlerini \u015fu \u015fekilde tamamlad\u0131:<\/p>\n<p>\u201cT\u00fcrk sporunu uluslararas\u0131 arenada bu kadar \u00fcst d\u00fczeyde temsil etmekte olan \u00e7ok az say\u0131daki ki\u015filerden biri olarak, bu durumu kamuoyu ile payla\u015fmak, konu hakk\u0131nda bilgilendirmek ve \u015fu soruyu sormak istiyorum:  \u00dclkemizin, \u00f6zellikle son zamanlarda milli de\u011ferlerine sahip \u00e7\u0131kmaya ve yeni de\u011ferler olu\u015fturmaya \u00e7al\u0131\u015ft\u0131\u011f\u0131 bir ortamda, sahip oldu\u011fu milli de\u011ferleri yok etmeye y\u00f6nelik davran\u0131\u015flar\u0131 alenice yapan TBF Ba\u015fkan\u0131 ve ekibinin bu t\u00fcr davran\u0131\u015flar\u0131 daha ne kadar s\u00fcreyle g\u00f6rmezden gelinecektir.\u201d<\/p>\n","protected":false},"excerpt":{"rendered":"<p>FIBA AVRUPA BA\u015eKANI VE TBF ONURSAL BA\u015eKANI TURGAY DEM\u0130REL, FIBA AVRUPA BA\u015eKANLIK SE\u00c7\u0130MLER\u0130 \u00d6NCES\u0130 KEND\u0130S\u0130N\u0130N 8 FEDERASYON TARAFINDAN YEN\u0130DEN ADAY G\u00d6STER\u0130LD\u0130\u011e\u0130N\u0130 \u0130FADE EDEREK, T\u00dcRK\u0130YE BASKETBOL FEDERASYONU&#8217;NUN KEND\u0130S\u0130N\u0130 DESTEKLEMEMES\u0130NE TEPK\u0130 G\u00d6STERD\u0130.<\/p>\n","protected":false},"author":1,"featured_media":160894,"comment_status":"closed","ping_status":"open","sticky":false,"template":"","format":"standard","meta":{"jetpack_post_was_ever_published":false,"_jetpack_newsletter_access":"","_jetpack_dont_email_post_to_subs":false,"_jetpack_newsletter_tier_id":0,"_jetpack_memberships_contains_paywalled_content":false,"_jetpack_memberships_contains_paid_content":false,"footnotes":"","jetpack_publicize_message":"","jetpack_publicize_feature_enabled":true,"jetpack_social_post_already_shared":true,"jetpack_social_options":{"image_generator_settings":{"template":"highway","default_image_id":0,"font":"","enabled":false},"version":2}},"categories":[657],"tags":[37740,37741,961,136,37742],"class_list":["post-160893","post","type-post","status-publish","format-standard","has-post-thumbnail","hentry","category-spor","tag-demirelden","tag-hidayet","tag-tepki","tag-turgay","tag-turkogluna"],"jetpack_publicize_connections":[],"jetpack_featured_media_url":"https:\/\/i0.wp.com\/www.tvturk.com\/wp-content\/uploads\/2019\/05\/turgay-demirelden-hidayet-turkogluna-tepki_0380ca3.jpg?fit=1000%2C666","jetpack_sharing_enabled":true,"jetpack_shortlink":"https:\/\/wp.me\/paKIfm-FR3","_links":{"self":[{"href":"http:\/\/www.tvturk.com\/index.php\/wp-json\/wp\/v2\/posts\/160893","targetHints":{"allow":["GET"]}}],"collection":[{"href":"http:\/\/www.tvturk.com\/index.php\/wp-json\/wp\/v2\/posts"}],"about":[{"href":"http:\/\/www.tvturk.com\/index.php\/wp-json\/wp\/v2\/types\/post"}],"author":[{"embeddable":true,"href":"http:\/\/www.tvturk.com\/index.php\/wp-json\/wp\/v2\/users\/1"}],"replies":[{"embeddable":true,"href":"http:\/\/www.tvturk.com\/index.php\/wp-json\/wp\/v2\/comments?post=160893"}],"version-history":[{"count":0,"href":"http:\/\/www.tvturk.com\/index.php\/wp-json\/wp\/v2\/posts\/160893\/revisions"}],"wp:featuredmedia":[{"embeddable":true,"href":"http:\/\/www.tvturk.com\/index.php\/wp-json\/wp\/v2\/media\/160894"}],"wp:attachment":[{"href":"http:\/\/www.tvturk.com\/index.php\/wp-json\/wp\/v2\/media?parent=160893"}],"wp:term":[{"taxonomy":"category","embeddable":true,"href":"http:\/\/www.tvturk.com\/index.php\/wp-json\/wp\/v2\/categories?post=160893"},{"taxonomy":"post_tag","embeddable":true,"href":"http:\/\/www.tvturk.com\/index.php\/wp-json\/wp\/v2\/tags?post=160893"}],"curies":[{"name":"wp","href":"https:\/\/api.w.org\/{rel}","templated":true}]}}