{"id":161117,"date":"2019-05-23T14:47:10","date_gmt":"2019-05-23T11:47:10","guid":{"rendered":"http:\/\/www.tvturk.com\/index.php\/reis-gida-ramazan-ayinda-herkesi-yardimlasmaya-davet-etti\/"},"modified":"2019-05-23T14:47:10","modified_gmt":"2019-05-23T11:47:10","slug":"reis-gida-ramazan-ayinda-herkesi-yardimlasmaya-davet-etti","status":"publish","type":"post","link":"http:\/\/www.tvturk.com\/index.php\/reis-gida-ramazan-ayinda-herkesi-yardimlasmaya-davet-etti\/","title":{"rendered":"Reis G\u0131da Ramazan ay\u0131nda herkesi yard\u0131mla\u015fmaya davet etti"},"content":{"rendered":"<p>Reis G\u0131da, sosyal medya \u00fczerinden ba\u015flatt\u0131\u011f\u0131 niyetliyiz projesi ile Ramazan ay\u0131nda herkesi yard\u0131mla\u015fmaya davet etti. \u015eirket, proje kapsam\u0131nda, bo\u015f taba\u011fa ka\u015f\u0131k ile vurulan an\u0131n videosunu #SesVer etiketiyle yap\u0131lan her payla\u015f\u0131m ad\u0131na resmi yard\u0131m kurulu\u015flar\u0131na bakliyat yard\u0131m\u0131 yapacak.<\/p>\n<p>Reis G\u0131da, her y\u0131l oldu\u011fu gibi bu y\u0131l da Ramazan ay\u0131nda herkesi yard\u0131mla\u015fmaya \u00e7a\u011f\u0131rd\u0131. Sosyal medya kullan\u0131c\u0131lar\u0131ndan, kendi hesaplar\u0131 \u00fczerinden bo\u015f taba\u011fa ka\u015f\u0131k ile vurularak ses \u00e7\u0131kart\u0131lan anlar\u0131n videosunu isteyen \u015firket, #SesVer etiketiyle payla\u015f\u0131lan videolar\u0131 yard\u0131ma d\u00f6n\u00fc\u015ft\u00fcrecek. Payla\u015f\u0131lan her video ile resmi yard\u0131m kurulu\u015flar\u0131na bakliyat deste\u011finde bulunacak ve ihtiya\u00e7 sahiplerine umut olacak.<\/p>\n<p>&#8220;Ramazan ay\u0131nda elimizi uzatmaya niyetliyiz&#8221;<\/p>\n<p>&#8220;Taba\u011f\u0131m\u0131z\u0131 payla\u015fal\u0131m umudu \u00e7o\u011faltal\u0131m&#8221; diyen Reis G\u0131da Y\u00f6netim Kurulu Ba\u015fkan\u0131 Mehmet Reis, sosyal medya \u00fczerinden ba\u015flatt\u0131klar\u0131 projeden \u015fu \u015fekilde bahsetti: &#8220;\u2019Ramazan ay\u0131nda elimizi uzatmaya niyetliyiz\u2019 slogan\u0131 ile ba\u015flatt\u0131\u011f\u0131m\u0131z projemiz sayesinde her y\u0131l oldu\u011fu gibi bu y\u0131lda yeme\u011fe ula\u015famayanlar i\u00e7in payla\u015fmaya te\u015fvik etmeye \u00e7al\u0131\u015f\u0131yoruz. Ramazan demek payla\u015fmak demektir. Payla\u015fmay\u0131 ve birlikteli\u011fi y\u00fczy\u0131llard\u0131r s\u00fcrd\u00fcren bir milletiz. Bunun bilinciyle \u00e7ocuklar\u0131m\u0131z\u0131 b\u00fcy\u00fctmeliyiz. Bizlerin b\u00fcy\u00fct\u00fcld\u00fc\u011f\u00fc&#8221;\u201ckom\u015fun a\u00e7 yatarken tok uyumak olmaz&#8221; d\u00fc\u015f\u00fcncesini bizlerde \u00e7ocuklar\u0131m\u0131za a\u015f\u0131lamal\u0131y\u0131z. Unutmayal\u0131m ki payla\u015fmak umudu \u00e7o\u011falt\u0131r&#8221; dedi.<\/p>\n<p>&#8220;Her ses bir umut olsun, sofralar birlik olsun&#8221;<\/p>\n<p>Yap\u0131lan her payla\u015f\u0131m\u0131 resmi yard\u0131m kurulu\u015flar\u0131na deste\u011fe d\u00f6n\u00fc\u015ft\u00fcrd\u00fcklerini belirten Mehmet Reis, &#8220;\u0130htiya\u00e7 sahiplerine umut oluyoruz, tabaklar\u0131n\u0131 sizlerin payla\u015f\u0131mlar\u0131yla dolduruyoruz. Her Ramazan oldu\u011fu gibi bu Ramazanda da payla\u015fmaya ve ihtiya\u00e7 sahiplerine umut olmaya niyetliyiz. Tuttu\u011fumuz oru\u00e7lar ile ihtiya\u00e7 sahiplerinin hislerini anlamaya \u00e7al\u0131\u015ft\u0131\u011f\u0131m\u0131z 11 ay\u0131n sultan\u0131 olan Ramazan ay\u0131 bizleri \u00e7ok daha s\u0131k\u0131 bir ba\u011f ile ba\u011fl\u0131yor. Birlik ve beraberli\u011fimizi daim tutmam\u0131z i\u00e7in bizleri g\u00fc\u00e7l\u00fc k\u0131l\u0131yor. Olan\u0131n olmayan ile payla\u015ft\u0131\u011f\u0131, tokun a\u00e7\u0131n halinden anlad\u0131\u011f\u0131, karde\u015fli\u011fin daim oldu\u011fu bir Ramazan ay\u0131 diliyorum&#8221; ifadelerini kulland\u0131.<\/p>\n","protected":false},"excerpt":{"rendered":"<p>RE\u0130S GIDA, SOSYAL MEDYA \u00dcZER\u0130NDEN BA\u015eLATTI\u011eI N\u0130YETL\u0130Y\u0130Z PROJES\u0130 \u0130LE RAMAZAN AYINDA HERKES\u0130 YARDIMLA\u015eMAYA DAVET ETT\u0130. \u015e\u0130RKET, PROJE KAPSAMINDA, BO\u015e TABA\u011eA KA\u015eIK \u0130LE VURULAN ANIN V\u0130DEOSUNU #SESVER ET\u0130KET\u0130YLE YAPILAN HER PAYLA\u015eIM ADINA RESM\u0130 YARDIM KURULU\u015eLARINA BAKL\u0130YAT YARDIMI YAPACAK.<\/p>\n","protected":false},"author":1,"featured_media":161119,"comment_status":"closed","ping_status":"open","sticky":false,"template":"","format":"standard","meta":{"jetpack_post_was_ever_published":false,"_jetpack_newsletter_access":"","_jetpack_dont_email_post_to_subs":false,"_jetpack_newsletter_tier_id":0,"_jetpack_memberships_contains_paywalled_content":false,"_jetpack_memberships_contains_paid_content":false,"footnotes":"","jetpack_publicize_message":"","jetpack_publicize_feature_enabled":true,"jetpack_social_post_already_shared":true,"jetpack_social_options":{"image_generator_settings":{"template":"highway","default_image_id":0,"font":"","enabled":false},"version":2}},"categories":[19],"tags":[7916,211,3008,207,507,10283,28330,37826],"class_list":["post-161117","post","type-post","status-publish","format-standard","has-post-thumbnail","hentry","category-ekonomi","tag-reis","tag-ayinda","tag-davet","tag-etti","tag-gida","tag-herkesi","tag-ramazan","tag-yardimlasmaya"],"jetpack_publicize_connections":[],"jetpack_featured_media_url":"https:\/\/i0.wp.com\/www.tvturk.com\/wp-content\/uploads\/2019\/05\/reis-gida-ramazan-ayinda-herkesi-yardimlasmaya-davet-etti_07221af.jpg?fit=706%2C1000","jetpack_sharing_enabled":true,"jetpack_shortlink":"https:\/\/wp.me\/paKIfm-FUF","_links":{"self":[{"href":"http:\/\/www.tvturk.com\/index.php\/wp-json\/wp\/v2\/posts\/161117","targetHints":{"allow":["GET"]}}],"collection":[{"href":"http:\/\/www.tvturk.com\/index.php\/wp-json\/wp\/v2\/posts"}],"about":[{"href":"http:\/\/www.tvturk.com\/index.php\/wp-json\/wp\/v2\/types\/post"}],"author":[{"embeddable":true,"href":"http:\/\/www.tvturk.com\/index.php\/wp-json\/wp\/v2\/users\/1"}],"replies":[{"embeddable":true,"href":"http:\/\/www.tvturk.com\/index.php\/wp-json\/wp\/v2\/comments?post=161117"}],"version-history":[{"count":0,"href":"http:\/\/www.tvturk.com\/index.php\/wp-json\/wp\/v2\/posts\/161117\/revisions"}],"wp:featuredmedia":[{"embeddable":true,"href":"http:\/\/www.tvturk.com\/index.php\/wp-json\/wp\/v2\/media\/161119"}],"wp:attachment":[{"href":"http:\/\/www.tvturk.com\/index.php\/wp-json\/wp\/v2\/media?parent=161117"}],"wp:term":[{"taxonomy":"category","embeddable":true,"href":"http:\/\/www.tvturk.com\/index.php\/wp-json\/wp\/v2\/categories?post=161117"},{"taxonomy":"post_tag","embeddable":true,"href":"http:\/\/www.tvturk.com\/index.php\/wp-json\/wp\/v2\/tags?post=161117"}],"curies":[{"name":"wp","href":"https:\/\/api.w.org\/{rel}","templated":true}]}}