{"id":161120,"date":"2019-05-23T14:55:08","date_gmt":"2019-05-23T11:55:08","guid":{"rendered":"http:\/\/www.tvturk.com\/index.php\/ogrenciler-derslerini-yasayarak-dinlediler\/"},"modified":"2019-05-23T14:55:08","modified_gmt":"2019-05-23T11:55:08","slug":"ogrenciler-derslerini-yasayarak-dinlediler","status":"publish","type":"post","link":"http:\/\/www.tvturk.com\/index.php\/ogrenciler-derslerini-yasayarak-dinlediler\/","title":{"rendered":"\u00d6\u011frenciler derslerini ya\u015fayarak dinlediler"},"content":{"rendered":"<p>Diyarbak\u0131r\u2019\u0131n \u00c7\u0131nar il\u00e7esinde \u00f6\u011frenciler, \u2019okul d\u0131\u015far\u0131da g\u00fcn\u00fc\u2019 etkinli\u011fi kapsam\u0131nda sosyal bilgiler dersini tarihi Zerzevan Kalesi\u2019nde i\u015fledi.<\/p>\n<p>A\u00e7\u0131k havada oynay\u0131p, ke\u015ffedip ve deneyimleyerek \u00f6\u011frenmenin \u00f6nemine dikkat \u00e7eken \u2019okul d\u0131\u015far\u0131da g\u00fcn\u00fc\u2019 etkinli\u011fine bu y\u0131l Diyarbak\u0131r da kat\u0131ld\u0131. 60 \u00f6\u011frencinin kat\u0131ld\u0131\u011f\u0131 a\u00e7\u0131k hava dersi Diyarbak\u0131r\u2019\u0131n \u00c7\u0131nar il\u00e7esinde bulunan Zerzavan Kalesi\u2019nde ger\u00e7ekle\u015fti. Tarihi birebir yerinde ya\u015fayarak \u00f6\u011frenen \u00f6\u011frenciler, etkinli\u011fin hi\u00e7 bitmemesini istedi.<\/p>\n<p>T\u00fcrkiye\u2019de Milli E\u011fitim Bakanl\u0131\u011f\u0131 ve K\u00fclt\u00fcr Turizm Bakanl\u0131\u011f\u0131\u2019n\u0131n ortakla\u015fa yapt\u0131klar\u0131 protokolde \u00f6\u011frencilerin tarih ve k\u00fclt\u00fcr yerlerin derslik olarak kullan\u0131lmas\u0131 amac\u0131yla \u00e7al\u0131\u015fmalar ba\u015flatt\u0131\u011f\u0131n\u0131 ve bundan sonra her g\u00fcn bir s\u0131n\u0131f\u0131 tarihi mekanlarda ders i\u015flemeleri i\u00e7in \u00e7al\u0131\u015fma ba\u015flatt\u0131klar\u0131n\u0131 kaydeden \u00c7\u0131nar il\u00e7e Milli E\u011fitim M\u00fcd\u00fcr\u00fc Mehmet Aziz \u0130de, \u00f6\u011frencilerin canl\u0131 ya\u015fayarak \u00f6\u011frenecekleri \u015feyleri unutmayaca\u011f\u0131n\u0131 kaydetti. \u0130de, &#8220;Bug\u00fcn d\u00fcnyada kutlanan \u2019okul d\u0131\u015far\u0131da g\u00fcn\u00fc\u2019 etkinli\u011fi b\u00fct\u00fcn okullar\u0131m\u0131zda kutlan\u0131yor. Bizde bu anlamda \u00e7ocuklar\u0131m\u0131za Zerzavan Kalesi\u2019ni tan\u0131tmak amac\u0131yla buraya getirdik. Sosyal bilgiler dersi i\u015fleniyor, burada onlara Roma, Bizans\u2019\u0131 ve buran\u0131n nas\u0131l bir ge\u00e7mi\u015fe sahip oldu\u011funu anlat\u0131yoruz. Milli E\u011fitim Bakanl\u0131\u011f\u0131 ve K\u00fclt\u00fcr Turizm Bakanl\u0131\u011f\u0131 aras\u0131nda art\u0131k protokol var, tarihi k\u00fclt\u00fcr yerlerin derslik olarak kullan\u0131lmas\u0131 amac\u0131yla. \u00c7\u0131nar\u2019daki \u00f6\u011frencilerimizi \u2019okul d\u0131\u015far\u0131da g\u00fcn\u00fc\u2019 etkinli\u011fi kapsam\u0131nda sosyal bilgiler dersi burada i\u015flendi. Canl\u0131 ya\u015fayarak \u00f6\u011frenmek \u00e7ok g\u00fczel, Bizans ve Do\u011fu Roma\u2019y\u0131 bir daha unutmayacaklar. \u00c7ocuklar\u0131m\u0131z\u0131 tarihi eserleri koruma bilinciyle ve tarihi sevdirme amac\u0131yla ger\u00e7ekle\u015ftirmek\u201d dedi.<\/p>\n<p>&#8220;\u00d6\u011frenciler teorik bilgilerin yan\u0131 s\u0131ra pratik de yapma olana\u011f\u0131 bulacaklar&#8221;<\/p>\n<p>Dicle \u00dcniversitesi (D\u00dc) Arkeoloji B\u00f6l\u00fcm\u00fc \u00d6\u011fretim \u00dcyesi ve Kaz\u0131 Ba\u015fkan\u0131 Do\u00e7. Dr. Ayta\u00e7 Co\u015fkun, proje kapsam\u0131nda \u00f6\u011frenciler i\u00e7in pratik olarak yapay kaz\u0131 yerleri yapacaklar\u0131n\u0131 dile getirerek \u00f6\u011frencilerin bire bir an\u0131 ya\u015famalar\u0131n\u0131 sa\u011flayacaklar\u0131n\u0131 aktard\u0131. Co\u015fkun, &#8220;Okul d\u0131\u015far\u0131da projesi \u00e7ok \u00f6nemli, \u00e7\u00fcnk\u00fc b\u00f6lgenin tarihini yada Diyarbak\u0131r\u2019\u0131n tarihini anlat\u0131yoruz ama burada anlatmak bamba\u015fka bu nedenle bu proje kapsam\u0131nda bir\u00e7ok \u00e7ocu\u011fa ula\u015fmak istiyoruz. Bu proje Diyarbak\u0131r\u2019da ilk \u00c7\u0131nar \u0130l\u00e7esinde ba\u015flad\u0131 k\u0131sa s\u00fcrede b\u00fct\u00fcn ile yay\u0131lacakt\u0131r. Biz asl\u0131nda Zerzavan Kalesi\u2019ni bir dersli\u011fe d\u00f6n\u00fc\u015ft\u00fcr\u00fcyoruz ve daha profesyonel yapaca\u011f\u0131z bu i\u015fi. Burada \u00f6\u011frencilere hem tarih hem de arkeoloji bilincini olu\u015fturaca\u011f\u0131z. Bunun i\u00e7in yapay kaz\u0131 alanlar\u0131 da olu\u015fturaca\u011f\u0131z, teorik bilgilerin yan\u0131 s\u0131ra pratikte yapma olana\u011f\u0131 bulacaklar&#8221; diye konu\u015ftu.<\/p>\n<p>\u00d6\u011frencilerden Muhammed Ak\u015fihit ise burada tarihi do\u011fal g\u00fczellikleri ara\u015ft\u0131rd\u0131klar\u0131n\u0131, d\u0131\u015far\u0131da ders yapmak \u00e7ok g\u00fczel oldu\u011funu s\u00f6yleyerek ilk kez okul d\u0131\u015f\u0131nda Zerzavan Kalesi\u2019ne ders yapt\u0131klar\u0131n\u0131 belirterek kendilerine tarihi eserlerle ilgili anlat\u0131mlar yap\u0131ld\u0131\u011f\u0131n\u0131 aktard\u0131.<\/p>\n<p>\u00d6\u011frencilerden Berfin Durmaz, okul d\u0131\u015f\u0131nda etkinlik yapt\u0131klar\u0131na sevindiklerini, arkada\u015flar\u0131yla birlikte Zerzavan Kalesi\u2019ne gelerek yeni bilgiler \u00f6\u011frendiklerini ifade erek d\u0131\u015far\u0131da ders yapman\u0131n g\u00fczel ve farkl\u0131 bir durum oldu\u011funu anlatt\u0131.<\/p>\n","protected":false},"excerpt":{"rendered":"<p>D\u00dcNYA \u00c7APINDA KUTLANAN \u2018OKUL DI\u015eARIDA G\u00dcN\u00dc\u2019 D\u0130YARBAKIR\u2019DA DA KUTLANDI. ZERZAVAN KALES\u0130NDE \u00c7INARLI \u00d6\u011eRENC\u0130LERE A\u00c7IK HAVADA CANLI OLARAK ANLATILAN TAR\u0130H VE SOSYAL DERS\u0130 \u00d6\u011eRENC\u0130LER\u0130N \u0130LG\u0130 ODA\u011eI OLDU.<\/p>\n","protected":false},"author":1,"featured_media":161121,"comment_status":"closed","ping_status":"open","sticky":false,"template":"","format":"standard","meta":{"jetpack_post_was_ever_published":false,"_jetpack_newsletter_access":"","_jetpack_dont_email_post_to_subs":false,"_jetpack_newsletter_tier_id":0,"_jetpack_memberships_contains_paywalled_content":false,"_jetpack_memberships_contains_paid_content":false,"footnotes":"","jetpack_publicize_message":"","jetpack_publicize_feature_enabled":true,"jetpack_social_post_already_shared":true,"jetpack_social_options":{"image_generator_settings":{"template":"highway","default_image_id":0,"font":"","enabled":false},"version":2}},"categories":[1],"tags":[20522,23630,1293,32303],"class_list":["post-161120","post","type-post","status-publish","format-standard","has-post-thumbnail","hentry","category-genel","tag-derslerini","tag-dinlediler","tag-ogrenciler","tag-yasayarak"],"jetpack_publicize_connections":[],"jetpack_featured_media_url":"https:\/\/i0.wp.com\/www.tvturk.com\/wp-content\/uploads\/2019\/05\/ogrenciler-derslerini-yasayarak-dinlediler_5eda80c.jpg?fit=1000%2C666","jetpack_sharing_enabled":true,"jetpack_shortlink":"https:\/\/wp.me\/paKIfm-FUI","_links":{"self":[{"href":"http:\/\/www.tvturk.com\/index.php\/wp-json\/wp\/v2\/posts\/161120","targetHints":{"allow":["GET"]}}],"collection":[{"href":"http:\/\/www.tvturk.com\/index.php\/wp-json\/wp\/v2\/posts"}],"about":[{"href":"http:\/\/www.tvturk.com\/index.php\/wp-json\/wp\/v2\/types\/post"}],"author":[{"embeddable":true,"href":"http:\/\/www.tvturk.com\/index.php\/wp-json\/wp\/v2\/users\/1"}],"replies":[{"embeddable":true,"href":"http:\/\/www.tvturk.com\/index.php\/wp-json\/wp\/v2\/comments?post=161120"}],"version-history":[{"count":0,"href":"http:\/\/www.tvturk.com\/index.php\/wp-json\/wp\/v2\/posts\/161120\/revisions"}],"wp:featuredmedia":[{"embeddable":true,"href":"http:\/\/www.tvturk.com\/index.php\/wp-json\/wp\/v2\/media\/161121"}],"wp:attachment":[{"href":"http:\/\/www.tvturk.com\/index.php\/wp-json\/wp\/v2\/media?parent=161120"}],"wp:term":[{"taxonomy":"category","embeddable":true,"href":"http:\/\/www.tvturk.com\/index.php\/wp-json\/wp\/v2\/categories?post=161120"},{"taxonomy":"post_tag","embeddable":true,"href":"http:\/\/www.tvturk.com\/index.php\/wp-json\/wp\/v2\/tags?post=161120"}],"curies":[{"name":"wp","href":"https:\/\/api.w.org\/{rel}","templated":true}]}}