{"id":161130,"date":"2019-05-23T15:19:23","date_gmt":"2019-05-23T12:19:23","guid":{"rendered":"http:\/\/www.tvturk.com\/index.php\/turk-tarih-kurumundan-tarihte-bir-ilk-daha\/"},"modified":"2019-05-23T15:19:23","modified_gmt":"2019-05-23T12:19:23","slug":"turk-tarih-kurumundan-tarihte-bir-ilk-daha","status":"publish","type":"post","link":"http:\/\/www.tvturk.com\/index.php\/turk-tarih-kurumundan-tarihte-bir-ilk-daha\/","title":{"rendered":"T\u00fcrk Tarih Kurumundan tarihte bir ilk daha"},"content":{"rendered":"<p>Atat\u00fcrk K\u00fclt\u00fcr, Dil ve Tarih Y\u00fcksek Kurumu b\u00fcnyesindeki T\u00fcrk Tarih Kurumu, Yunus Emre Enstit\u00fcs\u00fc ve K\u0131br\u0131s Vak\u0131flar \u0130daresi i\u015f birli\u011fiyle 26 May\u0131s-3 Haziran tarihleri aras\u0131nda Lefko\u015fa\u2019da Hala Sultan Kitap G\u00fcnleri d\u00fczenleyecek.<\/p>\n<p>40 yay\u0131nevinin kat\u0131l\u0131m\u0131yla tarihi Selimiye Meydan\u0131\u2019nda ger\u00e7ekle\u015ftirilecek olan etkinlikte, akademik eserlerden pop\u00fcler yay\u0131nlara kadar y\u00fczlerce kitap okurlarla bulu\u015facak. Kitap g\u00fcnleri kapsam\u0131nda \u00e7ok say\u0131da s\u00f6yle\u015fi ve imza g\u00fcn\u00fc de d\u00fczenlenecek. 26 May\u0131s\u2019ta T\u00fcrk Tarih Kurumu Ba\u015fkan\u0131 Prof. Dr. Refik Turan ve G\u00fcndem \u00d6tesi program\u0131n\u0131n sunucusu Pelin \u00c7ift\u2019in s\u00f6yle\u015fisiyle ba\u015flay\u0131p 2 Haziran\u2019a kadar s\u00fcrecek s\u00f6yle\u015filere Lefko\u015fa Yunus Emre Enstit\u00fcs\u00fc ev sahipli\u011fi yapacak.<\/p>\n<p>Hz. Osman d\u00f6neminde 86 ya\u015f\u0131ndayken kat\u0131ld\u0131\u011f\u0131 K\u0131br\u0131s seferi s\u0131ras\u0131nda \u015fehit olan ve g\u00fcn\u00fcm\u00fczde de K\u0131br\u0131s\u2019\u0131n \u00f6nemli \u015fahsiyetlerinden birisi olarak kabul edilen Hala Sultan ad\u0131na d\u00fczenlenen etkinlik, 3 Haziran\u2019a kadar 13.30-21.00 saatleri aras\u0131nda ziyarete a\u00e7\u0131k olacak.<\/p>\n","protected":false},"excerpt":{"rendered":"<p>ATAT\u00dcRK K\u00dcLT\u00dcR, D\u0130L VE TAR\u0130H Y\u00dcKSEK KURUMU B\u00dcNYES\u0130NDEK\u0130 T\u00dcRK TAR\u0130H KURUMU, YUNUS EMRE ENST\u0130T\u00dcS\u00dc VE KIBRIS VAKIFLAR \u0130DARES\u0130 \u0130\u015e B\u0130RL\u0130\u011e\u0130YLE 26 MAYIS-3 HAZ\u0130RAN TAR\u0130HLER\u0130 ARASINDA LEFKO\u015eA\u2019DA HALA SULTAN K\u0130TAP G\u00dcNLER\u0130 D\u00dcZENLENECEK.<\/p>\n","protected":false},"author":1,"featured_media":161131,"comment_status":"closed","ping_status":"open","sticky":false,"template":"","format":"standard","meta":{"jetpack_post_was_ever_published":false,"_jetpack_newsletter_access":"","_jetpack_dont_email_post_to_subs":false,"_jetpack_newsletter_tier_id":0,"_jetpack_memberships_contains_paywalled_content":false,"_jetpack_memberships_contains_paid_content":false,"footnotes":"","jetpack_publicize_message":"","jetpack_publicize_feature_enabled":true,"jetpack_social_post_already_shared":true,"jetpack_social_options":{"image_generator_settings":{"template":"highway","default_image_id":0,"font":"","enabled":false},"version":2}},"categories":[1],"tags":[125,1018,37,14227,1330,23991,957],"class_list":["post-161130","post","type-post","status-publish","format-standard","has-post-thumbnail","hentry","category-genel","tag-bir","tag-daha","tag-ilk","tag-kurumundan","tag-tarih","tag-tarihte","tag-turk"],"jetpack_publicize_connections":[],"jetpack_featured_media_url":"https:\/\/i0.wp.com\/www.tvturk.com\/wp-content\/uploads\/2019\/05\/turk-tarih-kurumundan-tarihte-bir-ilk-daha_8e0962a.jpg?fit=1000%2C668","jetpack_sharing_enabled":true,"jetpack_shortlink":"https:\/\/wp.me\/paKIfm-FUS","_links":{"self":[{"href":"http:\/\/www.tvturk.com\/index.php\/wp-json\/wp\/v2\/posts\/161130","targetHints":{"allow":["GET"]}}],"collection":[{"href":"http:\/\/www.tvturk.com\/index.php\/wp-json\/wp\/v2\/posts"}],"about":[{"href":"http:\/\/www.tvturk.com\/index.php\/wp-json\/wp\/v2\/types\/post"}],"author":[{"embeddable":true,"href":"http:\/\/www.tvturk.com\/index.php\/wp-json\/wp\/v2\/users\/1"}],"replies":[{"embeddable":true,"href":"http:\/\/www.tvturk.com\/index.php\/wp-json\/wp\/v2\/comments?post=161130"}],"version-history":[{"count":0,"href":"http:\/\/www.tvturk.com\/index.php\/wp-json\/wp\/v2\/posts\/161130\/revisions"}],"wp:featuredmedia":[{"embeddable":true,"href":"http:\/\/www.tvturk.com\/index.php\/wp-json\/wp\/v2\/media\/161131"}],"wp:attachment":[{"href":"http:\/\/www.tvturk.com\/index.php\/wp-json\/wp\/v2\/media?parent=161130"}],"wp:term":[{"taxonomy":"category","embeddable":true,"href":"http:\/\/www.tvturk.com\/index.php\/wp-json\/wp\/v2\/categories?post=161130"},{"taxonomy":"post_tag","embeddable":true,"href":"http:\/\/www.tvturk.com\/index.php\/wp-json\/wp\/v2\/tags?post=161130"}],"curies":[{"name":"wp","href":"https:\/\/api.w.org\/{rel}","templated":true}]}}