{"id":161272,"date":"2019-05-24T04:15:00","date_gmt":"2019-05-24T01:15:00","guid":{"rendered":"http:\/\/www.tvturk.com\/index.php\/pariste-ara-guler-fotograf-sergisi-acildi\/"},"modified":"2019-05-24T04:15:00","modified_gmt":"2019-05-24T01:15:00","slug":"pariste-ara-guler-fotograf-sergisi-acildi","status":"publish","type":"post","link":"http:\/\/www.tvturk.com\/index.php\/pariste-ara-guler-fotograf-sergisi-acildi\/","title":{"rendered":"Paris\u2019te Ara G\u00fcler Foto\u011fraf Sergisi a\u00e7\u0131ld\u0131"},"content":{"rendered":"<p>Cumhurba\u015fkanl\u0131\u011f\u0131nca d\u00fczenlenen, foto\u011fraf sanat\u00e7\u0131s\u0131 ve foto muhabiri Ara G\u00fcler\u2019in eserlerinin yer ald\u0131\u011f\u0131 sergi, Fransa\u2019n\u0131n ba\u015fkenti Paris\u2019te a\u00e7\u0131ld\u0131.<\/p>\n<p>Paris\u2019in \u00fcnl\u00fc sanat galerisi Polka Galeri\u2019de a\u00e7\u0131lan sergiye T\u00fcrkiye\u2019nin Paris B\u00fcy\u00fckel\u00e7isi \u0130smail Hakk\u0131 Musa ve e\u015fi Sefire T\u00fclay Musa,T\u00fcrkiye\u2019nin Paris Ba\u015fkonsolosu G\u00f6rkem Bar\u0131\u015f Tantekin ve e\u015fi Damla \u00d6m\u00fcr Tantekin, Cumhurba\u015fkan\u0131 Ba\u015fdan\u0131\u015fman\u0131 Fecir Alptekin, diplomatik temsilciler, \u00e7ok say\u0131da T\u00fcrk ve Frans\u0131z sanatsever  kat\u0131ld\u0131.<\/p>\n<p>Ara G\u00fcler\u2019in \u0130stanbul foto\u011fraflar\u0131ndan olu\u015fan sergide, bir \u00e7ok \u00fcnl\u00fc siman\u0131n portreleriyle  \u0130stanbul foto\u011fraflar\u0131 yer al\u0131yor. Naz\u0131m Hikmet, Abidin Dino, Fikret Mualla, Bedri Rahmi Ey\u00fcbo\u011flu, Ya\u015far Kemal ve A\u015f\u0131k Veysel gibi tan\u0131nm\u0131\u015f T\u00fcrk sanat\u00e7\u0131lar\u0131n\u0131n yan\u0131 s\u0131ra Jean Renoir, Salvador Dali\u2019ye, Henri Cartier-Bresson\u2019dan Brigitte Bardot gibi tan\u0131n\u0131n yabanc\u0131 simalar\u0131n portreleri sergide yer al\u0131yor.<\/p>\n<p>Sergide, 71 foto\u011fraf ile 25 porte sanatseverlerin be\u011fenisine sunuldu. Serginin a\u00e7\u0131l\u0131\u015f\u0131nda konu\u015fan, T\u00fcrkiye\u2019nin Paris B\u00fcy\u00fckel\u00e7isi Musa, T\u00fcrk ve Frans\u0131z davetlilerin sergiyi ilgiyle ve be\u011feniyle takip etmelerinin sevindirici oldu\u011funu s\u00f6yledi.<\/p>\n<p>Cumhurba\u015fkanl\u0131\u011f\u0131n\u0131n giri\u015fimiyle d\u00fczenlenen Ara G\u00fcler serginin nitelikli bir sergi oldu\u011funa de\u011finen b\u00fcy\u00fckel\u00e7i  Musa, &#8220;Bu bizim hikayemiz, ger\u00e7ekten T\u00fcrkiye\u2019yi insani boyutta ve farkl\u0131 bir perspektiften \u00e7ok g\u00fczel anlatan ve Frans\u0131z izleyicilerin be\u011fenisine sunulan \u00e7ok kaliteli ve g\u00f6rkemli bir etkinlik oldu.&#8221; Seklinde ifade etti.<\/p>\n","protected":false},"excerpt":{"rendered":"<p>PAR\u0130S&#8217;TE ARA G\u00dcLER FOTO\u011eRAF SERG\u0130S\u0130 A\u00c7ILDI<\/p>\n","protected":false},"author":1,"featured_media":161273,"comment_status":"closed","ping_status":"open","sticky":false,"template":"","format":"standard","meta":{"jetpack_post_was_ever_published":false,"_jetpack_newsletter_access":"","_jetpack_dont_email_post_to_subs":false,"_jetpack_newsletter_tier_id":0,"_jetpack_memberships_contains_paywalled_content":false,"_jetpack_memberships_contains_paid_content":false,"footnotes":"","jetpack_publicize_message":"","jetpack_publicize_feature_enabled":true,"jetpack_social_post_already_shared":true,"jetpack_social_options":{"image_generator_settings":{"template":"highway","default_image_id":0,"font":"","enabled":false},"version":2}},"categories":[10],"tags":[288,112,5874,113,7697,1335],"class_list":["post-161272","post","type-post","status-publish","format-standard","has-post-thumbnail","hentry","category-dunya","tag-acildi","tag-ara","tag-fotograf","tag-guler","tag-pariste","tag-sergisi"],"jetpack_publicize_connections":[],"jetpack_featured_media_url":"https:\/\/i0.wp.com\/www.tvturk.com\/wp-content\/uploads\/2019\/05\/pariste-ara-guler-fotograf-sergisi-acildi_22aa198.jpg?fit=1000%2C750","jetpack_sharing_enabled":true,"jetpack_shortlink":"https:\/\/wp.me\/paKIfm-FXa","_links":{"self":[{"href":"http:\/\/www.tvturk.com\/index.php\/wp-json\/wp\/v2\/posts\/161272","targetHints":{"allow":["GET"]}}],"collection":[{"href":"http:\/\/www.tvturk.com\/index.php\/wp-json\/wp\/v2\/posts"}],"about":[{"href":"http:\/\/www.tvturk.com\/index.php\/wp-json\/wp\/v2\/types\/post"}],"author":[{"embeddable":true,"href":"http:\/\/www.tvturk.com\/index.php\/wp-json\/wp\/v2\/users\/1"}],"replies":[{"embeddable":true,"href":"http:\/\/www.tvturk.com\/index.php\/wp-json\/wp\/v2\/comments?post=161272"}],"version-history":[{"count":0,"href":"http:\/\/www.tvturk.com\/index.php\/wp-json\/wp\/v2\/posts\/161272\/revisions"}],"wp:featuredmedia":[{"embeddable":true,"href":"http:\/\/www.tvturk.com\/index.php\/wp-json\/wp\/v2\/media\/161273"}],"wp:attachment":[{"href":"http:\/\/www.tvturk.com\/index.php\/wp-json\/wp\/v2\/media?parent=161272"}],"wp:term":[{"taxonomy":"category","embeddable":true,"href":"http:\/\/www.tvturk.com\/index.php\/wp-json\/wp\/v2\/categories?post=161272"},{"taxonomy":"post_tag","embeddable":true,"href":"http:\/\/www.tvturk.com\/index.php\/wp-json\/wp\/v2\/tags?post=161272"}],"curies":[{"name":"wp","href":"https:\/\/api.w.org\/{rel}","templated":true}]}}