{"id":161276,"date":"2019-05-24T08:07:57","date_gmt":"2019-05-24T05:07:57","guid":{"rendered":"http:\/\/www.tvturk.com\/index.php\/araclar-alt-gecitte-mahsur-kaldi\/"},"modified":"2019-05-24T08:07:57","modified_gmt":"2019-05-24T05:07:57","slug":"araclar-alt-gecitte-mahsur-kaldi","status":"publish","type":"post","link":"http:\/\/www.tvturk.com\/index.php\/araclar-alt-gecitte-mahsur-kaldi\/","title":{"rendered":"Ara\u00e7lar alt ge\u00e7itte mahsur kald\u0131"},"content":{"rendered":"<p>\u0130stanbul genelinde sabah 06.00 itibariyle etkili olmaya ba\u015flayan g\u00f6k g\u00f6r\u00fclt\u00fcl\u00fc sa\u011fanak ya\u011f\u0131\u015f hayat\u0131 fel\u00e7 etti. Pendik il\u00e7esinde Ayd\u0131nl\u0131 caddesi alt ge\u00e7idinde mahsur kalan minib\u00fcs i\u00e7indeki vatanda\u015flar\u0131n imdad\u0131na itfaiye ekipleri yeti\u015fti.<\/p>\n<p>Sa\u011fanak ya\u011f\u0131\u015f sonras\u0131 Pendik, Ayd\u0131nl\u0131 Caddesi alt ge\u00e7idinde biriken su da mahsur kalan minib\u00fcsteki alt\u0131 ki\u015fiyi itfaiye ekipleri kurtard\u0131. Belediye ekiplerinin logar kapaklar\u0131n\u0131 a\u00e7arak su seviyesini indirmeye \u00e7al\u0131\u015fmalar\u0131 dikkatlerden ka\u00e7mazken alt ge\u00e7idi kullanan vatanda\u015flar kald\u0131r\u0131mdaki su seviyesinden dolay\u0131 mazgal diplerinden tutunarak zorlukla ilerledi. \u00d6te yandan minib\u00fcs\u00fcn i\u00e7inin yar\u0131ya kadar su ile doldu\u011funu belirten vatanda\u015f, &#8220;Ge\u00e7eriz dedik bir anda su \u00fcstteki mangallara kadar geldi, araban\u0131n i\u00e7i de su dolmaya ba\u015flad\u0131 kald\u0131k orada. Araba zaten komple istop etti \u00f6yle kald\u0131k. Araban\u0131n i\u00e7i yar\u0131ya kadar su ald\u0131, alt\u0131 ki\u015fi vard\u0131 arabada&#8221; dedi.<\/p>\n<p>J.nayar<\/p>\n","protected":false},"excerpt":{"rendered":"<p>PEND\u0130K<\/p>\n","protected":false},"author":1,"featured_media":161277,"comment_status":"closed","ping_status":"open","sticky":false,"template":"","format":"standard","meta":{"jetpack_post_was_ever_published":false,"_jetpack_newsletter_access":"","_jetpack_dont_email_post_to_subs":false,"_jetpack_newsletter_tier_id":0,"_jetpack_memberships_contains_paywalled_content":false,"_jetpack_memberships_contains_paid_content":false,"footnotes":"","jetpack_publicize_message":"","jetpack_publicize_feature_enabled":true,"jetpack_social_post_already_shared":true,"jetpack_social_options":{"image_generator_settings":{"template":"highway","default_image_id":0,"font":"","enabled":false},"version":2}},"categories":[1],"tags":[263,9274,23603,1853,2381],"class_list":["post-161276","post","type-post","status-publish","format-standard","has-post-thumbnail","hentry","category-genel","tag-alt","tag-araclar","tag-gecitte","tag-kaldi","tag-mahsur"],"jetpack_publicize_connections":[],"jetpack_featured_media_url":"https:\/\/i0.wp.com\/www.tvturk.com\/wp-content\/uploads\/2019\/05\/araclar-alt-gecitte-mahsur-kaldi_8be6f7c.jpg?fit=1000%2C750","jetpack_sharing_enabled":true,"jetpack_shortlink":"https:\/\/wp.me\/paKIfm-FXe","_links":{"self":[{"href":"http:\/\/www.tvturk.com\/index.php\/wp-json\/wp\/v2\/posts\/161276","targetHints":{"allow":["GET"]}}],"collection":[{"href":"http:\/\/www.tvturk.com\/index.php\/wp-json\/wp\/v2\/posts"}],"about":[{"href":"http:\/\/www.tvturk.com\/index.php\/wp-json\/wp\/v2\/types\/post"}],"author":[{"embeddable":true,"href":"http:\/\/www.tvturk.com\/index.php\/wp-json\/wp\/v2\/users\/1"}],"replies":[{"embeddable":true,"href":"http:\/\/www.tvturk.com\/index.php\/wp-json\/wp\/v2\/comments?post=161276"}],"version-history":[{"count":0,"href":"http:\/\/www.tvturk.com\/index.php\/wp-json\/wp\/v2\/posts\/161276\/revisions"}],"wp:featuredmedia":[{"embeddable":true,"href":"http:\/\/www.tvturk.com\/index.php\/wp-json\/wp\/v2\/media\/161277"}],"wp:attachment":[{"href":"http:\/\/www.tvturk.com\/index.php\/wp-json\/wp\/v2\/media?parent=161276"}],"wp:term":[{"taxonomy":"category","embeddable":true,"href":"http:\/\/www.tvturk.com\/index.php\/wp-json\/wp\/v2\/categories?post=161276"},{"taxonomy":"post_tag","embeddable":true,"href":"http:\/\/www.tvturk.com\/index.php\/wp-json\/wp\/v2\/tags?post=161276"}],"curies":[{"name":"wp","href":"https:\/\/api.w.org\/{rel}","templated":true}]}}