{"id":161330,"date":"2019-05-24T10:31:35","date_gmt":"2019-05-24T07:31:35","guid":{"rendered":"http:\/\/www.tvturk.com\/index.php\/tikadan-tacikistanda-yardim-eli\/"},"modified":"2019-05-24T10:31:35","modified_gmt":"2019-05-24T07:31:35","slug":"tikadan-tacikistanda-yardim-eli","status":"publish","type":"post","link":"http:\/\/www.tvturk.com\/index.php\/tikadan-tacikistanda-yardim-eli\/","title":{"rendered":"T\u0130KA\u2019dan Tacikistan\u2019da yard\u0131m eli"},"content":{"rendered":"<p>T\u00fcrk \u0130\u015fbirli\u011fi ve Koordinasyon Ajans\u0131 Ba\u015fkanl\u0131\u011f\u0131 (T\u0130KA), Ramazan\u2019da Tacikistan\u2019\u0131n en az geli\u015fmi\u015f b\u00f6lgelerinden olan Sangvor il\u00e7esine g\u0131da yard\u0131m\u0131nda bulundu.<\/p>\n<p>T\u0130KA, Ramazan ay\u0131nda Tacikistan\u2019\u0131n ba\u015fkenti Du\u015fanbe\u2019den 6 saat mesafede bulunan da\u011fl\u0131k b\u00f6lgedeki Sangvor il\u00e7esine g\u0131da yard\u0131m\u0131nda bulundu. \u0130l\u00e7ede yak\u0131n zamanda ger\u00e7ekle\u015fen sel felaketi nedeniyle pek \u00e7ok ev ve tarla zarar g\u00f6rm\u00fc\u015f, bu durum \u00e7ift\u00e7ilikle ge\u00e7inen b\u00f6lge halk\u0131n\u0131 zora sokmu\u015ftu. Sangvor Belediyesi i\u015fbirli\u011finde 5 ayr\u0131 noktada ger\u00e7ekle\u015ftirilen g\u0131da yard\u0131m\u0131ndan il\u00e7e s\u0131n\u0131rlar\u0131 i\u00e7erisinde bulunan 77 k\u00f6y faydaland\u0131. Belediye taraf\u0131ndan belirlenen yoksul ve engelli vatanda\u015flara 500 adet g\u0131da kolisi ula\u015ft\u0131r\u0131ld\u0131.<\/p>\n<p>Da\u011fl\u0131k yap\u0131s\u0131 nedeniyle s\u0131k s\u0131k do\u011fal afetlerle kar\u015f\u0131 kar\u015f\u0131ya kalan b\u00f6lgede k\u00f6t\u00fc yol \u015fartlar\u0131 nedeniyle k\u0131\u015f aylar\u0131nda eri\u015fim zor bir hal al\u0131yor. Da\u011fl\u0131k Badah\u015fan \u00d6zerk B\u00f6lgesi s\u0131n\u0131r\u0131na yak\u0131n bir b\u00f6lgede yer alan Sangvor, b\u00f6lgede hi\u00e7bir sanayi tesisinin bulunmamas\u0131 ve suyun bol olmas\u0131na ba\u011fl\u0131 olarak bitki \u00e7e\u015fitlili\u011finin fazla olmas\u0131 nedeniyle ar\u0131c\u0131l\u0131k i\u00e7in uygun alanlar aras\u0131nda yer al\u0131yor. T\u0130KA taraf\u0131ndan b\u00f6lgede ya\u015fayan dar gelirli insanlar\u0131n\u0131n refah seviyesinin artt\u0131r\u0131lmas\u0131 i\u00e7in \u00f6n\u00fcm\u00fczdeki d\u00f6nemde ar\u0131c\u0131l\u0131k projesi ger\u00e7ekle\u015ftirilmesi de planlan\u0131yor.<\/p>\n","protected":false},"excerpt":{"rendered":"<p>T\u00dcRK \u0130\u015eB\u0130RL\u0130\u011e\u0130 VE KOORD\u0130NASYON AJANSI BA\u015eKANLI\u011eI (T\u0130KA) RAMAZAN AYI VES\u0130LES\u0130YLE, TAC\u0130K\u0130STAN\u2019IN EN AZ GEL\u0130\u015eM\u0130\u015e B\u00d6LGELER\u0130NDEN B\u0130R\u0130S\u0130 OLAN SANGVOR \u0130L\u00c7ES\u0130NE GIDA YARDIMINDA BULUNDU.<\/p>\n","protected":false},"author":1,"featured_media":161331,"comment_status":"closed","ping_status":"open","sticky":false,"template":"","format":"standard","meta":{"jetpack_post_was_ever_published":false,"_jetpack_newsletter_access":"","_jetpack_dont_email_post_to_subs":false,"_jetpack_newsletter_tier_id":0,"_jetpack_memberships_contains_paywalled_content":false,"_jetpack_memberships_contains_paid_content":false,"footnotes":"","jetpack_publicize_message":"","jetpack_publicize_feature_enabled":true,"jetpack_social_post_already_shared":true,"jetpack_social_options":{"image_generator_settings":{"template":"highway","default_image_id":0,"font":"","enabled":false},"version":2}},"categories":[1],"tags":[4118,37904,5615,1736],"class_list":["post-161330","post","type-post","status-publish","format-standard","has-post-thumbnail","hentry","category-genel","tag-eli","tag-tacikistanda","tag-tikadan","tag-yardim"],"jetpack_publicize_connections":[],"jetpack_featured_media_url":"https:\/\/i0.wp.com\/www.tvturk.com\/wp-content\/uploads\/2019\/05\/tikadan-tacikistanda-yardim-eli_aeeecd7.jpg?fit=1000%2C666","jetpack_sharing_enabled":true,"jetpack_shortlink":"https:\/\/wp.me\/paKIfm-FY6","_links":{"self":[{"href":"http:\/\/www.tvturk.com\/index.php\/wp-json\/wp\/v2\/posts\/161330","targetHints":{"allow":["GET"]}}],"collection":[{"href":"http:\/\/www.tvturk.com\/index.php\/wp-json\/wp\/v2\/posts"}],"about":[{"href":"http:\/\/www.tvturk.com\/index.php\/wp-json\/wp\/v2\/types\/post"}],"author":[{"embeddable":true,"href":"http:\/\/www.tvturk.com\/index.php\/wp-json\/wp\/v2\/users\/1"}],"replies":[{"embeddable":true,"href":"http:\/\/www.tvturk.com\/index.php\/wp-json\/wp\/v2\/comments?post=161330"}],"version-history":[{"count":0,"href":"http:\/\/www.tvturk.com\/index.php\/wp-json\/wp\/v2\/posts\/161330\/revisions"}],"wp:featuredmedia":[{"embeddable":true,"href":"http:\/\/www.tvturk.com\/index.php\/wp-json\/wp\/v2\/media\/161331"}],"wp:attachment":[{"href":"http:\/\/www.tvturk.com\/index.php\/wp-json\/wp\/v2\/media?parent=161330"}],"wp:term":[{"taxonomy":"category","embeddable":true,"href":"http:\/\/www.tvturk.com\/index.php\/wp-json\/wp\/v2\/categories?post=161330"},{"taxonomy":"post_tag","embeddable":true,"href":"http:\/\/www.tvturk.com\/index.php\/wp-json\/wp\/v2\/tags?post=161330"}],"curies":[{"name":"wp","href":"https:\/\/api.w.org\/{rel}","templated":true}]}}