{"id":161406,"date":"2019-05-24T11:46:57","date_gmt":"2019-05-24T08:46:57","guid":{"rendered":"http:\/\/www.tvturk.com\/index.php\/suudi-veliaht-prens-sudan-askeri-gecis-konseyi-baskan-yardimcisi-ile-gorustu\/"},"modified":"2019-05-24T11:46:57","modified_gmt":"2019-05-24T08:46:57","slug":"suudi-veliaht-prens-sudan-askeri-gecis-konseyi-baskan-yardimcisi-ile-gorustu","status":"publish","type":"post","link":"http:\/\/www.tvturk.com\/index.php\/suudi-veliaht-prens-sudan-askeri-gecis-konseyi-baskan-yardimcisi-ile-gorustu\/","title":{"rendered":"Suudi Veliaht Prens, Sudan Askeri Ge\u00e7i\u015f Konseyi Ba\u015fkan Yard\u0131mc\u0131s\u0131 ile g\u00f6r\u00fc\u015ft\u00fc"},"content":{"rendered":"<p>Suudi Arabistan Veliaht Prensi Muhammed bin Selman, Sudan Askeri Ge\u00e7i\u015f Konseyi (TMC) Genel Ba\u015fkan Yard\u0131mc\u0131s\u0131 Mohamed Hamdan Dagalo ile bir araya geldi.<\/p>\n<p>Suudi Arabistan Veliaht Prensi Muhammed bin Selman ile Sudan Askeri Ge\u00e7i\u015f Konseyi (TMC) Genel Ba\u015fkan Yard\u0131mc\u0131s\u0131 olarak kabul edilen Mohamed Hamdan Dagalo aras\u0131ndaki g\u00f6r\u00fc\u015fmenin Suudi Arabistan\u2019\u0131n Cidde \u015fehrinde yap\u0131ld\u0131\u011f\u0131 bildirildi. Suudi Arabistan, Sudan\u2019\u0131n ge\u00e7ici askeri konseyine desteklerini daha \u00f6nce dile getirmi\u015f ve darbeden zarar g\u00f6ren \u00fclkeyi istikrara kavu\u015fturmak i\u00e7in yard\u0131m s\u00f6z\u00fc vermi\u015fti.<\/p>\n<p>Suudi Arabistan, Sudan\u2019a bu\u011fday, ila\u00e7 ve petrol \u00fcr\u00fcnleri de dahil olmak \u00fczere bir yard\u0131m paketi g\u00f6ndermi\u015fti. Suudi Bas\u0131n Ajans\u0131\u2019na g\u00f6re, Riyad konseyin Sudan\u2019\u0131n gelece\u011fi konusundaki g\u00f6r\u00fc\u015flerini destekliyor. Bu ad\u0131mlar\u0131n \u00fclkede g\u00fcvenlik ve istikrar\u0131n sa\u011flanmas\u0131na katk\u0131da bulunmas\u0131 bekleniyor.<\/p>\n<p>Sudan\u2019da d\u00f6rt ay s\u00fcren h\u00fck\u00fcmet kar\u015f\u0131t\u0131 protestolar\u0131n ard\u0131ndan 11 Nisan\u2019da askeri darbe ya\u015fanm\u0131\u015f, 30 y\u0131ld\u0131r iktidarda olan Sudan Devlet Ba\u015fkan\u0131 \u00d6mer El Be\u015fir devrilip hapse at\u0131lm\u0131\u015ft\u0131. Askeri Ge\u00e7i\u015f Konseyi iktidara gelmi\u015f ve 2 y\u0131l i\u00e7inde yeni bir se\u00e7im yapma s\u00f6z\u00fc vermi\u015fti.<\/p>\n","protected":false},"excerpt":{"rendered":"<p>SUUD\u0130 ARAB\u0130STAN VEL\u0130AHT PRENS\u0130 MUHAMMED B\u0130N SELMAN, SUDAN ASKER\u0130 GE\u00c7\u0130\u015e KONSEY\u0130 (TMC) GENEL BA\u015eKAN YARDIMCISI MOHAMED HAMDAN DAGALO \u0130LE B\u0130R ARAYA GELD\u0130.<\/p>\n","protected":false},"author":1,"featured_media":161407,"comment_status":"closed","ping_status":"open","sticky":false,"template":"","format":"standard","meta":{"jetpack_post_was_ever_published":false,"_jetpack_newsletter_access":"","_jetpack_dont_email_post_to_subs":false,"_jetpack_newsletter_tier_id":0,"_jetpack_memberships_contains_paywalled_content":false,"_jetpack_memberships_contains_paid_content":false,"footnotes":"","jetpack_publicize_message":"","jetpack_publicize_feature_enabled":true,"jetpack_social_post_already_shared":true,"jetpack_social_options":{"image_generator_settings":{"template":"highway","default_image_id":0,"font":"","enabled":false},"version":2}},"categories":[10],"tags":[1170,100,2384,316,192,3375,8751,11919,11611,14061,199],"class_list":["post-161406","post","type-post","status-publish","format-standard","has-post-thumbnail","hentry","category-dunya","tag-askeri","tag-baskan","tag-gecis","tag-gorustu","tag-ile","tag-konseyi","tag-prens","tag-sudan","tag-suudi","tag-veliaht","tag-yardimcisi"],"jetpack_publicize_connections":[],"jetpack_featured_media_url":"https:\/\/i0.wp.com\/www.tvturk.com\/wp-content\/uploads\/2019\/05\/suudi-veliaht-prens-sudan-askeri-gecis-konseyi-baskan-yardimcisi-ile-gorustu_4ba287f.jpg?fit=1000%2C628","jetpack_sharing_enabled":true,"jetpack_shortlink":"https:\/\/wp.me\/paKIfm-FZk","_links":{"self":[{"href":"http:\/\/www.tvturk.com\/index.php\/wp-json\/wp\/v2\/posts\/161406","targetHints":{"allow":["GET"]}}],"collection":[{"href":"http:\/\/www.tvturk.com\/index.php\/wp-json\/wp\/v2\/posts"}],"about":[{"href":"http:\/\/www.tvturk.com\/index.php\/wp-json\/wp\/v2\/types\/post"}],"author":[{"embeddable":true,"href":"http:\/\/www.tvturk.com\/index.php\/wp-json\/wp\/v2\/users\/1"}],"replies":[{"embeddable":true,"href":"http:\/\/www.tvturk.com\/index.php\/wp-json\/wp\/v2\/comments?post=161406"}],"version-history":[{"count":0,"href":"http:\/\/www.tvturk.com\/index.php\/wp-json\/wp\/v2\/posts\/161406\/revisions"}],"wp:featuredmedia":[{"embeddable":true,"href":"http:\/\/www.tvturk.com\/index.php\/wp-json\/wp\/v2\/media\/161407"}],"wp:attachment":[{"href":"http:\/\/www.tvturk.com\/index.php\/wp-json\/wp\/v2\/media?parent=161406"}],"wp:term":[{"taxonomy":"category","embeddable":true,"href":"http:\/\/www.tvturk.com\/index.php\/wp-json\/wp\/v2\/categories?post=161406"},{"taxonomy":"post_tag","embeddable":true,"href":"http:\/\/www.tvturk.com\/index.php\/wp-json\/wp\/v2\/tags?post=161406"}],"curies":[{"name":"wp","href":"https:\/\/api.w.org\/{rel}","templated":true}]}}