{"id":161412,"date":"2019-05-24T11:49:19","date_gmt":"2019-05-24T08:49:19","guid":{"rendered":"http:\/\/www.tvturk.com\/index.php\/evladi-gibi-sevdigi-keciyi-yanindan-ayirmiyor\/"},"modified":"2019-05-24T11:49:19","modified_gmt":"2019-05-24T08:49:19","slug":"evladi-gibi-sevdigi-keciyi-yanindan-ayirmiyor","status":"publish","type":"post","link":"http:\/\/www.tvturk.com\/index.php\/evladi-gibi-sevdigi-keciyi-yanindan-ayirmiyor\/","title":{"rendered":"Evlad\u0131 gibi sevdi\u011fi ke\u00e7iyi yan\u0131ndan ay\u0131rm\u0131yor"},"content":{"rendered":"<p>Ordu\u2019da ya\u015fayan \u0130hsan Karadeniz\u2019in, \u00e7ocuklar\u0131 i\u00e7in ald\u0131\u011f\u0131 ke\u00e7iyle aras\u0131nda adeta duygusal bir ba\u011f olu\u015ftu. Nazar ismindeki ke\u00e7iyi \u00e7al\u0131\u015fmaya da g\u00f6t\u00fcren Karadeniz, evin bireyi dedi\u011fi ke\u00e7isi i\u00e7in tarla almay\u0131 dahi d\u00fc\u015f\u00fcn\u00fcyor.<\/p>\n<p>Ordulu 2 \u00e7ocuk babas\u0131 in\u015faat ustas\u0131 \u0130hsan Karadeniz, \u00e7ocuklar\u0131 oynas\u0131n diye bir arkada\u015f\u0131ndan yavru ke\u00e7i ald\u0131. Nazar ismindeki ke\u00e7i ile aralar\u0131nda ba\u011f olu\u015fan Karadeniz, \u00e7al\u0131\u015fmaya gitti\u011fi yerlere dahi ke\u00e7isini g\u00f6t\u00fcrd\u00fc. Sokaklarda ve caddelerde de ke\u00e7isini gezdiren Karadeniz, evlad\u0131 gibi g\u00f6rd\u00fc\u011f\u00fc Nazar i\u00e7in dairesini sat\u0131p, arsa almak dahi istiyor. Ke\u00e7iyi sokakta g\u00f6ren insanlar ise \u015fa\u015fk\u0131nl\u0131klar\u0131n\u0131 gizleyemiyor.<\/p>\n<p>\u201c\u00c7ocuk gibi beni ar\u0131yor, nereye gidersem pe\u015fimden geliyor\u201d<\/p>\n<p>Alt\u0131nordu il\u00e7esi Nizamettin Mahallesi\u2019nde ya\u015fayan Karadeniz, hayvan sevgisinin kendisinde hep oldu\u011funu, \u00e7e\u015fitli hayvanlara evinde bakt\u0131\u011f\u0131n\u0131 s\u00f6yledi. Bir k\u00f6yde \u00e7al\u0131\u015ft\u0131\u011f\u0131 esnada, \u00e7ocuklar\u0131 oynas\u0131n diye arkada\u015f\u0131ndan yavru ke\u00e7i alan Karadeniz, ke\u00e7i ile aralar\u0131nda ba\u011f olu\u015fmaya ba\u015flad\u0131\u011f\u0131n\u0131 s\u00f6yledi. \u0130n\u015faat i\u015f\u00e7isi olarak \u00e7al\u0131\u015fan Karadeniz, gitti\u011fi her yere \u2018Nazar\u2019 ad\u0131n\u0131 verdi\u011fi ke\u00e7iyi de g\u00f6t\u00fcrd\u00fc\u011f\u00fcn\u00fc de belirterek, \u201cS\u00fcrekli benim yan\u0131mda kalmaya ba\u015flad\u0131. Bir \u00e7ocuk annesini nas\u0131l ararsa o da beni ar\u0131yor. Biberonla besledik. \u015eimdi nereye gidersem pe\u015fimden geliyor. Kalabal\u0131k bir ortamda y\u00fcr\u00fcrken s\u00fcrekli birbirimize sesleniyoruz. Bu sayede birbirimizi kaybetmiyoruz\u201d \u015feklinde konu\u015ftu.<\/p>\n<p>Nazar i\u00e7in bah\u00e7e almay\u0131 d\u00fc\u015f\u00fcn\u00fcyor<\/p>\n<p>\u0130nsanlar\u0131n, Nazar\u2019\u0131 g\u00f6rd\u00fcklerinde \u00e7ok \u015fa\u015f\u0131rd\u0131klar\u0131n\u0131 ve neredeyse herkesin foto\u011fraf \u00e7ektirdi\u011fini anlatan Karadeniz, \u201cSokakta fazla y\u00fcr\u00fcyemiyoruz, ilgi alaka \u00e7ok fazla, sevmek isteyen \u00e7ok fazla. Bundan sonra da s\u00fcrekli bizim yan\u0131m\u0131zda olacak in\u015fallah. Kendime ait daireyi sat\u0131p, buralardan bir yerlerden bah\u00e7e almak istiyorum. Ne yaparsak yapal\u0131m bu hep bizim yan\u0131m\u0131zda, bu art\u0131k evin bir par\u00e7as\u0131. Nazar i\u00e7in \u00f6zellikle bir bah\u00e7e alaca\u011f\u0131m hem daha rahat ya\u015fas\u0131n hem de biz \u00e7ocuklarla birlikte \u015fehir hayat\u0131 yerine do\u011fa ile ba\u015f ba\u015fa ya\u015fas\u0131n\u201d \u015feklinde konu\u015ftu.<\/p>\n<p>\u201cArt\u0131k \u00e7ocu\u011fum diyebilirim\u201d<\/p>\n<p>Nazar\u2019\u0131 art\u0131k evlad\u0131 gibi g\u00f6rd\u00fc\u011f\u00fcn\u00fc anlatan 2 \u00e7ocuk babas\u0131 \u0130hsan Karadeniz, konu\u015fmas\u0131n\u0131 \u015f\u00f6yle tamamlad\u0131:<\/p>\n<p>\u201cBen art\u0131k ke\u00e7iyi b\u0131rakaca\u011f\u0131m desem de \u00e7ocuklar\u0131m izin vermezler. Ona bak\u0131yorlar, o art\u0131k evin bir bireyi. O da bizden ayr\u0131lmak istemiyor. Bu art\u0131k \u00e7ocu\u011fum gibi diyebilirim. \u0130lk 2 g\u00fcn \u00e7ocuklar sevsin de geri b\u0131rakay\u0131m diye d\u00fc\u015f\u00fcnd\u00fcm ama sonras\u0131nda o da benimle ilgilenmeye ba\u015flay\u0131nca daha b\u0131rakamad\u0131m. \u00c7al\u0131\u015f\u0131rken de yan\u0131mda g\u00f6t\u00fcr\u00fcyorum, in\u015faatta yan\u0131mda olacak.\u201d<\/p>\n<p>Ke\u00e7iyi sokakta g\u00f6renler ise \u00e7ok \u015fa\u015f\u0131rd\u0131klar\u0131n\u0131 belirterek, onunla foto\u011fraf \u00e7ektiriyor.<\/p>\n","protected":false},"excerpt":{"rendered":"<p>ALTINORDU \u0130L\u00c7ES\u0130 N\u0130ZAMETT\u0130N MAHALLES\u0130\u2019NDE YA\u015eAYAN KARADEN\u0130Z, HAYVAN SEVG\u0130S\u0130N\u0130N KEND\u0130S\u0130NDE HEP OLDU\u011eUNU, \u00c7E\u015e\u0130TL\u0130 HAYVANLARA EV\u0130NDE BAKTI\u011eINI S\u00d6YLED\u0130. B\u0130R K\u00d6YDE \u00c7ALI\u015eTI\u011eI ESNADA, \u00c7OCUKLARI OYNASIN D\u0130YE ARKADA\u015eINDAN YAVRU KE\u00c7\u0130 ALAN KARADEN\u0130Z, KE\u00c7\u0130 \u0130LE ARALARINDA BA\u011e OLU\u015eMAYA BA\u015eLADI\u011eINI S\u00d6YLED\u0130. \u0130N\u015eAAT \u0130\u015e\u00c7\u0130S\u0130 OLARAK \u00c7ALI\u015eAN KARADEN\u0130Z, G\u0130TT\u0130\u011e\u0130 HER YERE \u2018NAZAR\u2019 ADINI VERD\u0130\u011e\u0130 KE\u00c7\u0130Y\u0130 DE G\u00d6T\u00dcRD\u00dc\u011e\u00dcN\u00dc DE BEL\u0130RTEREK, \u201cS\u00dcREKL\u0130 BEN\u0130M YANIMDA KALMAYA BA\u015eLADI. B\u0130R \u00c7OCUK ANNES\u0130N\u0130 NASIL ARARSA O DA BEN\u0130 ARIYOR. B\u0130BERONLA BESLED\u0130K. \u015e\u0130MD\u0130 NEREYE G\u0130DERSEM PE\u015e\u0130MDEN GEL\u0130YOR. KALABALIK B\u0130R ORTAMDA Y\u00dcR\u00dcRKEN S\u00dcREKL\u0130 B\u0130RB\u0130R\u0130M\u0130ZE SESLEN\u0130YORUZ. BU SAYEDE B\u0130RB\u0130R\u0130M\u0130Z\u0130 KAYBETM\u0130YORUZ\u201d \u015eEKL\u0130NDE KONU\u015eTU.<\/p>\n","protected":false},"author":1,"featured_media":161413,"comment_status":"closed","ping_status":"open","sticky":false,"template":"","format":"standard","meta":{"jetpack_post_was_ever_published":false,"_jetpack_newsletter_access":"","_jetpack_dont_email_post_to_subs":false,"_jetpack_newsletter_tier_id":0,"_jetpack_memberships_contains_paywalled_content":false,"_jetpack_memberships_contains_paid_content":false,"footnotes":"","jetpack_publicize_message":"","jetpack_publicize_feature_enabled":true,"jetpack_social_post_already_shared":true,"jetpack_social_options":{"image_generator_settings":{"template":"highway","default_image_id":0,"font":"","enabled":false},"version":2}},"categories":[1],"tags":[37936,25628,981,1507,25497,23659],"class_list":["post-161412","post","type-post","status-publish","format-standard","has-post-thumbnail","hentry","category-genel","tag-ayirmiyor","tag-evladi","tag-gibi","tag-keciyi","tag-sevdigi","tag-yanindan"],"jetpack_publicize_connections":[],"jetpack_featured_media_url":"https:\/\/i0.wp.com\/www.tvturk.com\/wp-content\/uploads\/2019\/05\/evladi-gibi-sevdigi-keciyi-yanindan-ayirmiyor_c409ec9.jpg?fit=1000%2C662","jetpack_sharing_enabled":true,"jetpack_shortlink":"https:\/\/wp.me\/paKIfm-FZq","_links":{"self":[{"href":"http:\/\/www.tvturk.com\/index.php\/wp-json\/wp\/v2\/posts\/161412","targetHints":{"allow":["GET"]}}],"collection":[{"href":"http:\/\/www.tvturk.com\/index.php\/wp-json\/wp\/v2\/posts"}],"about":[{"href":"http:\/\/www.tvturk.com\/index.php\/wp-json\/wp\/v2\/types\/post"}],"author":[{"embeddable":true,"href":"http:\/\/www.tvturk.com\/index.php\/wp-json\/wp\/v2\/users\/1"}],"replies":[{"embeddable":true,"href":"http:\/\/www.tvturk.com\/index.php\/wp-json\/wp\/v2\/comments?post=161412"}],"version-history":[{"count":0,"href":"http:\/\/www.tvturk.com\/index.php\/wp-json\/wp\/v2\/posts\/161412\/revisions"}],"wp:featuredmedia":[{"embeddable":true,"href":"http:\/\/www.tvturk.com\/index.php\/wp-json\/wp\/v2\/media\/161413"}],"wp:attachment":[{"href":"http:\/\/www.tvturk.com\/index.php\/wp-json\/wp\/v2\/media?parent=161412"}],"wp:term":[{"taxonomy":"category","embeddable":true,"href":"http:\/\/www.tvturk.com\/index.php\/wp-json\/wp\/v2\/categories?post=161412"},{"taxonomy":"post_tag","embeddable":true,"href":"http:\/\/www.tvturk.com\/index.php\/wp-json\/wp\/v2\/tags?post=161412"}],"curies":[{"name":"wp","href":"https:\/\/api.w.org\/{rel}","templated":true}]}}