{"id":161646,"date":"2019-05-24T19:43:30","date_gmt":"2019-05-24T16:43:30","guid":{"rendered":"http:\/\/www.tvturk.com\/index.php\/bakan-donmez-soma-maden-sehitligini-ziyaret-etti\/"},"modified":"2019-05-24T19:43:30","modified_gmt":"2019-05-24T16:43:30","slug":"bakan-donmez-soma-maden-sehitligini-ziyaret-etti","status":"publish","type":"post","link":"http:\/\/www.tvturk.com\/index.php\/bakan-donmez-soma-maden-sehitligini-ziyaret-etti\/","title":{"rendered":"Bakan D\u00f6nmez, Soma Maden \u015eehitli\u011fini ziyaret etti"},"content":{"rendered":"<p>I\u015f\u0131klar Maden Oca\u011f\u0131nda d\u00fczenlenecek olan iftar program\u0131na kat\u0131lmak \u00fczere Manisa\u2019n\u0131n Soma il\u00e7esine gelen Enerji ve Tabii Kaynaklar Bakan\u0131 Fatih D\u00f6nmez ilk olarak Maden \u015eehitli\u011fini ziyaret etti.<\/p>\n<p>Enerji ve Tabii Kaynaklar Bakan\u0131 Fatih D\u00f6nmez, Soma\u2019da 13 May\u0131s 2014 tarihinde 301 maden i\u015f\u00e7isinin hayat\u0131n\u0131 kaybetmesiyle sonu\u00e7lanan maden facias\u0131n\u0131n ard\u0131ndan Manisa B\u00fcy\u00fck\u015fehir Belediyesi taraf\u0131ndan yapt\u0131r\u0131lan Soma Maden \u015eehitli\u011fini ziyaret etti. Bakan D\u00f6nmez\u2019i \u015fehitlik giri\u015finde Manisa Valisi Ahmet Deniz, AK Parti Manisa Milletvekili Mehmet Ali \u00d6zkan, AK Parti Manisa \u0130l Ba\u015fkan\u0131 Berk Mersinli, Soma Kaymakam\u0131 Ahmet Alt\u0131nta\u015f ve protokol \u00fcyeleri kar\u015f\u0131lad\u0131.<\/p>\n<p>\u015eehit mezarlar\u0131na karanfil b\u0131rakan ve dua eden Bakan D\u00f6nmez, Soma \u0130l\u00e7e M\u00fcft\u00fcs\u00fc S\u0131dd\u0131k Durmu\u015f\u2019un yapt\u0131rd\u0131\u011f\u0131 duan\u0131n ard\u0131ndan I\u015f\u0131klar Maden Oca\u011f\u0131na ge\u00e7ti.<\/p>\n","protected":false},"excerpt":{"rendered":"<p>I\u015eIKLAR MADEN OCA\u011eINDA D\u00dcZENLENECEK OLAN \u0130FTAR PROGRAMINA KATILMAK \u00dcZERE MAN\u0130SA&#8217;NIN SOMA \u0130L\u00c7ES\u0130NE GELEN ENERJ\u0130 VE TAB\u0130\u0130 KAYNAKLAR BAKANI FAT\u0130H D\u00d6NMEZ \u0130LK OLARAK MADEN \u015eEH\u0130TL\u0130\u011e\u0130N\u0130 Z\u0130YARET ETT\u0130.<\/p>\n","protected":false},"author":1,"featured_media":161647,"comment_status":"closed","ping_status":"open","sticky":false,"template":"","format":"standard","meta":{"jetpack_post_was_ever_published":false,"_jetpack_newsletter_access":"","_jetpack_dont_email_post_to_subs":false,"_jetpack_newsletter_tier_id":0,"_jetpack_memberships_contains_paywalled_content":false,"_jetpack_memberships_contains_paid_content":false,"footnotes":"","jetpack_publicize_message":"","jetpack_publicize_feature_enabled":true,"jetpack_social_post_already_shared":true,"jetpack_social_options":{"image_generator_settings":{"template":"highway","default_image_id":0,"font":"","enabled":false},"version":2}},"categories":[1],"tags":[742,5169,207,4622,22223,8393,150],"class_list":["post-161646","post","type-post","status-publish","format-standard","has-post-thumbnail","hentry","category-genel","tag-bakan","tag-donmez","tag-etti","tag-maden","tag-sehitligini","tag-soma","tag-ziyaret"],"jetpack_publicize_connections":[],"jetpack_featured_media_url":"https:\/\/i0.wp.com\/www.tvturk.com\/wp-content\/uploads\/2019\/05\/bakan-donmez-soma-maden-sehitligini-ziyaret-etti_9d84310.jpg?fit=1000%2C666","jetpack_sharing_enabled":true,"jetpack_shortlink":"https:\/\/wp.me\/paKIfm-G3c","_links":{"self":[{"href":"http:\/\/www.tvturk.com\/index.php\/wp-json\/wp\/v2\/posts\/161646","targetHints":{"allow":["GET"]}}],"collection":[{"href":"http:\/\/www.tvturk.com\/index.php\/wp-json\/wp\/v2\/posts"}],"about":[{"href":"http:\/\/www.tvturk.com\/index.php\/wp-json\/wp\/v2\/types\/post"}],"author":[{"embeddable":true,"href":"http:\/\/www.tvturk.com\/index.php\/wp-json\/wp\/v2\/users\/1"}],"replies":[{"embeddable":true,"href":"http:\/\/www.tvturk.com\/index.php\/wp-json\/wp\/v2\/comments?post=161646"}],"version-history":[{"count":0,"href":"http:\/\/www.tvturk.com\/index.php\/wp-json\/wp\/v2\/posts\/161646\/revisions"}],"wp:featuredmedia":[{"embeddable":true,"href":"http:\/\/www.tvturk.com\/index.php\/wp-json\/wp\/v2\/media\/161647"}],"wp:attachment":[{"href":"http:\/\/www.tvturk.com\/index.php\/wp-json\/wp\/v2\/media?parent=161646"}],"wp:term":[{"taxonomy":"category","embeddable":true,"href":"http:\/\/www.tvturk.com\/index.php\/wp-json\/wp\/v2\/categories?post=161646"},{"taxonomy":"post_tag","embeddable":true,"href":"http:\/\/www.tvturk.com\/index.php\/wp-json\/wp\/v2\/tags?post=161646"}],"curies":[{"name":"wp","href":"https:\/\/api.w.org\/{rel}","templated":true}]}}