{"id":161652,"date":"2019-05-24T21:25:20","date_gmt":"2019-05-24T18:25:20","guid":{"rendered":"http:\/\/www.tvturk.com\/index.php\/agrida-koruyucu-aileler-icin-iftar-programi-duzenlendi\/"},"modified":"2019-05-24T21:25:20","modified_gmt":"2019-05-24T18:25:20","slug":"agrida-koruyucu-aileler-icin-iftar-programi-duzenlendi","status":"publish","type":"post","link":"http:\/\/www.tvturk.com\/index.php\/agrida-koruyucu-aileler-icin-iftar-programi-duzenlendi\/","title":{"rendered":"A\u011fr\u0131\u2019da koruyucu aileler i\u00e7in iftar program\u0131 d\u00fczenlendi"},"content":{"rendered":"<p>A\u011fr\u0131 Aile, \u00c7al\u0131\u015fma ve Sosyal Hizmetler \u0130l M\u00fcd\u00fcrl\u00fc\u011f\u00fc taraf\u0131ndan koruyucu aileler i\u00e7in iftar program\u0131 d\u00fczenlendi<\/p>\n<p>A\u011fr\u0131 Orduevi\u2019nde d\u00fczenlenen iftar program\u0131na A\u011fr\u0131 Valisi S\u00fcleyman Elban, 12. Mekanize Piyade Tugay Komutan\u0131 Tu\u011f General Faruk Metin, A\u011fr\u0131 Belediye Ba\u015fkan\u0131 Savc\u0131 Sayan, \u0130l M\u00fcft\u00fcs\u00fc Tando\u011fan Top\u00e7u, Aile, \u00c7al\u0131\u015fma ve Sosyal Hizmetler \u0130l M\u00fcd\u00fcr\u00fc Mehmet \u015eafi Erim, Yurt Ay Derne\u011fi Ba\u015fkan\u0131 Recep \u00c7irik, kurum m\u00fcd\u00fcrleri, koruyucu aileler ve \u00e7ocuklar kat\u0131ld\u0131.<\/p>\n<p>\u0130ftar program\u0131nda il M\u00fcft\u00fcs\u00fc Tando\u011fan Top\u00e7u\u2019nun yapt\u0131\u011f\u0131 duadan sonra konu\u015fan A\u011fr\u0131 Valisi S\u00fcleyman Elban, aile kavram\u0131n\u0131n ve aile olman\u0131n \u00f6nemine vurgu yaparak koruyucu ailelere te\u015fekk\u00fcr etti. Elban, \u201cBiz \u00fclke olarak, 82 milyon olarak b\u00fcy\u00fck bir aileyiz. Allaha \u015f\u00fck\u00fcr her daim duyarl\u0131 b\u00fcy\u00fck bir \u0130slam toplulu\u011fu ailesiyiz ve il olarak, A\u011fr\u0131 olarak da bir aileyiz. \u00c7e\u015fitli nedenlerle aile ortam\u0131 konusunda ma\u011fduriyet ya\u015fayan her kesin tekrar aile s\u0131cakl\u0131\u011f\u0131nda aile ortam\u0131 yakalayabilmesi \u00e7ok ama \u00e7ok \u00f6nemlidir. Dolay\u0131s\u0131yla bu ortam\u0131 sa\u011flayan ve bu \u015fefkati g\u00f6steren siz \u00e7ok k\u0131ymetli ailelerimize \u015f\u00fckranlar\u0131m\u0131z\u0131 sunuyorum. Hepinizin Ramazan ay\u0131n\u0131 kutluyorum\u201d ifadelerini kulland\u0131.<\/p>\n","protected":false},"excerpt":{"rendered":"<p>A\u011eRI A\u0130LE, \u00c7ALI\u015eMA VE SOSYAL H\u0130ZMETLER \u0130L M\u00dcD\u00dcRL\u00dc\u011e\u00dc TARAFINDAN KORUYUCU A\u0130LELER \u0130\u00c7\u0130N \u0130FTAR PROGRAMI D\u00dcZENLEND\u0130.<\/p>\n","protected":false},"author":1,"featured_media":161653,"comment_status":"closed","ping_status":"open","sticky":false,"template":"","format":"standard","meta":{"jetpack_post_was_ever_published":false,"_jetpack_newsletter_access":"","_jetpack_dont_email_post_to_subs":false,"_jetpack_newsletter_tier_id":0,"_jetpack_memberships_contains_paywalled_content":false,"_jetpack_memberships_contains_paid_content":false,"footnotes":"","jetpack_publicize_message":"","jetpack_publicize_feature_enabled":true,"jetpack_social_post_already_shared":true,"jetpack_social_options":{"image_generator_settings":{"template":"highway","default_image_id":0,"font":"","enabled":false},"version":2}},"categories":[1],"tags":[7731,22042,2202,44,30333,4088,1999],"class_list":["post-161652","post","type-post","status-publish","format-standard","has-post-thumbnail","hentry","category-genel","tag-agrida","tag-aileler","tag-duzenlendi","tag-icin","tag-iftar","tag-koruyucu","tag-programi"],"jetpack_publicize_connections":[],"jetpack_featured_media_url":"https:\/\/i0.wp.com\/www.tvturk.com\/wp-content\/uploads\/2019\/05\/agrida-koruyucu-aileler-icin-iftar-programi-duzenlendi_407166e.jpg?fit=1000%2C664","jetpack_sharing_enabled":true,"jetpack_shortlink":"https:\/\/wp.me\/paKIfm-G3i","_links":{"self":[{"href":"http:\/\/www.tvturk.com\/index.php\/wp-json\/wp\/v2\/posts\/161652","targetHints":{"allow":["GET"]}}],"collection":[{"href":"http:\/\/www.tvturk.com\/index.php\/wp-json\/wp\/v2\/posts"}],"about":[{"href":"http:\/\/www.tvturk.com\/index.php\/wp-json\/wp\/v2\/types\/post"}],"author":[{"embeddable":true,"href":"http:\/\/www.tvturk.com\/index.php\/wp-json\/wp\/v2\/users\/1"}],"replies":[{"embeddable":true,"href":"http:\/\/www.tvturk.com\/index.php\/wp-json\/wp\/v2\/comments?post=161652"}],"version-history":[{"count":0,"href":"http:\/\/www.tvturk.com\/index.php\/wp-json\/wp\/v2\/posts\/161652\/revisions"}],"wp:featuredmedia":[{"embeddable":true,"href":"http:\/\/www.tvturk.com\/index.php\/wp-json\/wp\/v2\/media\/161653"}],"wp:attachment":[{"href":"http:\/\/www.tvturk.com\/index.php\/wp-json\/wp\/v2\/media?parent=161652"}],"wp:term":[{"taxonomy":"category","embeddable":true,"href":"http:\/\/www.tvturk.com\/index.php\/wp-json\/wp\/v2\/categories?post=161652"},{"taxonomy":"post_tag","embeddable":true,"href":"http:\/\/www.tvturk.com\/index.php\/wp-json\/wp\/v2\/tags?post=161652"}],"curies":[{"name":"wp","href":"https:\/\/api.w.org\/{rel}","templated":true}]}}