{"id":161692,"date":"2019-05-24T23:33:20","date_gmt":"2019-05-24T20:33:20","guid":{"rendered":"http:\/\/www.tvturk.com\/index.php\/bakan-pakdemirli-florida-uluslararasi-universitesini-ziyaret-etti\/"},"modified":"2019-05-24T23:33:20","modified_gmt":"2019-05-24T20:33:20","slug":"bakan-pakdemirli-florida-uluslararasi-universitesini-ziyaret-etti","status":"publish","type":"post","link":"http:\/\/www.tvturk.com\/index.php\/bakan-pakdemirli-florida-uluslararasi-universitesini-ziyaret-etti\/","title":{"rendered":"Bakan Pakdemirli, Florida Uluslararas\u0131 \u00dcniversitesi\u2019ni ziyaret etti"},"content":{"rendered":"<p>Tar\u0131m ve Orman Bakan\u0131 Bekir Pakdemirli, Florida Uluslararas\u0131 \u00dcniversitesi\u2019ni ziyaret etti.<\/p>\n<p>Amerika Birle\u015fik Devletleri\u2019nde d\u00fczenlenen \u201c38. Kuru Yemi\u015f ve Kuru Meyveler Kongresi\u201dne kat\u0131lmak \u00fczere Amerika\u2019da bulunan Tar\u0131m ve Orman Bakan\u0131 Bekir Pakdemirli, Florida Uluslararas\u0131 \u00dcniversitesi\u2019ni ziyaret etti. \u00dcniversite ziyareti kapsam\u0131nda Bakan Pakdemirli ba\u015fkanl\u0131\u011f\u0131ndaki T\u00fcrk heyeti ile Fak\u00fclte ve Global \u0130li\u015fkilerden Sorumlu Yard\u0131mc\u0131 Dekan\u0131 Meredith Newman\u2018\u0131n ba\u015fkanl\u0131\u011f\u0131ndaki heyet \u00fcniversite kamp\u00fcs\u00fcnde bir toplant\u0131 yapt\u0131.<\/p>\n<p>Toplant\u0131da, Florida Uluslararas\u0131 \u00dcniversitesi\u2019nin, bilhassa tar\u0131m ve tar\u0131m teknolojileri konular\u0131ndaki \u00e7al\u0131\u015fmalar\u0131 hakk\u0131nda bilgi al\u0131narak, ikili i\u015fbirli\u011fi yap\u0131labilecek konular hakk\u0131nda isti\u015farede bulunuldu. Yap\u0131lan isti\u015fareler sonucunda ise Tar\u0131msal Ara\u015ft\u0131rmalar Genel M\u00fcd\u00fcrl\u00fc\u011f\u00fc (TAGEM) Enstit\u00fcleri ile Florida Uluslararas\u0131 \u00dcniversitesi aras\u0131nda doktora e\u011fitimi seviyesinde i\u015fbirli\u011fi yap\u0131lmas\u0131 hususunda mutab\u0131k kal\u0131nd\u0131.<\/p>\n<p>\u00dcniversitede yap\u0131lan toplant\u0131n\u0131n ard\u0131ndan Miami Gardens Mescit\u2019te Cuma namaz\u0131n\u0131 k\u0131lan Bakan Pakdemirli, Cuma namaz\u0131 i\u00e7in orada bulunan M\u00fcsl\u00fcman toplumu selamlayarak, Ramazanlar\u0131n\u0131 kutlad\u0131. Bakan Pakdemirli, ayr\u0131ca burada Yeni Zelanda\u2019da M\u00fcsl\u00fcmanlara y\u00f6nelik ger\u00e7ekle\u015ftirilen sald\u0131r\u0131y\u0131 k\u0131nad\u0131.<\/p>\n","protected":false},"excerpt":{"rendered":"<p>TARIM VE ORMAN BAKANI BEK\u0130R PAKDEM\u0130RL\u0130, FLOR\u0130DA ULUSLARARASI \u00dcN\u0130VERS\u0130TES\u0130\u2019N\u0130 Z\u0130YARET ETT\u0130.<\/p>\n","protected":false},"author":1,"featured_media":161693,"comment_status":"closed","ping_status":"open","sticky":false,"template":"","format":"standard","meta":{"jetpack_post_was_ever_published":false,"_jetpack_newsletter_access":"","_jetpack_dont_email_post_to_subs":false,"_jetpack_newsletter_tier_id":0,"_jetpack_memberships_contains_paywalled_content":false,"_jetpack_memberships_contains_paid_content":false,"footnotes":"","jetpack_publicize_message":"","jetpack_publicize_feature_enabled":true,"jetpack_social_post_already_shared":true,"jetpack_social_options":{"image_generator_settings":{"template":"highway","default_image_id":0,"font":"","enabled":false},"version":2}},"categories":[1],"tags":[4839,742,207,38038,3491,23107,150],"class_list":["post-161692","post","type-post","status-publish","format-standard","has-post-thumbnail","hentry","category-genel","tag-uluslararasi","tag-bakan","tag-etti","tag-florida","tag-pakdemirli","tag-universitesini","tag-ziyaret"],"jetpack_publicize_connections":[],"jetpack_featured_media_url":"https:\/\/i0.wp.com\/www.tvturk.com\/wp-content\/uploads\/2019\/05\/bakan-pakdemirli-florida-uluslararasi-universitesini-ziyaret-etti_0c6d175.jpg?fit=1000%2C641","jetpack_sharing_enabled":true,"jetpack_shortlink":"https:\/\/wp.me\/paKIfm-G3W","_links":{"self":[{"href":"http:\/\/www.tvturk.com\/index.php\/wp-json\/wp\/v2\/posts\/161692","targetHints":{"allow":["GET"]}}],"collection":[{"href":"http:\/\/www.tvturk.com\/index.php\/wp-json\/wp\/v2\/posts"}],"about":[{"href":"http:\/\/www.tvturk.com\/index.php\/wp-json\/wp\/v2\/types\/post"}],"author":[{"embeddable":true,"href":"http:\/\/www.tvturk.com\/index.php\/wp-json\/wp\/v2\/users\/1"}],"replies":[{"embeddable":true,"href":"http:\/\/www.tvturk.com\/index.php\/wp-json\/wp\/v2\/comments?post=161692"}],"version-history":[{"count":0,"href":"http:\/\/www.tvturk.com\/index.php\/wp-json\/wp\/v2\/posts\/161692\/revisions"}],"wp:featuredmedia":[{"embeddable":true,"href":"http:\/\/www.tvturk.com\/index.php\/wp-json\/wp\/v2\/media\/161693"}],"wp:attachment":[{"href":"http:\/\/www.tvturk.com\/index.php\/wp-json\/wp\/v2\/media?parent=161692"}],"wp:term":[{"taxonomy":"category","embeddable":true,"href":"http:\/\/www.tvturk.com\/index.php\/wp-json\/wp\/v2\/categories?post=161692"},{"taxonomy":"post_tag","embeddable":true,"href":"http:\/\/www.tvturk.com\/index.php\/wp-json\/wp\/v2\/tags?post=161692"}],"curies":[{"name":"wp","href":"https:\/\/api.w.org\/{rel}","templated":true}]}}