{"id":161698,"date":"2019-05-24T23:36:29","date_gmt":"2019-05-24T20:36:29","guid":{"rendered":"http:\/\/www.tvturk.com\/index.php\/bakan-kurum-emlak-katilim-bankasi-calisanlariyla-iftarda-bir-araya-geldi\/"},"modified":"2019-05-24T23:36:29","modified_gmt":"2019-05-24T20:36:29","slug":"bakan-kurum-emlak-katilim-bankasi-calisanlariyla-iftarda-bir-araya-geldi","status":"publish","type":"post","link":"http:\/\/www.tvturk.com\/index.php\/bakan-kurum-emlak-katilim-bankasi-calisanlariyla-iftarda-bir-araya-geldi\/","title":{"rendered":"Bakan Kurum, Emlak Kat\u0131l\u0131m Bankas\u0131 \u00e7al\u0131\u015fanlar\u0131yla iftarda bir araya geldi"},"content":{"rendered":"<p>\u00c7evre ve \u015eehircilik Bakan\u0131 Murat Kurum, Emlak Kat\u0131l\u0131m Bankas\u0131 \u00e7al\u0131\u015fanlar\u0131 ile iftar program\u0131nda bir araya geldi. Kurum, \u201cEmlak Kat\u0131l\u0131m Bankam\u0131z ithalata kar\u015f\u0131 ihracat\u0131m\u0131z\u0131n \u015fah g\u00f6stermesidir. Yerli ve milli duru\u015fun kurumsal halidir\u201d dedi.<\/p>\n<p>Emlak Kat\u0131l\u0131m Bankas\u0131\u2019n\u0131n \u00dcmraniye\u2019deki iftar yeme\u011fine \u00c7evre ve \u015eehircilik Bakan\u0131 Murat Kurum kat\u0131ld\u0131. \u0130ftar program\u0131na \u00c7evre ve \u015eehircilik Bakan\u0131 Murat Kurum\u2019un yan\u0131 s\u0131ra Emlak Kat\u0131l\u0131m Bankas\u0131 \u00e7al\u0131\u015fanlar\u0131 da kat\u0131ld\u0131. \u0130ftar yeme\u011fi sonras\u0131 konu\u015fma yapan \u00c7evre ve \u015eehircilik Bakan\u0131 Murat Kurum, \u201cFinansal \u00e7\u00f6z\u00fcmler \u00fcretece\u011fiz. Yerel \u00fcretimi destekleyece\u011fiz. Cari a\u00e7\u0131\u011f\u0131 olu\u015fturan ithal mallar\u0131n da \u00fclkemizde \u00fcretiminin art\u0131r\u0131lmas\u0131n\u0131 sa\u011flayaca\u011f\u0131m\u0131z modeller geli\u015ftirece\u011fiz. Bu modellerle birlikte fabrikalar a\u00e7aca\u011f\u0131z. \u0130stihdam kap\u0131lar\u0131 a\u00e7aca\u011f\u0131z ve sekt\u00f6r\u00fcm\u00fcze katk\u0131 sa\u011flayarak yerli ve milli \u00fcretim yapanlara destek olmu\u015f olaca\u011f\u0131z\u201d dedi.<\/p>\n<p>\u201cEmlak Kat\u0131l\u0131m Bankam\u0131z ithalata kar\u015f\u0131 ihracat\u0131m\u0131z\u0131n \u015fah g\u00f6stermesidir\u201d<\/p>\n<p>Emlak Kat\u0131l\u0131m Bankas\u0131\u2019n\u0131n s\u0131radan bir banka olmad\u0131\u011f\u0131n\u0131 alt\u0131n\u0131 \u00e7izen Bakan Kurum, \u201cBu \u00fclkeye zarar vermek ad\u0131na ekonomik spek\u00fclasyon yapanlara manip\u00fclasyoncular dolar spek\u00fclat\u00f6rlerine ve faiz lobisine cevap vermek i\u00e7in ve onlara kar\u015f\u0131 tedbir almak amac\u0131yla kurulmu\u015f bir bankad\u0131r, bir kurulu\u015ftur. Bizi darbelerle yetmedi ekonomik sava\u015flarla ve tehdit edenlere adeta \u015fah g\u00f6sterenlere biz de \u015fah g\u00f6sterece\u011fiz. Emlak Kat\u0131l\u0131m Bankam\u0131z ithalata kar\u015f\u0131 ihracat\u0131m\u0131z\u0131n \u015fah g\u00f6stermesidir. Yerli ve milli duru\u015fun kurumsal halidir. Hep birlikte el ele vererek, omuz omuza vererek ve tevazu i\u00e7erisinde \u00e7al\u0131\u015faca\u011f\u0131z, hizmet edece\u011fiz.  Bu \u00fclke g\u00fcven ve istikrara adas\u0131 olduysa finans sekt\u00f6r\u00fcnde, bankac\u0131l\u0131k sekt\u00f6r\u00fcnde, mali sekt\u00f6rde ger\u00e7ekle\u015ftirdi\u011fi \u00f6nemli reformlar sayesinde olmu\u015ftur\u201d  \u015feklinde konu\u015ftu.<\/p>\n<p>\u201c7 co\u011frafi b\u00f6lgedeki a\u00e7aca\u011f\u0131m\u0131z 15 \u015fube a\u00e7aca\u011f\u0131z\u201d<\/p>\n<p>Yollar\u0131n\u0131 \u00e7ok \u00e7ok uzun oldu\u011funu ifade eden Kurum, \u201cBu \u00fclke sadece kendini ilgilendirmiyor. Bu co\u011frafyadaki t\u00fcm mazlumlar\u0131 t\u00fcm ihtiyac\u0131 olanlar\u0131 ilgilendiriyor. Sadece bu \u00fclke i\u00e7in de\u011fil d\u00fcnyadaki t\u00fcm mazlumlar\u0131 g\u00fc\u00e7l\u00fc olmas\u0131 bu anlamda t\u00fcm sekt\u00f6rlerimizin g\u00fc\u00e7l\u00fc olmas\u0131 \u00e7ok \u00f6nemli. 2019 y\u0131l\u0131nda \u0130n\u015fallah 7 co\u011frafi b\u00f6lgedeki a\u00e7aca\u011f\u0131m\u0131z 15 \u015fubemiz \u00fclkemize \u00fcretim ve istihdam noktas\u0131nda \u00e7ok b\u00fcy\u00fck katk\u0131 sa\u011flayaca\u011f\u0131n\u0131 d\u00fc\u015f\u00fcn\u00fcyoruz\u201d dedi.<\/p>\n","protected":false},"excerpt":{"rendered":"<p>\u00c7EVRE VE \u015eEH\u0130RC\u0130L\u0130K BAKANI MURAT KURUM, EMLAK KATILIM BANKASI \u00c7ALI\u015eANLARI \u0130LE \u0130FTAR PROGRAMINDA B\u0130R ARAYA GELD\u0130. KURUM, \u201cEMLAK KATILIM BANKAMIZ \u0130THALATA KAR\u015eI \u0130HRACATIMIZIN \u015eAH G\u00d6STERMES\u0130D\u0130R. YERL\u0130 VE M\u0130LL\u0130 DURU\u015eUN KURUMSAL HAL\u0130D\u0130R\u201d DED\u0130.<\/p>\n","protected":false},"author":1,"featured_media":161699,"comment_status":"closed","ping_status":"open","sticky":false,"template":"","format":"standard","meta":{"jetpack_post_was_ever_published":false,"_jetpack_newsletter_access":"","_jetpack_dont_email_post_to_subs":false,"_jetpack_newsletter_tier_id":0,"_jetpack_memberships_contains_paywalled_content":false,"_jetpack_memberships_contains_paid_content":false,"footnotes":"","jetpack_publicize_message":"","jetpack_publicize_feature_enabled":true,"jetpack_social_post_already_shared":true,"jetpack_social_options":{"image_generator_settings":{"template":"highway","default_image_id":0,"font":"","enabled":false},"version":2}},"categories":[1],"tags":[126,742,3473,125,1454,32544,127,34883,2315,2582],"class_list":["post-161698","post","type-post","status-publish","format-standard","has-post-thumbnail","hentry","category-genel","tag-araya","tag-bakan","tag-bankasi","tag-bir","tag-calisanlariyla","tag-emlak","tag-geldi","tag-iftarda","tag-katilim","tag-kurum"],"jetpack_publicize_connections":[],"jetpack_featured_media_url":"https:\/\/i0.wp.com\/www.tvturk.com\/wp-content\/uploads\/2019\/05\/bakan-kurum-emlak-katilim-bankasi-calisanlariyla-iftarda-bir-araya-geldi_f571e25.jpg?fit=1000%2C666","jetpack_sharing_enabled":true,"jetpack_shortlink":"https:\/\/wp.me\/paKIfm-G42","_links":{"self":[{"href":"http:\/\/www.tvturk.com\/index.php\/wp-json\/wp\/v2\/posts\/161698","targetHints":{"allow":["GET"]}}],"collection":[{"href":"http:\/\/www.tvturk.com\/index.php\/wp-json\/wp\/v2\/posts"}],"about":[{"href":"http:\/\/www.tvturk.com\/index.php\/wp-json\/wp\/v2\/types\/post"}],"author":[{"embeddable":true,"href":"http:\/\/www.tvturk.com\/index.php\/wp-json\/wp\/v2\/users\/1"}],"replies":[{"embeddable":true,"href":"http:\/\/www.tvturk.com\/index.php\/wp-json\/wp\/v2\/comments?post=161698"}],"version-history":[{"count":0,"href":"http:\/\/www.tvturk.com\/index.php\/wp-json\/wp\/v2\/posts\/161698\/revisions"}],"wp:featuredmedia":[{"embeddable":true,"href":"http:\/\/www.tvturk.com\/index.php\/wp-json\/wp\/v2\/media\/161699"}],"wp:attachment":[{"href":"http:\/\/www.tvturk.com\/index.php\/wp-json\/wp\/v2\/media?parent=161698"}],"wp:term":[{"taxonomy":"category","embeddable":true,"href":"http:\/\/www.tvturk.com\/index.php\/wp-json\/wp\/v2\/categories?post=161698"},{"taxonomy":"post_tag","embeddable":true,"href":"http:\/\/www.tvturk.com\/index.php\/wp-json\/wp\/v2\/tags?post=161698"}],"curies":[{"name":"wp","href":"https:\/\/api.w.org\/{rel}","templated":true}]}}