{"id":161728,"date":"2019-05-25T01:46:10","date_gmt":"2019-05-24T22:46:10","guid":{"rendered":"http:\/\/www.tvturk.com\/index.php\/binali-yildirima-zeytinburnunda-mesaleli-karsilama\/"},"modified":"2019-05-25T01:46:10","modified_gmt":"2019-05-24T22:46:10","slug":"binali-yildirima-zeytinburnunda-mesaleli-karsilama","status":"publish","type":"post","link":"http:\/\/www.tvturk.com\/index.php\/binali-yildirima-zeytinburnunda-mesaleli-karsilama\/","title":{"rendered":"Binali Y\u0131ld\u0131r\u0131m\u2019a Zeytinburnu\u2019nda me\u015faleli kar\u015f\u0131lama"},"content":{"rendered":"<p>AK Parti \u0130stanbul B\u00fcy\u00fck\u015fehir Belediye Ba\u015fkan Aday\u0131 Binali Y\u0131ld\u0131r\u0131m, Zeytinburnu\u2019nda me\u015falelerle kar\u015f\u0131land\u0131.<\/p>\n<p>AK Parti \u0130stanbul B\u00fcy\u00fck\u015fehir Belediye Ba\u015fkan Aday\u0131 Binali Y\u0131ld\u0131r\u0131m, Avrasya G\u00f6steri ve Sanat Merkezindeki iftar program\u0131n\u0131n ard\u0131ndan Zeytinburnu\u2019nda bulunan K\u00f6\u015feli Cami\u2019ye gelerek teravih Namaz\u0131n\u0131 k\u0131ld\u0131. Namaz\u0131n ard\u0131ndan cami avlusundaki limonata da\u011f\u0131t\u0131m\u0131n kat\u0131lan Y\u0131ld\u0131r\u0131m, burada vatanda\u015flarla sohbet etti. Daha sonra il\u00e7ede bulunan bir kafeye \u00e7ay sohbetine giden Binali Y\u0131ld\u0131r\u0131m, burada vatanda\u015flar taraf\u0131ndan me\u015falelerle kar\u015f\u0131land\u0131. Vatanda\u015flardan yo\u011fun ilgi g\u00f6ren Y\u0131ld\u0131r\u0131m vatanda\u015flarla bol bol foto\u011fraf \u00e7ektirdi. Binali Y\u0131ld\u0131r\u0131m\u2019a gezi s\u0131ras\u0131nda D\u0131\u015fi\u015fleri Bakan\u0131 Mevl\u00fct \u00c7avu\u015fo\u011flu, Zeytinburnu Belediye Ba\u015fkan\u0131 \u00d6mer Ar\u0131soy e\u015flik etti. Vatanda\u015flarla sohbet eden Binali Y\u0131ld\u0131r\u0131m, \u00f6nce Ramazan Bayram\u0131 ondan sonra da 23 Haziran demokrasi bayram\u0131n\u0131 hep birlikte kutlayacaklar\u0131n\u0131 s\u00f6yleyerek se\u00e7imlerde destek istedi.<\/p>\n<p>\u201cAllah\u2019\u0131n izniyle 23 Haziran\u2019da \u0130stanbul Binali Y\u0131ld\u0131r\u0131m diyecek\u201d<\/p>\n<p>Vatanda\u015flara hitap eden D\u0131\u015fi\u015fleri Bakan\u0131 Mevl\u00fct \u00c7avu\u015fo\u011flu, \u201cKazakistan\u2019dan aya\u011f\u0131m\u0131n tozuyla gelerek burada \u00e7al\u0131\u015fmalar k\u00fc\u00e7\u00fck de olsa destek vermek i\u00e7in geldim. \u00c7orbada tuzumuz olsun istedim. Kazakistan\u2019dan sizlere selam getirdim. Ah\u0131ska T\u00fcrkleri darbe giri\u015fimi oldu\u011fu zaman ter\u00f6r sald\u0131r\u0131s\u0131 oldu\u011fu zaman ararlar ve bize ihtiya\u00e7 var m\u0131 diye bize sorarlar. Bu se\u00e7imde iyi \u00e7al\u0131\u015fmayacaksan\u0131z, sand\u0131klar\u0131 beklemeyecekseniz biz gelelim dediler. Onlara dedim ki siz burada huzurlu, g\u00fc\u00e7l\u00fc olun, Allah\u2019\u0131n izniyle 23 Haziran\u2019da \u0130stanbul Binali Y\u0131ld\u0131r\u0131m diyecek. F\u0131rsat bulduk\u00e7a, bizde \u00e7al\u0131\u015fmalara kat\u0131laca\u011f\u0131z. Sizlerin \u00e7al\u0131\u015fmalar\u0131na destek verece\u011fiz\u201d diye konu\u015ftu.<\/p>\n<p>\u201c31 Mart\u2019ta ki deste\u011fimizi daha da yukar\u0131ya \u00e7\u0131karmak i\u00e7in gecemizi g\u00fcnd\u00fcz\u00fcm\u00fcze kataca\u011f\u0131z\u201d<\/p>\n<p>Kafe i\u00e7erisinde konu\u015fma yapan Zeytinburnu Belediye Ba\u015fkan\u0131 \u00d6mer Ar\u0131soy, \u201cZeytinburnu 31 Mart se\u00e7imlerinde bize sahip \u00e7\u0131kt\u0131, in\u015fallah 23 Haziran\u2019da bu deste\u011fi daha da yukar\u0131ya \u00e7\u0131karacak. Sizin buraya te\u015frifleriniz bize \u00e7ok b\u00fcy\u00fck bir moral oldu. B\u00fct\u00fcn hem\u015ferilerimle birlikte 23 Haziran\u2019a kadar 31 Mart\u2019ta ki deste\u011fimizi daha da yukar\u0131ya \u00e7\u0131karmak i\u00e7in gecemizi g\u00fcnd\u00fcz\u00fcm\u00fcze kataca\u011f\u0131z. Eksik kalan b\u00f6l\u00fcm\u00fcm\u00fc 23 Haziran\u2019da in\u015fallah tamamlayaca\u011f\u0131z\u201d \u015feklinde konu\u015ftu.<\/p>\n","protected":false},"excerpt":{"rendered":"<p>B\u0130NAL\u0130 YILDIRIM\u2019A ZEYT\u0130NBURNU\u2019NDA ME\u015eALEL\u0130 KAR\u015eILAMA<\/p>\n","protected":false},"author":1,"featured_media":161729,"comment_status":"closed","ping_status":"open","sticky":false,"template":"","format":"standard","meta":{"jetpack_post_was_ever_published":false,"_jetpack_newsletter_access":"","_jetpack_dont_email_post_to_subs":false,"_jetpack_newsletter_tier_id":0,"_jetpack_memberships_contains_paywalled_content":false,"_jetpack_memberships_contains_paid_content":false,"footnotes":"","jetpack_publicize_message":"","jetpack_publicize_feature_enabled":true,"jetpack_social_post_already_shared":true,"jetpack_social_options":{"image_generator_settings":{"template":"highway","default_image_id":0,"font":"","enabled":false},"version":2}},"categories":[1],"tags":[3333,680,12046,9846,18054],"class_list":["post-161728","post","type-post","status-publish","format-standard","has-post-thumbnail","hentry","category-genel","tag-binali","tag-karsilama","tag-mesaleli","tag-yildirima","tag-zeytinburnunda"],"jetpack_publicize_connections":[],"jetpack_featured_media_url":"https:\/\/i0.wp.com\/www.tvturk.com\/wp-content\/uploads\/2019\/05\/binali-yildirima-zeytinburnunda-mesaleli-karsilama_843a472.jpg?fit=1000%2C750","jetpack_sharing_enabled":true,"jetpack_shortlink":"https:\/\/wp.me\/paKIfm-G4w","_links":{"self":[{"href":"http:\/\/www.tvturk.com\/index.php\/wp-json\/wp\/v2\/posts\/161728","targetHints":{"allow":["GET"]}}],"collection":[{"href":"http:\/\/www.tvturk.com\/index.php\/wp-json\/wp\/v2\/posts"}],"about":[{"href":"http:\/\/www.tvturk.com\/index.php\/wp-json\/wp\/v2\/types\/post"}],"author":[{"embeddable":true,"href":"http:\/\/www.tvturk.com\/index.php\/wp-json\/wp\/v2\/users\/1"}],"replies":[{"embeddable":true,"href":"http:\/\/www.tvturk.com\/index.php\/wp-json\/wp\/v2\/comments?post=161728"}],"version-history":[{"count":0,"href":"http:\/\/www.tvturk.com\/index.php\/wp-json\/wp\/v2\/posts\/161728\/revisions"}],"wp:featuredmedia":[{"embeddable":true,"href":"http:\/\/www.tvturk.com\/index.php\/wp-json\/wp\/v2\/media\/161729"}],"wp:attachment":[{"href":"http:\/\/www.tvturk.com\/index.php\/wp-json\/wp\/v2\/media?parent=161728"}],"wp:term":[{"taxonomy":"category","embeddable":true,"href":"http:\/\/www.tvturk.com\/index.php\/wp-json\/wp\/v2\/categories?post=161728"},{"taxonomy":"post_tag","embeddable":true,"href":"http:\/\/www.tvturk.com\/index.php\/wp-json\/wp\/v2\/tags?post=161728"}],"curies":[{"name":"wp","href":"https:\/\/api.w.org\/{rel}","templated":true}]}}