{"id":16178,"date":"2019-02-09T16:36:55","date_gmt":"2019-02-09T13:36:55","guid":{"rendered":"http:\/\/www.tvturk.com\/index.php\/levent-tellioglundan-turk-sanat-muzigi-resitali\/"},"modified":"2019-02-09T16:36:59","modified_gmt":"2019-02-09T13:36:59","slug":"levent-tellioglundan-turk-sanat-muzigi-resitali","status":"publish","type":"post","link":"http:\/\/www.tvturk.com\/index.php\/levent-tellioglundan-turk-sanat-muzigi-resitali\/","title":{"rendered":"Levent Tellio\u011flu\u2019ndan T\u00fcrk Sanat M\u00fczi\u011fi resitali"},"content":{"rendered":"<p>Bal\u0131kesir T\u00fcrk M\u00fczi\u011fi Korosu sezonun 3. konserini verdi. Salih Tozan K\u00fclt\u00fcr Merkezi\u2019ndeki konseri izleyen protokol \u00fcyeleri ve t\u00fcm davetliler koroyu ayakta alk\u0131\u015flad\u0131.<\/p>\n<p>Bal\u0131kesir Musiki Derne\u011finin sundu\u011fu Bal\u0131kesir T\u00fcrk M\u00fczi\u011fi Korosu, 3. sezon konseri b\u00fcy\u00fck bir kat\u0131l\u0131mla ger\u00e7ekle\u015fti. Bal\u0131kesir Belediyesi Salih Tozan Toplant\u0131 ve G\u00f6steri Merkezindeki konserde Bal\u0131kesir T\u00fcrk M\u00fczi\u011fi Korosu sanatseverlere unutulmaz bir gece ya\u015fatt\u0131. Tam bir sanat m\u00fczi\u011fi ziyafetinin sunuldu\u011fu gecede koroyu y\u00f6neten \u00fcnl\u00fc \u015fef ve bestekar S\u0131tk\u0131 Sahil davetlilerin ilgisine te\u015fekk\u00fcr etti.<\/p>\n<p>Konserde B\u00fcy\u00fck\u015fehir Belediye Ba\u015fkan\u0131 Zekai Kafao\u011flu, AK Parti\u2019nin Karesi Belediye Ba\u015fkan aday\u0131 Din\u00e7er Orkan, Bal\u0131kesir \u00dcniversitesi Rekt\u00f6r\u00fc Prof. Dr. \u0130lter Ku\u015f yer ald\u0131. CHP Karesi \u0130l\u00e7e Ba\u015fkan\u0131 Dilek Yal\u00e7\u0131n ve Alt\u0131eyl\u00fcl Belediye Ba\u015fkan aday\u0131 Esin Bal\u0131bek de konsere kat\u0131lan isimlerdi.<\/p>\n<p>Millet \u0130ttifak\u0131 Cumhuriyet Halk Partisi Karesi Belediye Ba\u015fkan aday\u0131 Levent Tellio\u011flu, Bal\u0131kesir T\u00fcrk M\u00fczi\u011fi Korosu\u2019nun konserinin 2. b\u00f6l\u00fcm\u00fcnde s\u00f6zleri \u015eemsi Belli\u2019ye, m\u00fczi\u011fi Muzaffer \u0130lkar\u2019a ait \u201cG\u00f6n\u00fcl penceresinden\u201d \u015fark\u0131s\u0131n\u0131 s\u00f6yledi. Tellio\u011flu\u2019nun performans\u0131n\u0131 t\u00fcm salon ayakta alk\u0131\u015flad\u0131.<\/p>\n<p>&#8220;\u015eehrimize k\u00fclt\u00fcr anlam\u0131nda ve sanatsal anlamda katk\u0131 sa\u011flamaya \u00e7al\u0131\u015f\u0131yoruz\u201d<\/p>\n<p>Konser \u00f6ncesi bir konu\u015fma yapan Bal\u0131kesir Musiki Derne\u011fi Ba\u015fkan\u0131 i\u015f adam\u0131 ve Millet \u0130ttifak\u0131 CHP Karesi Belediye Ba\u015fkan aday\u0131 Levent Tellio\u011flu, &#8220;Bal\u0131kesir Musiki Derne\u011fi olarak \u015fehrimize k\u00fclt\u00fcr anlam\u0131nda ve sanatsal anlamda katk\u0131 sa\u011flamaya \u00e7al\u0131\u015f\u0131yoruz\u201d dedi.<\/p>\n<p>Tellio\u011flu, Bizleri hi\u00e7bir konserimizde yaln\u0131z b\u0131rakmayan de\u011ferli sanatseverler sezonun 3. konserine hepiniz ho\u015f geldiniz. Bal\u0131kesir Musiki Derne\u011fi olarak \u015fehrimize k\u00fclt\u00fcr anlam\u0131nda ve sanatsal anlamda ne katk\u0131da bulunabiliriz. Onun projelerini yap\u0131yoruz. Elimizden geldi\u011fince \u015fehrimize katk\u0131 sa\u011flayamaya \u00e7al\u0131\u015f\u0131yoruz. E\u011fer bu konserin sonunda sizleri evinize tebess\u00fcmle g\u00f6nderebilirsek ne mutlu bizlere diyoruz\u201d \u015feklinde konu\u015ftu.<div class=\"tiled-gallery type-rectangular tiled-gallery-unresized\" data-original-width=\"500\" data-carousel-extra='null' itemscope itemtype=\"http:\/\/schema.org\/ImageGallery\" > <div class=\"gallery-row\" style=\"width: 500px; height: 237px;\" data-original-width=\"500\" data-original-height=\"237\" > <div class=\"gallery-group images-1\" style=\"width: 324px; height: 237px;\" data-original-width=\"324\" data-original-height=\"237\" > <div class=\"tiled-gallery-item tiled-gallery-item-large\" itemprop=\"associatedMedia\" itemscope itemtype=\"http:\/\/schema.org\/ImageObject\"> <a href=\"http:\/\/www.tvturk.com\/index.php\/levent-tellioglundan-turk-sanat-muzigi-resitali\/levent-tellioglundan-turk-sanat-muzigi-resitali-3\/\" border=\"0\" itemprop=\"url\"> <meta itemprop=\"width\" content=\"320\"> <meta itemprop=\"height\" content=\"233\"> <img decoding=\"async\" class=\"\" data-attachment-id=\"16180\" data-orig-file=\"http:\/\/www.tvturk.com\/wp-content\/uploads\/2019\/02\/levent-tellioglundan-turk-sanat-muzigi-resitali_a74b50b.jpg\" data-orig-size=\"1000,727\" data-comments-opened=\"\" data-image-meta=\"{&quot;aperture&quot;:&quot;0&quot;,&quot;credit&quot;:&quot;IHA&quot;,&quot;camera&quot;:&quot;&quot;,&quot;caption&quot;:&quot;BALIKES\\u0130R T\\u00dcRK M\\u00dcZ\\u0130\\u011e\\u0130 KOROSU SEZONUN 3. KONSER\\u0130N\\u0130 VERD\\u0130. SAL\\u0130H TOZAN K\\u00dcLT\\u00dcR MERKEZ\\u0130NDEK\\u0130 KONSER\\u0130 \\u0130ZLEYEN PROTOKOL \\u00dcYELER\\u0130 VE T\\u00dcM DAVETL\\u0130LER KOROYU AYAKTA ALKI\\u015eLADI. (UMUT \\u00c7INAR\\\/BALIKES\\u0130R-\\u0130HA)&quot;,&quot;created_timestamp&quot;:&quot;0&quot;,&quot;copyright&quot;:&quot;\\u0130HLAS HABER AJANSI, www.iha.com.tr&quot;,&quot;focal_length&quot;:&quot;0&quot;,&quot;iso&quot;:&quot;0&quot;,&quot;shutter_speed&quot;:&quot;0&quot;,&quot;title&quot;:&quot;LEVENT TELL\\u0130O\\u011eLU\\u2019NDAN T\\u00dcRK SANAT M\\u00dcZ\\u0130\\u011e\\u0130 RES\\u0130TAL\\u0130 BALIKES\\u0130R T\\u00dcRK M\\u00dcZ\\u0130\\u011e\\u0130 KOROSU\\u0027NDAN MUHTE\\u015eEM KONSER&quot;,&quot;orientation&quot;:&quot;0&quot;}\" data-image-title=\"Levent Tellio\u011flu\u2019ndan T\u00fcrk Sanat M\u00fczi\u011fi resitali\" data-image-description=\"&lt;p&gt;Levent Tellio\u011flu\u2019ndan T\u00fcrk Sanat M\u00fczi\u011fi resitali&lt;\/p&gt; \" data-medium-file=\"https:\/\/i0.wp.com\/www.tvturk.com\/wp-content\/uploads\/2019\/02\/levent-tellioglundan-turk-sanat-muzigi-resitali_a74b50b.jpg?fit=300%2C218\" data-large-file=\"https:\/\/i0.wp.com\/www.tvturk.com\/wp-content\/uploads\/2019\/02\/levent-tellioglundan-turk-sanat-muzigi-resitali_a74b50b.jpg?fit=1000%2C727\" src=\"https:\/\/i0.wp.com\/www.tvturk.com\/wp-content\/uploads\/2019\/02\/levent-tellioglundan-turk-sanat-muzigi-resitali_a74b50b.jpg?w=320&#038;h=233\" srcset=\"https:\/\/i0.wp.com\/www.tvturk.com\/wp-content\/uploads\/2019\/02\/levent-tellioglundan-turk-sanat-muzigi-resitali_a74b50b.jpg?w=1000 1000w, https:\/\/i0.wp.com\/www.tvturk.com\/wp-content\/uploads\/2019\/02\/levent-tellioglundan-turk-sanat-muzigi-resitali_a74b50b.jpg?resize=150%2C109 150w, https:\/\/i0.wp.com\/www.tvturk.com\/wp-content\/uploads\/2019\/02\/levent-tellioglundan-turk-sanat-muzigi-resitali_a74b50b.jpg?resize=300%2C218 300w, https:\/\/i0.wp.com\/www.tvturk.com\/wp-content\/uploads\/2019\/02\/levent-tellioglundan-turk-sanat-muzigi-resitali_a74b50b.jpg?resize=768%2C558 768w\" width=\"320\" height=\"233\" loading=\"lazy\" data-original-width=\"320\" data-original-height=\"233\" itemprop=\"http:\/\/schema.org\/image\" title=\"Levent Tellio\u011flu\u2019ndan T\u00fcrk Sanat M\u00fczi\u011fi resitali\" alt=\"Levent Tellio\u011flu\u2019ndan T\u00fcrk Sanat M\u00fczi\u011fi resitali\" style=\"width: 320px; height: 233px;\" \/> <\/a> <\/div> <\/div> <!-- close group --> <div class=\"gallery-group images-2\" style=\"width: 176px; height: 237px;\" data-original-width=\"176\" data-original-height=\"237\" > <div class=\"tiled-gallery-item tiled-gallery-item-small\" itemprop=\"associatedMedia\" itemscope itemtype=\"http:\/\/schema.org\/ImageObject\"> <a href=\"http:\/\/www.tvturk.com\/index.php\/levent-tellioglundan-turk-sanat-muzigi-resitali\/levent-tellioglundan-turk-sanat-muzigi-resitali-4\/\" border=\"0\" itemprop=\"url\"> <meta itemprop=\"width\" content=\"172\"> <meta itemprop=\"height\" content=\"115\"> <img decoding=\"async\" class=\"\" data-attachment-id=\"16181\" data-orig-file=\"http:\/\/www.tvturk.com\/wp-content\/uploads\/2019\/02\/levent-tellioglundan-turk-sanat-muzigi-resitali_2e235ee.jpg\" data-orig-size=\"1000,666\" data-comments-opened=\"\" data-image-meta=\"{&quot;aperture&quot;:&quot;0&quot;,&quot;credit&quot;:&quot;IHA&quot;,&quot;camera&quot;:&quot;&quot;,&quot;caption&quot;:&quot;BALIKES\\u0130R T\\u00dcRK M\\u00dcZ\\u0130\\u011e\\u0130 KOROSU SEZONUN 3. KONSER\\u0130N\\u0130 VERD\\u0130. SAL\\u0130H TOZAN K\\u00dcLT\\u00dcR MERKEZ\\u0130NDEK\\u0130 KONSER\\u0130 \\u0130ZLEYEN PROTOKOL \\u00dcYELER\\u0130 VE T\\u00dcM DAVETL\\u0130LER KOROYU AYAKTA ALKI\\u015eLADI. (UMUT \\u00c7INAR\\\/BALIKES\\u0130R-\\u0130HA)&quot;,&quot;created_timestamp&quot;:&quot;0&quot;,&quot;copyright&quot;:&quot;\\u0130HLAS HABER AJANSI, www.iha.com.tr&quot;,&quot;focal_length&quot;:&quot;0&quot;,&quot;iso&quot;:&quot;0&quot;,&quot;shutter_speed&quot;:&quot;0&quot;,&quot;title&quot;:&quot;LEVENT TELL\\u0130O\\u011eLU\\u2019NDAN T\\u00dcRK SANAT M\\u00dcZ\\u0130\\u011e\\u0130 RES\\u0130TAL\\u0130 BALIKES\\u0130R T\\u00dcRK M\\u00dcZ\\u0130\\u011e\\u0130 KOROSU\\u0027NDAN MUHTE\\u015eEM KONSER&quot;,&quot;orientation&quot;:&quot;0&quot;}\" data-image-title=\"Levent Tellio\u011flu\u2019ndan T\u00fcrk Sanat M\u00fczi\u011fi resitali\" data-image-description=\"&lt;p&gt;Levent Tellio\u011flu\u2019ndan T\u00fcrk Sanat M\u00fczi\u011fi resitali&lt;\/p&gt; \" data-medium-file=\"https:\/\/i0.wp.com\/www.tvturk.com\/wp-content\/uploads\/2019\/02\/levent-tellioglundan-turk-sanat-muzigi-resitali_2e235ee.jpg?fit=300%2C200\" data-large-file=\"https:\/\/i0.wp.com\/www.tvturk.com\/wp-content\/uploads\/2019\/02\/levent-tellioglundan-turk-sanat-muzigi-resitali_2e235ee.jpg?fit=1000%2C666\" src=\"https:\/\/i0.wp.com\/www.tvturk.com\/wp-content\/uploads\/2019\/02\/levent-tellioglundan-turk-sanat-muzigi-resitali_2e235ee.jpg?w=172&#038;h=115\" srcset=\"https:\/\/i0.wp.com\/www.tvturk.com\/wp-content\/uploads\/2019\/02\/levent-tellioglundan-turk-sanat-muzigi-resitali_2e235ee.jpg?w=1000 1000w, https:\/\/i0.wp.com\/www.tvturk.com\/wp-content\/uploads\/2019\/02\/levent-tellioglundan-turk-sanat-muzigi-resitali_2e235ee.jpg?resize=150%2C100 150w, https:\/\/i0.wp.com\/www.tvturk.com\/wp-content\/uploads\/2019\/02\/levent-tellioglundan-turk-sanat-muzigi-resitali_2e235ee.jpg?resize=300%2C200 300w, https:\/\/i0.wp.com\/www.tvturk.com\/wp-content\/uploads\/2019\/02\/levent-tellioglundan-turk-sanat-muzigi-resitali_2e235ee.jpg?resize=768%2C511 768w, https:\/\/i0.wp.com\/www.tvturk.com\/wp-content\/uploads\/2019\/02\/levent-tellioglundan-turk-sanat-muzigi-resitali_2e235ee.jpg?resize=170%2C113 170w, https:\/\/i0.wp.com\/www.tvturk.com\/wp-content\/uploads\/2019\/02\/levent-tellioglundan-turk-sanat-muzigi-resitali_2e235ee.jpg?resize=120%2C80 120w\" width=\"172\" height=\"115\" loading=\"lazy\" data-original-width=\"172\" data-original-height=\"115\" itemprop=\"http:\/\/schema.org\/image\" title=\"Levent Tellio\u011flu\u2019ndan T\u00fcrk Sanat M\u00fczi\u011fi resitali\" alt=\"Levent Tellio\u011flu\u2019ndan T\u00fcrk Sanat M\u00fczi\u011fi resitali\" style=\"width: 172px; height: 115px;\" \/> <\/a> <\/div> <div class=\"tiled-gallery-item tiled-gallery-item-small\" itemprop=\"associatedMedia\" itemscope itemtype=\"http:\/\/schema.org\/ImageObject\"> <a href=\"http:\/\/www.tvturk.com\/index.php\/levent-tellioglundan-turk-sanat-muzigi-resitali\/levent-tellioglundan-turk-sanat-muzigi-resitali-5\/\" border=\"0\" itemprop=\"url\"> <meta itemprop=\"width\" content=\"172\"> <meta itemprop=\"height\" content=\"114\"> <img decoding=\"async\" class=\"\" data-attachment-id=\"16182\" data-orig-file=\"http:\/\/www.tvturk.com\/wp-content\/uploads\/2019\/02\/levent-tellioglundan-turk-sanat-muzigi-resitali_9e90fa4.jpg\" data-orig-size=\"1000,666\" data-comments-opened=\"\" data-image-meta=\"{&quot;aperture&quot;:&quot;0&quot;,&quot;credit&quot;:&quot;IHA&quot;,&quot;camera&quot;:&quot;&quot;,&quot;caption&quot;:&quot;BALIKES\\u0130R T\\u00dcRK M\\u00dcZ\\u0130\\u011e\\u0130 KOROSU SEZONUN 3. KONSER\\u0130N\\u0130 VERD\\u0130. SAL\\u0130H TOZAN K\\u00dcLT\\u00dcR MERKEZ\\u0130NDEK\\u0130 KONSER\\u0130 \\u0130ZLEYEN PROTOKOL \\u00dcYELER\\u0130 VE T\\u00dcM DAVETL\\u0130LER KOROYU AYAKTA ALKI\\u015eLADI. (UMUT \\u00c7INAR\\\/BALIKES\\u0130R-\\u0130HA)&quot;,&quot;created_timestamp&quot;:&quot;0&quot;,&quot;copyright&quot;:&quot;\\u0130HLAS HABER AJANSI, www.iha.com.tr&quot;,&quot;focal_length&quot;:&quot;0&quot;,&quot;iso&quot;:&quot;0&quot;,&quot;shutter_speed&quot;:&quot;0&quot;,&quot;title&quot;:&quot;LEVENT TELL\\u0130O\\u011eLU\\u2019NDAN T\\u00dcRK SANAT M\\u00dcZ\\u0130\\u011e\\u0130 RES\\u0130TAL\\u0130 BALIKES\\u0130R T\\u00dcRK M\\u00dcZ\\u0130\\u011e\\u0130 KOROSU\\u0027NDAN MUHTE\\u015eEM KONSER&quot;,&quot;orientation&quot;:&quot;0&quot;}\" data-image-title=\"Levent Tellio\u011flu\u2019ndan T\u00fcrk Sanat M\u00fczi\u011fi resitali\" data-image-description=\"&lt;p&gt;Levent Tellio\u011flu\u2019ndan T\u00fcrk Sanat M\u00fczi\u011fi resitali&lt;\/p&gt; \" data-medium-file=\"https:\/\/i0.wp.com\/www.tvturk.com\/wp-content\/uploads\/2019\/02\/levent-tellioglundan-turk-sanat-muzigi-resitali_9e90fa4.jpg?fit=300%2C200\" data-large-file=\"https:\/\/i0.wp.com\/www.tvturk.com\/wp-content\/uploads\/2019\/02\/levent-tellioglundan-turk-sanat-muzigi-resitali_9e90fa4.jpg?fit=1000%2C666\" src=\"https:\/\/i0.wp.com\/www.tvturk.com\/wp-content\/uploads\/2019\/02\/levent-tellioglundan-turk-sanat-muzigi-resitali_9e90fa4.jpg?w=172&#038;h=114\" srcset=\"https:\/\/i0.wp.com\/www.tvturk.com\/wp-content\/uploads\/2019\/02\/levent-tellioglundan-turk-sanat-muzigi-resitali_9e90fa4.jpg?w=1000 1000w, https:\/\/i0.wp.com\/www.tvturk.com\/wp-content\/uploads\/2019\/02\/levent-tellioglundan-turk-sanat-muzigi-resitali_9e90fa4.jpg?resize=150%2C100 150w, https:\/\/i0.wp.com\/www.tvturk.com\/wp-content\/uploads\/2019\/02\/levent-tellioglundan-turk-sanat-muzigi-resitali_9e90fa4.jpg?resize=300%2C200 300w, https:\/\/i0.wp.com\/www.tvturk.com\/wp-content\/uploads\/2019\/02\/levent-tellioglundan-turk-sanat-muzigi-resitali_9e90fa4.jpg?resize=768%2C511 768w, https:\/\/i0.wp.com\/www.tvturk.com\/wp-content\/uploads\/2019\/02\/levent-tellioglundan-turk-sanat-muzigi-resitali_9e90fa4.jpg?resize=170%2C113 170w, https:\/\/i0.wp.com\/www.tvturk.com\/wp-content\/uploads\/2019\/02\/levent-tellioglundan-turk-sanat-muzigi-resitali_9e90fa4.jpg?resize=120%2C80 120w\" width=\"172\" height=\"114\" loading=\"lazy\" data-original-width=\"172\" data-original-height=\"114\" itemprop=\"http:\/\/schema.org\/image\" title=\"Levent Tellio\u011flu\u2019ndan T\u00fcrk Sanat M\u00fczi\u011fi resitali\" alt=\"Levent Tellio\u011flu\u2019ndan T\u00fcrk Sanat M\u00fczi\u011fi resitali\" style=\"width: 172px; height: 114px;\" \/> <\/a> <\/div> <\/div> <!-- close group --> <\/div> <!-- close row --> <div class=\"gallery-row\" style=\"width: 500px; height: 172px;\" data-original-width=\"500\" data-original-height=\"172\" > <div class=\"gallery-group images-1\" style=\"width: 243px; height: 172px;\" data-original-width=\"243\" data-original-height=\"172\" > <div class=\"tiled-gallery-item tiled-gallery-item-small\" itemprop=\"associatedMedia\" itemscope itemtype=\"http:\/\/schema.org\/ImageObject\"> <a href=\"http:\/\/www.tvturk.com\/index.php\/levent-tellioglundan-turk-sanat-muzigi-resitali\/levent-tellioglundan-turk-sanat-muzigi-resitali-6\/\" border=\"0\" itemprop=\"url\"> <meta itemprop=\"width\" content=\"239\"> <meta itemprop=\"height\" content=\"168\"> <img decoding=\"async\" class=\"\" data-attachment-id=\"16183\" data-orig-file=\"http:\/\/www.tvturk.com\/wp-content\/uploads\/2019\/02\/levent-tellioglundan-turk-sanat-muzigi-resitali_0e59856.jpg\" data-orig-size=\"1000,703\" data-comments-opened=\"\" data-image-meta=\"{&quot;aperture&quot;:&quot;0&quot;,&quot;credit&quot;:&quot;IHA&quot;,&quot;camera&quot;:&quot;&quot;,&quot;caption&quot;:&quot;BALIKES\\u0130R T\\u00dcRK M\\u00dcZ\\u0130\\u011e\\u0130 KOROSU SEZONUN 3. KONSER\\u0130N\\u0130 VERD\\u0130. SAL\\u0130H TOZAN K\\u00dcLT\\u00dcR MERKEZ\\u0130NDEK\\u0130 KONSER\\u0130 \\u0130ZLEYEN PROTOKOL \\u00dcYELER\\u0130 VE T\\u00dcM DAVETL\\u0130LER KOROYU AYAKTA ALKI\\u015eLADI. (UMUT \\u00c7INAR\\\/BALIKES\\u0130R-\\u0130HA)&quot;,&quot;created_timestamp&quot;:&quot;0&quot;,&quot;copyright&quot;:&quot;\\u0130HLAS HABER AJANSI, www.iha.com.tr&quot;,&quot;focal_length&quot;:&quot;0&quot;,&quot;iso&quot;:&quot;0&quot;,&quot;shutter_speed&quot;:&quot;0&quot;,&quot;title&quot;:&quot;LEVENT TELL\\u0130O\\u011eLU\\u2019NDAN T\\u00dcRK SANAT M\\u00dcZ\\u0130\\u011e\\u0130 RES\\u0130TAL\\u0130 BALIKES\\u0130R T\\u00dcRK M\\u00dcZ\\u0130\\u011e\\u0130 KOROSU\\u0027NDAN MUHTE\\u015eEM KONSER&quot;,&quot;orientation&quot;:&quot;0&quot;}\" data-image-title=\"Levent Tellio\u011flu\u2019ndan T\u00fcrk Sanat M\u00fczi\u011fi resitali\" data-image-description=\"&lt;p&gt;Levent Tellio\u011flu\u2019ndan T\u00fcrk Sanat M\u00fczi\u011fi resitali&lt;\/p&gt; \" data-medium-file=\"https:\/\/i0.wp.com\/www.tvturk.com\/wp-content\/uploads\/2019\/02\/levent-tellioglundan-turk-sanat-muzigi-resitali_0e59856.jpg?fit=300%2C211\" data-large-file=\"https:\/\/i0.wp.com\/www.tvturk.com\/wp-content\/uploads\/2019\/02\/levent-tellioglundan-turk-sanat-muzigi-resitali_0e59856.jpg?fit=1000%2C703\" src=\"https:\/\/i0.wp.com\/www.tvturk.com\/wp-content\/uploads\/2019\/02\/levent-tellioglundan-turk-sanat-muzigi-resitali_0e59856.jpg?w=239&#038;h=168\" srcset=\"https:\/\/i0.wp.com\/www.tvturk.com\/wp-content\/uploads\/2019\/02\/levent-tellioglundan-turk-sanat-muzigi-resitali_0e59856.jpg?w=1000 1000w, https:\/\/i0.wp.com\/www.tvturk.com\/wp-content\/uploads\/2019\/02\/levent-tellioglundan-turk-sanat-muzigi-resitali_0e59856.jpg?resize=150%2C105 150w, https:\/\/i0.wp.com\/www.tvturk.com\/wp-content\/uploads\/2019\/02\/levent-tellioglundan-turk-sanat-muzigi-resitali_0e59856.jpg?resize=300%2C211 300w, https:\/\/i0.wp.com\/www.tvturk.com\/wp-content\/uploads\/2019\/02\/levent-tellioglundan-turk-sanat-muzigi-resitali_0e59856.jpg?resize=768%2C540 768w, https:\/\/i0.wp.com\/www.tvturk.com\/wp-content\/uploads\/2019\/02\/levent-tellioglundan-turk-sanat-muzigi-resitali_0e59856.jpg?resize=80%2C55 80w\" width=\"239\" height=\"168\" loading=\"lazy\" data-original-width=\"239\" data-original-height=\"168\" itemprop=\"http:\/\/schema.org\/image\" title=\"Levent Tellio\u011flu\u2019ndan T\u00fcrk Sanat M\u00fczi\u011fi resitali\" alt=\"Levent Tellio\u011flu\u2019ndan T\u00fcrk Sanat M\u00fczi\u011fi resitali\" style=\"width: 239px; height: 168px;\" \/> <\/a> <\/div> <\/div> <!-- close group --> <div class=\"gallery-group images-1\" style=\"width: 257px; height: 172px;\" data-original-width=\"257\" data-original-height=\"172\" > <div class=\"tiled-gallery-item tiled-gallery-item-large\" itemprop=\"associatedMedia\" itemscope itemtype=\"http:\/\/schema.org\/ImageObject\"> <a href=\"http:\/\/www.tvturk.com\/index.php\/levent-tellioglundan-turk-sanat-muzigi-resitali\/levent-tellioglundan-turk-sanat-muzigi-resitali-7\/\" border=\"0\" itemprop=\"url\"> <meta itemprop=\"width\" content=\"253\"> <meta itemprop=\"height\" content=\"168\"> <img decoding=\"async\" class=\"\" data-attachment-id=\"16184\" data-orig-file=\"http:\/\/www.tvturk.com\/wp-content\/uploads\/2019\/02\/levent-tellioglundan-turk-sanat-muzigi-resitali_f479710.jpg\" data-orig-size=\"1000,666\" data-comments-opened=\"\" data-image-meta=\"{&quot;aperture&quot;:&quot;0&quot;,&quot;credit&quot;:&quot;IHA&quot;,&quot;camera&quot;:&quot;&quot;,&quot;caption&quot;:&quot;BALIKES\\u0130R T\\u00dcRK M\\u00dcZ\\u0130\\u011e\\u0130 KOROSU SEZONUN 3. KONSER\\u0130N\\u0130 VERD\\u0130. SAL\\u0130H TOZAN K\\u00dcLT\\u00dcR MERKEZ\\u0130NDEK\\u0130 KONSER\\u0130 \\u0130ZLEYEN PROTOKOL \\u00dcYELER\\u0130 VE T\\u00dcM DAVETL\\u0130LER KOROYU AYAKTA ALKI\\u015eLADI. (UMUT \\u00c7INAR\\\/BALIKES\\u0130R-\\u0130HA)&quot;,&quot;created_timestamp&quot;:&quot;0&quot;,&quot;copyright&quot;:&quot;\\u0130HLAS HABER AJANSI, www.iha.com.tr&quot;,&quot;focal_length&quot;:&quot;0&quot;,&quot;iso&quot;:&quot;0&quot;,&quot;shutter_speed&quot;:&quot;0&quot;,&quot;title&quot;:&quot;LEVENT TELL\\u0130O\\u011eLU\\u2019NDAN T\\u00dcRK SANAT M\\u00dcZ\\u0130\\u011e\\u0130 RES\\u0130TAL\\u0130 BALIKES\\u0130R T\\u00dcRK M\\u00dcZ\\u0130\\u011e\\u0130 KOROSU\\u0027NDAN MUHTE\\u015eEM KONSER&quot;,&quot;orientation&quot;:&quot;0&quot;}\" data-image-title=\"Levent Tellio\u011flu\u2019ndan T\u00fcrk Sanat M\u00fczi\u011fi resitali\" data-image-description=\"&lt;p&gt;Levent Tellio\u011flu\u2019ndan T\u00fcrk Sanat M\u00fczi\u011fi resitali&lt;\/p&gt; \" data-medium-file=\"https:\/\/i0.wp.com\/www.tvturk.com\/wp-content\/uploads\/2019\/02\/levent-tellioglundan-turk-sanat-muzigi-resitali_f479710.jpg?fit=300%2C200\" data-large-file=\"https:\/\/i0.wp.com\/www.tvturk.com\/wp-content\/uploads\/2019\/02\/levent-tellioglundan-turk-sanat-muzigi-resitali_f479710.jpg?fit=1000%2C666\" src=\"https:\/\/i0.wp.com\/www.tvturk.com\/wp-content\/uploads\/2019\/02\/levent-tellioglundan-turk-sanat-muzigi-resitali_f479710.jpg?w=253&#038;h=168\" srcset=\"https:\/\/i0.wp.com\/www.tvturk.com\/wp-content\/uploads\/2019\/02\/levent-tellioglundan-turk-sanat-muzigi-resitali_f479710.jpg?w=1000 1000w, https:\/\/i0.wp.com\/www.tvturk.com\/wp-content\/uploads\/2019\/02\/levent-tellioglundan-turk-sanat-muzigi-resitali_f479710.jpg?resize=150%2C100 150w, https:\/\/i0.wp.com\/www.tvturk.com\/wp-content\/uploads\/2019\/02\/levent-tellioglundan-turk-sanat-muzigi-resitali_f479710.jpg?resize=300%2C200 300w, https:\/\/i0.wp.com\/www.tvturk.com\/wp-content\/uploads\/2019\/02\/levent-tellioglundan-turk-sanat-muzigi-resitali_f479710.jpg?resize=768%2C511 768w, https:\/\/i0.wp.com\/www.tvturk.com\/wp-content\/uploads\/2019\/02\/levent-tellioglundan-turk-sanat-muzigi-resitali_f479710.jpg?resize=170%2C113 170w, https:\/\/i0.wp.com\/www.tvturk.com\/wp-content\/uploads\/2019\/02\/levent-tellioglundan-turk-sanat-muzigi-resitali_f479710.jpg?resize=120%2C80 120w\" width=\"253\" height=\"168\" loading=\"lazy\" data-original-width=\"253\" data-original-height=\"168\" itemprop=\"http:\/\/schema.org\/image\" title=\"Levent Tellio\u011flu\u2019ndan T\u00fcrk Sanat M\u00fczi\u011fi resitali\" alt=\"Levent Tellio\u011flu\u2019ndan T\u00fcrk Sanat M\u00fczi\u011fi resitali\" style=\"width: 253px; height: 168px;\" \/> <\/a> <\/div> <\/div> <!-- close group --> <\/div> <!-- close row --> <\/div><\/p>\n","protected":false},"excerpt":{"rendered":"<p>BALIKES\u0130R T\u00dcRK M\u00dcZ\u0130\u011e\u0130 KOROSU SEZONUN 3. KONSER\u0130N\u0130 VERD\u0130. SAL\u0130H TOZAN K\u00dcLT\u00dcR MERKEZ\u0130NDEK\u0130 KONSER\u0130 \u0130ZLEYEN PROTOKOL \u00dcYELER\u0130 VE T\u00dcM DAVETL\u0130LER KOROYU AYAKTA ALKI\u015eLADI.<\/p>\n","protected":false},"author":1,"featured_media":16179,"comment_status":"closed","ping_status":"open","sticky":false,"template":"","format":"standard","meta":{"jetpack_post_was_ever_published":false,"_jetpack_newsletter_access":"","_jetpack_dont_email_post_to_subs":false,"_jetpack_newsletter_tier_id":0,"_jetpack_memberships_contains_paywalled_content":false,"_jetpack_memberships_contains_paid_content":false,"footnotes":"","jetpack_publicize_message":"","jetpack_publicize_feature_enabled":true,"jetpack_social_post_already_shared":false,"jetpack_social_options":{"image_generator_settings":{"template":"highway","default_image_id":0,"font":"","enabled":false},"version":2}},"categories":[656],"tags":[1102,7340,7728,4854,7727,957],"class_list":["post-16178","post","type-post","status-publish","format-standard","has-post-thumbnail","hentry","category-kultur-sanat","tag-levent","tag-muzigi","tag-resitali","tag-sanat","tag-tellioglundan","tag-turk"],"jetpack_publicize_connections":[],"jetpack_featured_media_url":"https:\/\/i0.wp.com\/www.tvturk.com\/wp-content\/uploads\/2019\/02\/levent-tellioglundan-turk-sanat-muzigi-resitali_f983524.jpg?fit=1000%2C666","jetpack_sharing_enabled":true,"jetpack_shortlink":"https:\/\/wp.me\/paKIfm-4cW","_links":{"self":[{"href":"http:\/\/www.tvturk.com\/index.php\/wp-json\/wp\/v2\/posts\/16178","targetHints":{"allow":["GET"]}}],"collection":[{"href":"http:\/\/www.tvturk.com\/index.php\/wp-json\/wp\/v2\/posts"}],"about":[{"href":"http:\/\/www.tvturk.com\/index.php\/wp-json\/wp\/v2\/types\/post"}],"author":[{"embeddable":true,"href":"http:\/\/www.tvturk.com\/index.php\/wp-json\/wp\/v2\/users\/1"}],"replies":[{"embeddable":true,"href":"http:\/\/www.tvturk.com\/index.php\/wp-json\/wp\/v2\/comments?post=16178"}],"version-history":[{"count":1,"href":"http:\/\/www.tvturk.com\/index.php\/wp-json\/wp\/v2\/posts\/16178\/revisions"}],"predecessor-version":[{"id":16185,"href":"http:\/\/www.tvturk.com\/index.php\/wp-json\/wp\/v2\/posts\/16178\/revisions\/16185"}],"wp:featuredmedia":[{"embeddable":true,"href":"http:\/\/www.tvturk.com\/index.php\/wp-json\/wp\/v2\/media\/16179"}],"wp:attachment":[{"href":"http:\/\/www.tvturk.com\/index.php\/wp-json\/wp\/v2\/media?parent=16178"}],"wp:term":[{"taxonomy":"category","embeddable":true,"href":"http:\/\/www.tvturk.com\/index.php\/wp-json\/wp\/v2\/categories?post=16178"},{"taxonomy":"post_tag","embeddable":true,"href":"http:\/\/www.tvturk.com\/index.php\/wp-json\/wp\/v2\/tags?post=16178"}],"curies":[{"name":"wp","href":"https:\/\/api.w.org\/{rel}","templated":true}]}}