{"id":161888,"date":"2019-05-25T12:47:16","date_gmt":"2019-05-25T09:47:16","guid":{"rendered":"http:\/\/www.tvturk.com\/index.php\/her-atik-cop-degildir-temali-sergi-acildi\/"},"modified":"2019-05-25T12:47:16","modified_gmt":"2019-05-25T09:47:16","slug":"her-atik-cop-degildir-temali-sergi-acildi","status":"publish","type":"post","link":"http:\/\/www.tvturk.com\/index.php\/her-atik-cop-degildir-temali-sergi-acildi\/","title":{"rendered":"\u2018Her at\u0131k \u00e7\u00f6p de\u011fildir\u2019 temal\u0131 sergi a\u00e7\u0131ld\u0131"},"content":{"rendered":"<p>Afyonkarahisar\u2019da e\u011fitim veren \u00f6zel bir okulun \u00f6\u011frencileri, at\u0131k maddelerini geri d\u00f6n\u00fc\u015f\u00fcmle g\u00fcnl\u00fck ya\u015famda kullan\u0131labilecek materyallere d\u00f6n\u00fc\u015ft\u00fcrd\u00fc.<\/p>\n<p>Vali Mustafa Tutulmaz\u2019\u0131n a\u00e7\u0131l\u0131\u015f\u0131n\u0131 ger\u00e7ekle\u015ftirdi\u011fi sergide, \u2018Her At\u0131k \u00c7\u00f6p De\u011fildir\u2019 d\u00fc\u015f\u00fcncesiyle \u00f6\u011frenci ve veli i\u015fbirli\u011fi i\u00e7erisinde okulun 6 ayr\u0131 k\u00f6\u015fesinde Geri D\u00f6n\u00fc\u015f\u00fcm \u0130stasyonlar\u0131 olu\u015fturuldu. Bu istasyonlarda olu\u015fturulan at\u0131k malzemeler geri d\u00f6n\u00fc\u015f\u00fcm ile g\u00fcnl\u00fck ya\u015famda kullan\u0131labilecek materyallere d\u00f6n\u00fc\u015ft\u00fcr\u00fcld\u00fc. \u00d6\u011frencilere at\u0131klar\u0131 geri d\u00f6n\u00fc\u015ft\u00fcrme ve bu konuda bilin\u00e7li bireyler olmalar\u0131n\u0131 sa\u011flamay\u0131 ama\u00e7layan \u00e7al\u0131\u015fma kapsam\u0131ndaki materyaller olu\u015fturulan sergi ile be\u011feniye sunuldu.<\/p>\n<p>S\u0131f\u0131r at\u0131k konusunda en \u00f6nde gelen illerdeniz<\/p>\n<p>Sergi a\u00e7\u0131l\u0131\u015f\u0131ndaki konu\u015fmas\u0131nda geri d\u00f6n\u00fc\u015f\u00fcm\u00fcn \u00f6nemine de\u011finen Vali Mustafa Tutulmaz; \u201cBug\u00fcn S\u0131f\u0131r At\u0131k Projesinin g\u00fczel bir \u00f6rne\u011fini Bah\u00e7e\u015fehir Okullar\u0131nda g\u00f6rd\u00fck. Okul M\u00fcd\u00fcrl\u00fc\u011f\u00fcnce \u2018Her at\u0131k \u00e7\u00f6p de\u011fildir\u2019 slogan\u0131yla yola \u00e7\u0131k\u0131larak b\u00fct\u00fcn \u00f6\u011frencilerimizin at\u0131k konusundaki dikkatlerini \u00e7ekmek ve S\u0131f\u0131r At\u0131k Projesine destek vermelerini sa\u011flamak y\u00f6n\u00fcnde \u00f6nemli bir gayret g\u00f6sterilmi\u015f. Ben okul y\u00f6netimini, \u00f6\u011frencileri, eme\u011fi ge\u00e7en \u00f6\u011fretmen ve velileri tebrik ediyorum. S\u0131f\u0131r At\u0131k Projesi bildi\u011finiz \u00fczere Say\u0131n Cumhurba\u015fkan\u0131m\u0131z\u0131n e\u015fi Emine Erdo\u011fan han\u0131mefendinin himayelerinde y\u00fcr\u00fcyen ve \u00fclkemiz genelinde uygulanmaya ba\u015flanan bir projedir. \u0130limiz i\u00e7in 2021 y\u0131l\u0131 \u00f6ng\u00f6r\u00fclm\u00fc\u015f olmas\u0131na ra\u011fmen biz bunu biran evvel ba\u015flatal\u0131m dedik ve \u015fuanda ilimiz \u00fclkemizdeki en \u00f6nde olan illerden birisi. Bug\u00fcn de bu sergide projenin g\u00fczel bir yans\u0131mas\u0131n\u0131 g\u00f6rd\u00fck. Bu konuda vatanda\u015flar\u0131m\u0131z\u0131n daha duyarl\u0131 olmas\u0131n\u0131 sizlerin vas\u0131tas\u0131 ile talep ediyorum. \u00c7\u00fcnk\u00fc \u015fuanda at\u0131k olarak b\u0131rakt\u0131\u011f\u0131m\u0131z malzemelerin \u00f6nemli bir k\u0131sm\u0131n\u0131 \u00fcretmek i\u00e7in b\u00fcy\u00fck miktarlarda para harcan\u0131yor, bir k\u0131sm\u0131n\u0131 da ithal ederken onlara ilave paralar \u00f6d\u00fcyoruz. \u00d6nemli bir k\u0131sm\u0131nda emek var ve en \u00f6nemlisi de bu bizim milli de\u011ferlerimiz ve de\u011ferlerimizi korumam\u0131z gerekiyor. Ben tekrar eme\u011fi ge\u00e7en ve duyarl\u0131 olan herkese huzurlar\u0131n\u0131zda te\u015fekk\u00fcr ediyorum\u201d dedi.<\/p>\n","protected":false},"excerpt":{"rendered":"<p>AFYONKARAH\u0130SAR\u2019DA E\u011e\u0130T\u0130M VEREN \u00d6ZEL B\u0130R OKULUN \u00d6\u011eRENC\u0130LER\u0130, ATIK MADDELER\u0130N\u0130 GER\u0130 D\u00d6N\u00dc\u015e\u00dcMLE G\u00dcNL\u00dcK YA\u015eAMDA KULLANILAB\u0130LECEK MATERYALLERE D\u00d6N\u00dc\u015eT\u00dcRD\u00dc.<\/p>\n","protected":false},"author":1,"featured_media":161889,"comment_status":"closed","ping_status":"open","sticky":false,"template":"","format":"standard","meta":{"jetpack_post_was_ever_published":false,"_jetpack_newsletter_access":"","_jetpack_dont_email_post_to_subs":false,"_jetpack_newsletter_tier_id":0,"_jetpack_memberships_contains_paywalled_content":false,"_jetpack_memberships_contains_paid_content":false,"footnotes":"","jetpack_publicize_message":"","jetpack_publicize_feature_enabled":true,"jetpack_social_post_already_shared":true,"jetpack_social_options":{"image_generator_settings":{"template":"highway","default_image_id":0,"font":"","enabled":false},"version":2}},"categories":[1],"tags":[288,4512,5448,3932,73,798,12735],"class_list":["post-161888","post","type-post","status-publish","format-standard","has-post-thumbnail","hentry","category-genel","tag-acildi","tag-atik","tag-cop","tag-degildir","tag-her","tag-sergi","tag-temali"],"jetpack_publicize_connections":[],"jetpack_featured_media_url":"https:\/\/i0.wp.com\/www.tvturk.com\/wp-content\/uploads\/2019\/05\/her-atik-cop-degildir-temali-sergi-acildi_f65e0b2.jpg?fit=1000%2C634","jetpack_sharing_enabled":true,"jetpack_shortlink":"https:\/\/wp.me\/paKIfm-G76","_links":{"self":[{"href":"http:\/\/www.tvturk.com\/index.php\/wp-json\/wp\/v2\/posts\/161888","targetHints":{"allow":["GET"]}}],"collection":[{"href":"http:\/\/www.tvturk.com\/index.php\/wp-json\/wp\/v2\/posts"}],"about":[{"href":"http:\/\/www.tvturk.com\/index.php\/wp-json\/wp\/v2\/types\/post"}],"author":[{"embeddable":true,"href":"http:\/\/www.tvturk.com\/index.php\/wp-json\/wp\/v2\/users\/1"}],"replies":[{"embeddable":true,"href":"http:\/\/www.tvturk.com\/index.php\/wp-json\/wp\/v2\/comments?post=161888"}],"version-history":[{"count":0,"href":"http:\/\/www.tvturk.com\/index.php\/wp-json\/wp\/v2\/posts\/161888\/revisions"}],"wp:featuredmedia":[{"embeddable":true,"href":"http:\/\/www.tvturk.com\/index.php\/wp-json\/wp\/v2\/media\/161889"}],"wp:attachment":[{"href":"http:\/\/www.tvturk.com\/index.php\/wp-json\/wp\/v2\/media?parent=161888"}],"wp:term":[{"taxonomy":"category","embeddable":true,"href":"http:\/\/www.tvturk.com\/index.php\/wp-json\/wp\/v2\/categories?post=161888"},{"taxonomy":"post_tag","embeddable":true,"href":"http:\/\/www.tvturk.com\/index.php\/wp-json\/wp\/v2\/tags?post=161888"}],"curies":[{"name":"wp","href":"https:\/\/api.w.org\/{rel}","templated":true}]}}