{"id":161908,"date":"2019-05-25T13:13:15","date_gmt":"2019-05-25T10:13:15","guid":{"rendered":"http:\/\/www.tvturk.com\/index.php\/basin-yayin-dernegi-iftar-programi-duzenledi\/"},"modified":"2019-05-25T13:13:15","modified_gmt":"2019-05-25T10:13:15","slug":"basin-yayin-dernegi-iftar-programi-duzenledi","status":"publish","type":"post","link":"http:\/\/www.tvturk.com\/index.php\/basin-yayin-dernegi-iftar-programi-duzenledi\/","title":{"rendered":"Bas\u0131n Yay\u0131n Derne\u011fi iftar program\u0131 d\u00fczenledi"},"content":{"rendered":"<p>Afyonkarahisar Bas\u0131n Yay\u0131n Derne\u011fi iftar program\u0131 d\u00fczenledi.<\/p>\n<p>\u0130ftar program\u0131na Vali Mustafa Tutulmaz, MHP Milletvekili Mehmet Taytak, \u0130kmal ve Garnizon Komutan\u0131 Tu\u011fg. \u00d6zdemir \u015ean, Belediye Ba\u015fkan\u0131 Mehmet Zeybek, \u0130l Jandarma Komutan\u0131 J. Alb. Hamza \u00c7\u00f6mez, \u0130l Emniyet M\u00fcd\u00fcr\u00fc G\u00fcrsel Y\u0131ld\u0131z, ATSO Ba\u015fkan\u0131 H\u00fcsn\u00fc Serteser, bas\u0131n yay\u0131n kurulu\u015flar\u0131 yetkilileri ve bas\u0131n mensuplar\u0131 kat\u0131ld\u0131.<\/p>\n<p>Bas\u0131n Yay\u0131n Derne\u011fi Ba\u015fkan\u0131 Sezer K\u00fc\u00e7\u00fckkurt, bas\u0131n camias\u0131nda birlik ve beraberli\u011fin peki\u015fmesi ad\u0131na iftar program\u0131n\u0131 d\u00fczenlediklerini s\u00f6yleyerek kat\u0131lan herkese te\u015fekk\u00fcr etti.<\/p>\n<p>Afyonkarahisar\u2019\u0131n tan\u0131t\u0131m\u0131nda bas\u0131n\u0131n \u00f6nemli bir rol sahibi oldu\u011funu belirten Vali Tutulmaz; \u201cBug\u00fcne kadar de\u011fi\u015fik vesilelerle bas\u0131n mensuplar\u0131 ile bir araya geldik. Bug\u00fcn bas\u0131n mensuplar\u0131n\u0131n misafiriyiz. Sofran\u0131z\u0131 bizlerle payla\u015ft\u0131\u011f\u0131n\u0131z i\u00e7in sizlere \u00f6zellikle te\u015fekk\u00fcr ediyorum. Afyonkarahisar\u2019\u0131n bas\u0131n\u0131 \u00e7ok nitelikli, kaliteli ve sansasyonel haberlerden ziyade ger\u00e7ek haberler pe\u015finde. Herhangi bir olayda bas\u0131n mensuplar\u0131 bizlere ula\u015f\u0131yor ve bilgi teyidi yap\u0131yor. Bug\u00fcne kadar s\u0131n\u0131r koymadan kar\u015f\u0131l\u0131kl\u0131 anlay\u0131\u015fla \u00e7al\u0131\u015f\u0131yoruz. G\u00fczel bir i\u015fbirli\u011fi i\u00e7erisindeyiz. \u0130limizin tan\u0131t\u0131m\u0131nda \u00f6nemli rol oynuyorsunuz. \u0130limizi iyi y\u00f6nde tan\u0131t\u0131yorsunuz. Sizlere bu a\u00e7\u0131dan te\u015fekk\u00fcr ediyorum. \u0130limiz potansiyeli y\u00fcksek bir il. Hep birlikte bu potansiyele sahip \u00e7\u0131kmal\u0131y\u0131z. \u0130limizin geli\u015fmesine art\u0131 de\u011fer katmam\u0131z gerekiyor. Bug\u00fcne kadar bu katk\u0131y\u0131 sa\u011flad\u0131n\u0131z. Birlik, beraberlik ve i\u015fbirli\u011fi i\u00e7erisinde bu potansiyeli daha da geli\u015ftirilebiliriz. Ben bug\u00fcne dek yap\u0131lan i\u015fbirli\u011finden son derece memnunum. Gazete sahipleri ve bas\u0131n mensuplar\u0131 ile iyi bir diyalo\u011fumuz var. Bu diyalo\u011fun ayn\u0131 \u015fekilde devam etmesini diliyorum\u201d dedi.<\/p>\n","protected":false},"excerpt":{"rendered":"<p>AFYONKARAH\u0130SAR BASIN YAYIN DERNE\u011e\u0130 \u0130FTAR PROGRAMI D\u00dcZENLED\u0130.<\/p>\n","protected":false},"author":1,"featured_media":161909,"comment_status":"closed","ping_status":"open","sticky":false,"template":"","format":"standard","meta":{"jetpack_post_was_ever_published":false,"_jetpack_newsletter_access":"","_jetpack_dont_email_post_to_subs":false,"_jetpack_newsletter_tier_id":0,"_jetpack_memberships_contains_paywalled_content":false,"_jetpack_memberships_contains_paid_content":false,"footnotes":"","jetpack_publicize_message":"","jetpack_publicize_feature_enabled":true,"jetpack_social_post_already_shared":true,"jetpack_social_options":{"image_generator_settings":{"template":"highway","default_image_id":0,"font":"","enabled":false},"version":2}},"categories":[1],"tags":[948,6333,12361,30333,1999,6149],"class_list":["post-161908","post","type-post","status-publish","format-standard","has-post-thumbnail","hentry","category-genel","tag-basin","tag-dernegi","tag-duzenledi","tag-iftar","tag-programi","tag-yayin"],"jetpack_publicize_connections":[],"jetpack_featured_media_url":"https:\/\/i0.wp.com\/www.tvturk.com\/wp-content\/uploads\/2019\/05\/basin-yayin-dernegi-iftar-programi-duzenledi_7062e9a.jpg?fit=1000%2C480","jetpack_sharing_enabled":true,"jetpack_shortlink":"https:\/\/wp.me\/paKIfm-G7q","_links":{"self":[{"href":"http:\/\/www.tvturk.com\/index.php\/wp-json\/wp\/v2\/posts\/161908","targetHints":{"allow":["GET"]}}],"collection":[{"href":"http:\/\/www.tvturk.com\/index.php\/wp-json\/wp\/v2\/posts"}],"about":[{"href":"http:\/\/www.tvturk.com\/index.php\/wp-json\/wp\/v2\/types\/post"}],"author":[{"embeddable":true,"href":"http:\/\/www.tvturk.com\/index.php\/wp-json\/wp\/v2\/users\/1"}],"replies":[{"embeddable":true,"href":"http:\/\/www.tvturk.com\/index.php\/wp-json\/wp\/v2\/comments?post=161908"}],"version-history":[{"count":0,"href":"http:\/\/www.tvturk.com\/index.php\/wp-json\/wp\/v2\/posts\/161908\/revisions"}],"wp:featuredmedia":[{"embeddable":true,"href":"http:\/\/www.tvturk.com\/index.php\/wp-json\/wp\/v2\/media\/161909"}],"wp:attachment":[{"href":"http:\/\/www.tvturk.com\/index.php\/wp-json\/wp\/v2\/media?parent=161908"}],"wp:term":[{"taxonomy":"category","embeddable":true,"href":"http:\/\/www.tvturk.com\/index.php\/wp-json\/wp\/v2\/categories?post=161908"},{"taxonomy":"post_tag","embeddable":true,"href":"http:\/\/www.tvturk.com\/index.php\/wp-json\/wp\/v2\/tags?post=161908"}],"curies":[{"name":"wp","href":"https:\/\/api.w.org\/{rel}","templated":true}]}}