{"id":161986,"date":"2019-05-25T15:47:15","date_gmt":"2019-05-25T12:47:15","guid":{"rendered":"http:\/\/www.tvturk.com\/index.php\/sivassporda-bjarsmyr-takima-veda-etti\/"},"modified":"2019-05-25T15:47:15","modified_gmt":"2019-05-25T12:47:15","slug":"sivassporda-bjarsmyr-takima-veda-etti","status":"publish","type":"post","link":"http:\/\/www.tvturk.com\/index.php\/sivassporda-bjarsmyr-takima-veda-etti\/","title":{"rendered":"Sivasspor\u2019da Bjarsmyr tak\u0131ma veda etti"},"content":{"rendered":"<p>Demir Grup Sivasspor\u2019da forma giyen Mattias Bjarsmyr, Galatasaray ma\u00e7\u0131n\u0131n ard\u0131ndan sosyal medya hesab\u0131ndan tak\u0131ma veda etti.<\/p>\n<p>DG Sivasspor\u2019un ba\u015far\u0131l\u0131 stoperi Bjarsmyr, sosyal medya hesab\u0131ndan yapt\u0131\u011f\u0131 a\u00e7\u0131klamayla Sivasspor camias\u0131na veda etti. Tecr\u00fcbeli oyuncu, \u201cBu sezon i\u00e7in te\u015fekk\u00fcrler Sivasspor Kul\u00fcb\u00fc ve t\u00fcm taraftarlar. Muhte\u015fem tak\u0131m arkada\u015flar\u0131m i\u00e7in iyi \u015fanslar. Her \u015fey i\u00e7in te\u015fekk\u00fcr ederim\u201d ifadelerini kulland\u0131.<\/p>\n<p>Ge\u00e7ti\u011fimiz sezon transfer edilen \u0130sve\u00e7li defans, 28 kez ilk 11\u2019de forma giydi. 2 bin 519 dakika k\u0131rm\u0131z\u0131-beyazl\u0131 formay\u0131 terleten Bjarsmyr, 1 defa da asist yapma ba\u015far\u0131s\u0131 g\u00f6sterdi.<\/p>\n","protected":false},"excerpt":{"rendered":"<p>MATT\u0130AS BJARSMYR SOSYAL MEDYADAN VEDA ETT\u0130<\/p>\n","protected":false},"author":1,"featured_media":161987,"comment_status":"closed","ping_status":"open","sticky":false,"template":"","format":"standard","meta":{"jetpack_post_was_ever_published":false,"_jetpack_newsletter_access":"","_jetpack_dont_email_post_to_subs":false,"_jetpack_newsletter_tier_id":0,"_jetpack_memberships_contains_paywalled_content":false,"_jetpack_memberships_contains_paid_content":false,"footnotes":"","jetpack_publicize_message":"","jetpack_publicize_feature_enabled":true,"jetpack_social_post_already_shared":true,"jetpack_social_options":{"image_generator_settings":{"template":"highway","default_image_id":0,"font":"","enabled":false},"version":2}},"categories":[657],"tags":[38145,207,16377,3379,4421],"class_list":["post-161986","post","type-post","status-publish","format-standard","has-post-thumbnail","hentry","category-spor","tag-bjarsmyr","tag-etti","tag-sivassporda","tag-takima","tag-veda"],"jetpack_publicize_connections":[],"jetpack_featured_media_url":"https:\/\/i0.wp.com\/www.tvturk.com\/wp-content\/uploads\/2019\/05\/sivassporda-bjarsmyr-takima-veda-etti_09bf894.jpg?fit=1000%2C753","jetpack_sharing_enabled":true,"jetpack_shortlink":"https:\/\/wp.me\/paKIfm-G8G","_links":{"self":[{"href":"http:\/\/www.tvturk.com\/index.php\/wp-json\/wp\/v2\/posts\/161986","targetHints":{"allow":["GET"]}}],"collection":[{"href":"http:\/\/www.tvturk.com\/index.php\/wp-json\/wp\/v2\/posts"}],"about":[{"href":"http:\/\/www.tvturk.com\/index.php\/wp-json\/wp\/v2\/types\/post"}],"author":[{"embeddable":true,"href":"http:\/\/www.tvturk.com\/index.php\/wp-json\/wp\/v2\/users\/1"}],"replies":[{"embeddable":true,"href":"http:\/\/www.tvturk.com\/index.php\/wp-json\/wp\/v2\/comments?post=161986"}],"version-history":[{"count":0,"href":"http:\/\/www.tvturk.com\/index.php\/wp-json\/wp\/v2\/posts\/161986\/revisions"}],"wp:featuredmedia":[{"embeddable":true,"href":"http:\/\/www.tvturk.com\/index.php\/wp-json\/wp\/v2\/media\/161987"}],"wp:attachment":[{"href":"http:\/\/www.tvturk.com\/index.php\/wp-json\/wp\/v2\/media?parent=161986"}],"wp:term":[{"taxonomy":"category","embeddable":true,"href":"http:\/\/www.tvturk.com\/index.php\/wp-json\/wp\/v2\/categories?post=161986"},{"taxonomy":"post_tag","embeddable":true,"href":"http:\/\/www.tvturk.com\/index.php\/wp-json\/wp\/v2\/tags?post=161986"}],"curies":[{"name":"wp","href":"https:\/\/api.w.org\/{rel}","templated":true}]}}