{"id":162118,"date":"2019-05-26T10:26:09","date_gmt":"2019-05-26T07:26:09","guid":{"rendered":"http:\/\/www.tvturk.com\/index.php\/bayramda-agizlari-pismaniye-tatlandiracak\/"},"modified":"2019-05-26T10:26:09","modified_gmt":"2019-05-26T07:26:09","slug":"bayramda-agizlari-pismaniye-tatlandiracak","status":"publish","type":"post","link":"http:\/\/www.tvturk.com\/index.php\/bayramda-agizlari-pismaniye-tatlandiracak\/","title":{"rendered":"Bayramda a\u011f\u0131zlar\u0131 pi\u015fmaniye tatland\u0131racak"},"content":{"rendered":"<p>Ramazan Bayram\u0131\u2019nda a\u011f\u0131zlar\u0131 tatland\u0131rmay\u0131 hedefleyen \u0130zmitli pi\u015fmaniye \u00fcreticileri, yo\u011fun talep \u00fczerine pi\u015fmaniye \u00fcretimini y\u00fczde 35 artt\u0131rd\u0131. Klasik tatlar\u0131n yan\u0131nda limon, isot, nane aromal\u0131 pi\u015fmaniyeler de bayramda a\u011f\u0131zlar\u0131 tatland\u0131racak.<\/p>\n<p>Pi\u015fmaniye ile ad\u0131 \u00f6zle\u015fen Kocaeli\u2019nin \u0130zmit il\u00e7esindeki imalathanelerde bayram tela\u015f\u0131 ya\u015fan\u0131yor. Vatanda\u015flar\u0131n yo\u011fun ilgi g\u00f6sterdi\u011fi pi\u015fmaniyenin t\u00fcketiminin Ramazan Bayram\u0131 ile b\u00fcy\u00fck oranda artmas\u0131 bekleniyor. Yo\u011fun talebi kar\u015f\u0131lamak ad\u0131na Kocaeli genelinde 15 imalathanede yap\u0131lan \u00fcretimin kapasitesi artt\u0131r\u0131larak, her g\u00fcn yakla\u015f\u0131k 10 ton pi\u015fmaniye piyasaya sunuluyor. \u0130sot, nane ve limon aromal\u0131 farkl\u0131 \u00e7e\u015fitlerdeki pi\u015fmaniyeler de vatanda\u015flardan gelen talep do\u011frultusunda \u00fcretilmeye ba\u015fland\u0131. Almanya\u2019dan Rusya\u2019ya, Orta Do\u011fu\u2019dan Amerika \u00fclkelerine kadar bir\u00e7ok \u00fclkeye de ithalat yap\u0131l\u0131yor.<\/p>\n<p>Her ge\u00e7en g\u00fcn pi\u015fmaniyeye olan talebin artt\u0131\u011f\u0131n\u0131 s\u00f6yleyen \u0130zmit Pi\u015fmaniyeciler Koruma ve Ya\u015fatma Derne\u011fi Ba\u015fkan\u0131 Mustafa \u015eahin, bayram \u00f6ncesinde \u00fcretimde yakla\u015f\u0131k 35 oran\u0131nda art\u0131\u015f oldu\u011funu s\u00f6yledi. Vatanda\u015flardan pi\u015fmaniyeye gelen talebin her y\u0131l artt\u0131\u011f\u0131n\u0131 ifade eden \u015eahin, gelecek y\u0131llarda pi\u015fmaniyenin bayramlarda ilk s\u0131rada tercih edilecek tatl\u0131lar aras\u0131nda yer alaca\u011f\u0131na inand\u0131klar\u0131n\u0131 belirtti.<\/p>\n<p>\u201c\u00dcretimimizin yakla\u015f\u0131k y\u00fczde 40\u2019\u0131 ihra\u00e7 edilmektedir\u201d<\/p>\n<p>\u00dcretilen pi\u015fmaniyelerin yakla\u015f\u0131k y\u00fczde 40\u2019\u0131n\u0131n ihra\u00e7 edildi\u011fini kaydeden \u015eahin, \u201cKocaeli\u2019de 15 \u00fcretici firma var, ayr\u0131 noktalar i\u00e7in \u00fcretim yap\u0131yorlar. Ald\u0131\u011f\u0131m\u0131z verilere g\u00f6re Kocaeli\u2019de g\u00fcnl\u00fck pi\u015fmaniye \u00fcretimi 10 ton civar\u0131nda. Bu \u00fcretimimizin yakla\u015f\u0131k y\u00fczde 40\u2019\u0131 ihra\u00e7 edilmektedir. Di\u011fer y\u00fczde 60\u2019l\u0131k k\u0131sm\u0131 ise \u00fclke i\u00e7inde t\u00fcketilmektedir. \u0130n\u015fallah bu rakamlar\u0131 daha y\u00fcksek seviyelere \u00e7\u0131kart\u0131p pi\u015fmaniye kentini, pi\u015fmaniye ile \u00f6zle\u015fmi\u015f bir kent haline getirmeye \u00e7al\u0131\u015f\u0131yoruz. Bunu da ba\u015faraca\u011f\u0131m\u0131za eminim. Kocaeli pi\u015fmaniyesi \u00e7ok farkl\u0131 bir tad\u0131 var. Bunun sebebi suyundan m\u0131, ustas\u0131ndan m\u0131 bilinmez. Farkl\u0131 illerde de pi\u015fmaniye yap\u0131l\u0131yor ama biz di\u011fer illere gitti\u011fimizde, \u0130zmit pi\u015fmaniyesinin tad\u0131n\u0131n farkl\u0131 oldu\u011funu herkes biliyor. Kocaeli pi\u015fmaniyesi hafif bir tatl\u0131 oldu\u011fundan, tatl\u0131 t\u00fcketmek isteyenlerin bir numaral\u0131 tercihi olmas\u0131 gerekti\u011fini d\u00fc\u015f\u00fcn\u00fcyorum. Tad\u0131 m\u00fckemmel, ilk s\u0131ralarda yer almay\u0131 umuyoruz. \u00c7\u00fcnk\u00fc art\u0131k pi\u015fmaniye bir m\u00fccevher gibi olmu\u015f\u201d dedi.<\/p>\n<p>\u201cAile ziyaretine gidenlerin y\u00fczde 90\u2019\u0131 pi\u015fmaniyeye y\u00f6neldi\u201d<\/p>\n<p>\u00dcretimin \u00fc\u00e7 kat artt\u0131\u011f\u0131n\u0131 ifade eden \u015eahin, gelecek y\u0131llarda talebin daha \u00e7ok artmas\u0131n\u0131 beklediklerini s\u00f6yleyerek, \u201cBayram \u00f6ncesinde \u00fcretim talepleri art\u0131yor. Biz de gelen taleplere g\u00f6re \u00fcretimimizi artt\u0131r\u0131yoruz. Her y\u0131l \u00f6nceki y\u0131la g\u00f6re talepler art\u0131yor. \u0130zmit\u2019ten di\u011fer illere ziyarete giden herkes pi\u015fmaniye g\u00f6t\u00fcr\u00fcyor. \u0130nsanlar bu tatl\u0131y\u0131 yiyebilmek i\u00e7in belki de bayram\u0131 bekliyor. \u0130zmit\u2019ten farkl\u0131 illere aile ziyaretine gidenlerin y\u00fczde 90\u2019\u0131 pi\u015fmaniyeye y\u00f6neldi. \u00dcretimimiz bayrama 10 g\u00fcn kala \u00fc\u00e7 kat artt\u0131. Mesailerimiz ve sipari\u015flerimiz artt\u0131. Bu da \u00f6n\u00fcm\u00fczdeki y\u0131llarda pi\u015fmaniyenin bayram hediyesi olarak al\u0131nacak tatl\u0131lar aras\u0131nda ilk s\u0131raya y\u00fckselece\u011fini g\u00f6steriyor. De\u011fi\u015fik tatlar deniyoruz. Klasik pi\u015fmaniyeden farkl\u0131 ne yapabiliriz diye denemeler yap\u0131yoruz. Nanelisi, limonlusunu yapanlar var. Biz de farkl\u0131 bir \u015fey deneyerek isotlusunu yapt\u0131k\u201d diye konu\u015ftu.<\/p>\n","protected":false},"excerpt":{"rendered":"<p>YAKLA\u015eAN RAMAZAN BAYRAMI \u00d6NCES\u0130NDE VATANDA\u015eLARDAN GELEN YO\u011eUN TALEP \u00dcZER\u0130NE P\u0130\u015eMAN\u0130YE \u00dcRET\u0130M\u0130 YAKLA\u015eIK Y\u00dcZDE 35 ORANINDA ARTI\u015e G\u00d6STER\u0130RKEN, L\u0130MON, \u0130SOT, NANE AROMALI P\u0130\u015eMAN\u0130YELER DE A\u011eIZLARI TATLANDIRACAK.<\/p>\n","protected":false},"author":1,"featured_media":162119,"comment_status":"closed","ping_status":"open","sticky":false,"template":"","format":"standard","meta":{"jetpack_post_was_ever_published":false,"_jetpack_newsletter_access":"","_jetpack_dont_email_post_to_subs":false,"_jetpack_newsletter_tier_id":0,"_jetpack_memberships_contains_paywalled_content":false,"_jetpack_memberships_contains_paid_content":false,"footnotes":"","jetpack_publicize_message":"","jetpack_publicize_feature_enabled":true,"jetpack_social_post_already_shared":true,"jetpack_social_options":{"image_generator_settings":{"template":"highway","default_image_id":0,"font":"","enabled":false},"version":2}},"categories":[1],"tags":[33880,38190,38191,38192],"class_list":["post-162118","post","type-post","status-publish","format-standard","has-post-thumbnail","hentry","category-genel","tag-bayramda","tag-agizlari","tag-pismaniye","tag-tatlandiracak"],"jetpack_publicize_connections":[],"jetpack_featured_media_url":"https:\/\/i0.wp.com\/www.tvturk.com\/wp-content\/uploads\/2019\/05\/bayramda-agizlari-pismaniye-tatlandiracak_ee6f2c3.jpg?fit=1000%2C666","jetpack_sharing_enabled":true,"jetpack_shortlink":"https:\/\/wp.me\/paKIfm-GaO","_links":{"self":[{"href":"http:\/\/www.tvturk.com\/index.php\/wp-json\/wp\/v2\/posts\/162118","targetHints":{"allow":["GET"]}}],"collection":[{"href":"http:\/\/www.tvturk.com\/index.php\/wp-json\/wp\/v2\/posts"}],"about":[{"href":"http:\/\/www.tvturk.com\/index.php\/wp-json\/wp\/v2\/types\/post"}],"author":[{"embeddable":true,"href":"http:\/\/www.tvturk.com\/index.php\/wp-json\/wp\/v2\/users\/1"}],"replies":[{"embeddable":true,"href":"http:\/\/www.tvturk.com\/index.php\/wp-json\/wp\/v2\/comments?post=162118"}],"version-history":[{"count":0,"href":"http:\/\/www.tvturk.com\/index.php\/wp-json\/wp\/v2\/posts\/162118\/revisions"}],"wp:featuredmedia":[{"embeddable":true,"href":"http:\/\/www.tvturk.com\/index.php\/wp-json\/wp\/v2\/media\/162119"}],"wp:attachment":[{"href":"http:\/\/www.tvturk.com\/index.php\/wp-json\/wp\/v2\/media?parent=162118"}],"wp:term":[{"taxonomy":"category","embeddable":true,"href":"http:\/\/www.tvturk.com\/index.php\/wp-json\/wp\/v2\/categories?post=162118"},{"taxonomy":"post_tag","embeddable":true,"href":"http:\/\/www.tvturk.com\/index.php\/wp-json\/wp\/v2\/tags?post=162118"}],"curies":[{"name":"wp","href":"https:\/\/api.w.org\/{rel}","templated":true}]}}