{"id":162154,"date":"2019-05-26T11:43:16","date_gmt":"2019-05-26T08:43:16","guid":{"rendered":"http:\/\/www.tvturk.com\/index.php\/sarac-mesleginin-son-ciragi\/"},"modified":"2019-05-26T11:43:16","modified_gmt":"2019-05-26T08:43:16","slug":"sarac-mesleginin-son-ciragi","status":"publish","type":"post","link":"http:\/\/www.tvturk.com\/index.php\/sarac-mesleginin-son-ciragi\/","title":{"rendered":"Sara\u00e7 mesle\u011finin son \u00e7\u0131ra\u011f\u0131"},"content":{"rendered":"<p>Tokat\u2019\u2019ta 13 ya\u015f\u0131nda \u00e7\u0131rak olarak i\u015fe ba\u015flayan Ahmet Duran Ayvaz, 32 y\u0131ld\u0131r sara\u00e7 ustas\u0131n\u0131n yan\u0131nda mesle\u011fini s\u00fcrd\u00fcr\u00fcyor.<\/p>\n<p>Tokat\u2019ta bir zamanlar\u0131n g\u00f6zde meslekleri aras\u0131nda yer alan ve g\u00fcn\u00fcm\u00fczde unutulmaya y\u00fcz tutan sara\u00e7 mesle\u011finin son temsilcileri bir elin parmak say\u0131s\u0131n\u0131 ge\u00e7miyor. \u00c7\u0131rak bulunamayan meslek yok olma tehlikesi ile kar\u015f\u0131 kar\u015f\u0131ya kal\u0131rken, mesle\u011finin son \u00e7\u0131ra\u011f\u0131 olarak g\u00f6sterilen Ahmet Duran Ayvaz hayat hikayesi ile dikkat \u00e7ekiyor. Dabakhane Mahallesi\u2019nde evlerinin kar\u015f\u0131s\u0131nda bulunan sara\u00e7 ustas\u0131 Ahmet De\u011firmenci\u2019nin (86) yan\u0131nda i\u015fe 13 ya\u015f\u0131nda \u00e7\u0131rak olarak giren Ahmet Duran Ayvaz (45), 32 y\u0131ld\u0131r ustas\u0131n\u0131n yan\u0131nda \u00e7al\u0131\u015f\u0131yor. Art\u0131k i\u015f yerine gelmekte zorlanan ustas\u0131n\u0131n i\u015fini \u00fcstlenen Ayvaz, deriye \u015fekil vererek ko\u015fum tak\u0131m\u0131, at s\u00fcslemesi, tasma, kemer, eyer \u00fcretiyor. Tokat\u2019\u0131n son sara\u00e7 \u00e7\u0131ra\u011f\u0131 olarak g\u00f6sterilen Ayvaz, yok olmaya y\u00fcz tutan mesle\u011fine devlet deste\u011fi bekliyor. Sara\u00e7 mesle\u011finin bitmek \u00fczere oldu\u011funu ifade eden Ayvaz, \u201cSara\u00e7 sonu gelen mesleklerden birisi. Benden sonra yeti\u015fen \u00e7\u0131rak yok. Bu i\u015fi yapacak olan da yok. Bizden sonra bu sanat ne olur bilemiyorum\u201d dedi.<\/p>\n<p>Hamut yap\u0131m\u0131n\u0131n olduk\u00e7a zahmetli oldu\u011funu, mevsime g\u00f6re 1-2 g\u00fcn s\u00fcrebildi\u011fini ifade eden Ayvaz, \u201cHayvan\u0131n zarar g\u00f6rmemesi i\u00e7in tahta simit \u015feklindeki b\u00f6l\u00fcm\u00fcn i\u00e7erisine kam\u0131\u015f koyarak \u00fczerini ke\u00e7e ile kapl\u0131yoruz. \u00dcst i\u00e7ine koyun derisi, d\u0131\u015f\u0131na s\u0131\u011f\u0131r derisi \u00e7ekiyoruz. Hamut simidi Bursa\u2019dan, a\u011fac\u0131, me\u015fini Tokat\u2019tan, kam\u0131\u015f Afyonkarahisar\u2019dan, ke\u00e7e Bal\u0131kesir\u2019den geliyor. Y\u0131l\u0131n 6-7 ay\u0131 yapt\u0131\u011f\u0131m\u0131z hamutlar\u0131 stok yap\u0131yoruz. Haziran, Temmuz aylar\u0131nda ise m\u00fc\u015fterilerin be\u011fenisine sunuyoruz.  Genelde Kars, Ardahan, I\u011fd\u0131r, A\u011fr\u0131 gibi illere g\u00f6nderiyoruz&#8221; diye konu\u015ftu.<\/p>\n<p>Ayvaz, unutulmaya y\u00fcz tutmu\u015f mesleklerin ya\u015fat\u0131lmas\u0131 i\u00e7in destek beklediklerinin alt\u0131n\u0131 \u00e7izerek, \u201cBu sanat\u0131 art\u0131k kim yapar, devam eder bilemiyoruz. Devlet sadece benim i\u00e7in de\u011fil, benim gibi eski ustalara, bu sanat\u0131 yapanlara, sonu kesilmekte olan sanatlara yard\u0131m ederse seviniriz. Sigorta konusu ba\u015fta olmak \u00fczere destek bekliyoruz\u201d ifadelerini kulland\u0131.<\/p>\n","protected":false},"excerpt":{"rendered":"<p>TOKAT\u2019TA 13 YA\u015eINDA \u00c7IRAK OLARAK \u0130\u015eE BA\u015eLAYAN AHMET DURAN AYVAZ, 32 YILDIR SARA\u00c7 USTASININ YANINDA MESLE\u011e\u0130N\u0130 S\u00dcRD\u00dcR\u00dcYOR.<\/p>\n","protected":false},"author":1,"featured_media":162155,"comment_status":"closed","ping_status":"open","sticky":false,"template":"","format":"standard","meta":{"jetpack_post_was_ever_published":false,"_jetpack_newsletter_access":"","_jetpack_dont_email_post_to_subs":false,"_jetpack_newsletter_tier_id":0,"_jetpack_memberships_contains_paywalled_content":false,"_jetpack_memberships_contains_paid_content":false,"footnotes":"","jetpack_publicize_message":"","jetpack_publicize_feature_enabled":true,"jetpack_social_post_already_shared":true,"jetpack_social_options":{"image_generator_settings":{"template":"highway","default_image_id":0,"font":"","enabled":false},"version":2}},"categories":[1],"tags":[13486,23962,33847,1240],"class_list":["post-162154","post","type-post","status-publish","format-standard","has-post-thumbnail","hentry","category-genel","tag-ciragi","tag-mesleginin","tag-sarac","tag-son"],"jetpack_publicize_connections":[],"jetpack_featured_media_url":"https:\/\/i0.wp.com\/www.tvturk.com\/wp-content\/uploads\/2019\/05\/sarac-mesleginin-son-ciragi_846348a.jpg?fit=1000%2C671","jetpack_sharing_enabled":true,"jetpack_shortlink":"https:\/\/wp.me\/paKIfm-Gbo","_links":{"self":[{"href":"http:\/\/www.tvturk.com\/index.php\/wp-json\/wp\/v2\/posts\/162154","targetHints":{"allow":["GET"]}}],"collection":[{"href":"http:\/\/www.tvturk.com\/index.php\/wp-json\/wp\/v2\/posts"}],"about":[{"href":"http:\/\/www.tvturk.com\/index.php\/wp-json\/wp\/v2\/types\/post"}],"author":[{"embeddable":true,"href":"http:\/\/www.tvturk.com\/index.php\/wp-json\/wp\/v2\/users\/1"}],"replies":[{"embeddable":true,"href":"http:\/\/www.tvturk.com\/index.php\/wp-json\/wp\/v2\/comments?post=162154"}],"version-history":[{"count":0,"href":"http:\/\/www.tvturk.com\/index.php\/wp-json\/wp\/v2\/posts\/162154\/revisions"}],"wp:featuredmedia":[{"embeddable":true,"href":"http:\/\/www.tvturk.com\/index.php\/wp-json\/wp\/v2\/media\/162155"}],"wp:attachment":[{"href":"http:\/\/www.tvturk.com\/index.php\/wp-json\/wp\/v2\/media?parent=162154"}],"wp:term":[{"taxonomy":"category","embeddable":true,"href":"http:\/\/www.tvturk.com\/index.php\/wp-json\/wp\/v2\/categories?post=162154"},{"taxonomy":"post_tag","embeddable":true,"href":"http:\/\/www.tvturk.com\/index.php\/wp-json\/wp\/v2\/tags?post=162154"}],"curies":[{"name":"wp","href":"https:\/\/api.w.org\/{rel}","templated":true}]}}