{"id":162174,"date":"2019-05-26T12:05:33","date_gmt":"2019-05-26T09:05:33","guid":{"rendered":"http:\/\/www.tvturk.com\/index.php\/sivassporun-efsanesi-colak-selo-hicbir-zaman-parayi-on-planda-tutmadim\/"},"modified":"2019-05-26T12:05:33","modified_gmt":"2019-05-26T09:05:33","slug":"sivassporun-efsanesi-colak-selo-hicbir-zaman-parayi-on-planda-tutmadim","status":"publish","type":"post","link":"http:\/\/www.tvturk.com\/index.php\/sivassporun-efsanesi-colak-selo-hicbir-zaman-parayi-on-planda-tutmadim\/","title":{"rendered":"Sivasspor\u2019un efsanesi \u00c7olak Selo: &#8220;Hi\u00e7bir zaman paray\u0131 \u00f6n planda tutmad\u0131m&#8221;"},"content":{"rendered":"<p>Sivasspor\u2019a resmi imzay\u0131 atan ilk futbolcu olan \u2018\u00c7olak Selo\u2019 lakapl\u0131 efsane futbolcu Selahattin Elbay\u2019\u0131n kalbi Sivasspor a\u015fk\u0131yla at\u0131yor.  K\u0131rm\u0131z\u0131-beyazl\u0131 tak\u0131mda 8 y\u0131l forma giyen \u00c7olak Selo, &#8220;Hi\u00e7bir zaman paray\u0131 \u00f6n planda tutmad\u0131m&#8221; dedi.<\/p>\n<p>\u0130hlas Haber Ajans\u0131\u2019na (\u0130HA) \u00f6zel a\u00e7\u0131klamalarda bulunan 74 Ya\u015f\u0131ndaki \u00c7olak Selo, ge\u00e7mi\u015fte Fatih Terim ve \u015eenol G\u00fcne\u015f\u2019e kar\u015f\u0131 m\u00fccadele etti\u011fini s\u00f6yledi. 1967 y\u0131l\u0131nda kurulan Sivasspor\u2019a ilk imzay\u0131 atan futbolcu Selahattin Elbay, k\u0131rm\u0131z\u0131-beyazl\u0131 tak\u0131mda 8 y\u0131l futbol oynad\u0131\u011f\u0131n\u0131 ve 5 y\u0131lda teknik direkt\u00f6rl\u00fck g\u00f6revi \u00fcstlendi\u011fini ifade etti.<\/p>\n<p>\u201cKo\u015fa ko\u015fa Sivasspor\u2019a geldim\u201d<\/p>\n<p>Futbola Zonguldakspor\u2019da ba\u015flad\u0131\u011f\u0131n\u0131 s\u00f6yleyen Elbay, \u201cSivas amat\u00f6r k\u00fcmede gol kral\u0131 olduktan sonra Zonguldakspor beni be\u011fenmi\u015f. Zonguldakspor\u2019da 1 sene amat\u00f6r futbol oynad\u0131m. Beni profesyonel yapmak istediler. O zaman\u0131n paras\u0131 ile 2 y\u0131ll\u0131\u011f\u0131na 25 bin lira teklif ettiler. Sonra 1967 y\u0131l\u0131nda Sivasspor\u2019un kuruldu\u011fu haberini ald\u0131m. Sivasspor\u2019a 2 y\u0131ll\u0131\u011f\u0131na 10 bin liraya memleketimin tak\u0131m\u0131na imza att\u0131m. Zonguldakspor\u2019dan ko\u015fa ko\u015fa adeta ka\u00e7arcas\u0131na memleketime hizmet etmeye geldim ve 17 Eyl\u00fcl 1967 y\u0131l\u0131nda kurulan Sivasspor\u2019a ilk imzay\u0131 atan futbolcuyum. Paray\u0131 hi\u00e7bir zaman \u00f6n planda tutmad\u0131m\u201d dedi.<\/p>\n<p>\u201c\u0130zmirspor ma\u00e7\u0131n\u0131 unutam\u0131yorum\u201d<\/p>\n<p>Efsane futbolcu \u00c7olak Selo, 1968 y\u0131l\u0131nda \u0130zmirspor ile oynad\u0131klar\u0131 ma\u00e7\u0131 hi\u00e7 unutamad\u0131\u011f\u0131n\u0131 belirterek; \u201cFutbol hayat\u0131mda unutamad\u0131\u011f\u0131m tek ma\u00e7 19 May\u0131s 1968 y\u0131l\u0131nda \u0130zmirspor ile olan ma\u00e7t\u0131. Ko\u015fu pistinin \u00fczerinde insanlar oturuyordu. Ma\u00e7 iyi ba\u015flad\u0131, \u00e7ok iyi motive olmu\u015ftuk o ma\u00e7a. Teknik Direkt\u00f6r\u00fcm\u00fcz Hilmi Kiretmit\u00e7i, \u2019bu ma\u00e7 dedi Kayseri\u2019de 41 tane \u015fehir verdik, onlar\u0131n ruhuna gidecek\u2019 dedi. \u2019Sak\u0131n galip gelmeden soyunma odas\u0131na gelmeyin. \u00d6l\u00fcn, o sahada kal\u0131n dedi. \u00d6l\u00fcn\u00fcz o sahada kals\u0131n\u2019 dedi. B\u00f6yle bir b\u00fcy\u00fck moralle ma\u00e7a \u00e7\u0131kt\u0131k. Yer g\u00f6k inliyor, b\u0131rak\u0131n \u0130zmirspor\u2019u kar\u015f\u0131m\u0131zda Brezilya milli tak\u0131m\u0131 olsa ne yazar. Ma\u00e7 ba\u015flad\u0131, 30. saniyede gol atmak bana nasip oldu. Ma\u00e7\u0131 3-1 kazand\u0131k, biz k\u00fcmede kald\u0131k, \u0130zmirspor \u015fampiyon oldu. O seneyi hi\u00e7 unutam\u0131yorum\u201d ifadesini kulland\u0131.<\/p>\n<p>\u201cSivas\u2019ta \u00c7olak Selo, \u0130stanbul\u2019da Can Bartu\u201d<\/p>\n<p>1969 y\u0131l\u0131nda Sivas\u2019ta y\u0131l\u0131n sporcusu \u00f6d\u00fcl\u00fcn\u00fc kazanan \u00c7olak Selo, konu\u015fmas\u0131n\u0131 \u015f\u00f6yle s\u00fcrd\u00fcrd\u00fc; \u201cSivasspor yoluna devam etti. 2. Lig beyaz grupta m\u00fccadelemize devam ettik. 1969 y\u0131l\u0131nda illerde y\u0131l\u0131n sporcusu anketi yap\u0131ld\u0131. Ben de Sivas\u2019tan y\u0131l\u0131n sporcusu se\u00e7ilme \u015ferefine nail oldum. Ayn\u0131 y\u0131l Can Bartu\u2019da \u0130stanbul\u2019dan se\u00e7ilmi\u015fti. Bende \u00c7olak Selo olarak Sivas\u2019tan se\u00e7ildim. Herkes soruyor, senin bu lakab\u0131n nereden geliyor diye. Ben ma\u00e7larda sol aya\u011f\u0131mla gol atard\u0131m. Eskiden solaklara, \u00e7olak derlerdi. Solak Selahattin, Solak Selahattin zamanla \u00c7olak Selo\u2019ya d\u00f6nd\u00fc. Ben bundan da gurur duyuyorum, herkes beni \u00c7olak Selo olarak tan\u0131yor.\u201d<\/p>\n<p>\u201cSivasspor\u2019da 102 gol att\u0131m\u201d<\/p>\n<p>Sivasspor\u2019un unutulmaz ismi \u00c7olak Selo, k\u0131rm\u0131z\u0131-beyazl\u0131 tak\u0131mda 102 tane gol att\u0131\u011f\u0131n\u0131n alt\u0131n\u0131 \u00e7izerek; \u201cSivasspor\u2019da toplam 8 y\u0131l futbol oynad\u0131m. 5 sene tak\u0131m kaptanl\u0131\u011f\u0131 yapt\u0131m. Toplamda 102 tane gol att\u0131m. Sivasspor\u2019da 100\u2019\u00fcn \u00fczerinde gol atan ilk futbolcuyum. Futbolu b\u0131rakt\u0131ktan sonra antren\u00f6r kurslar\u0131na gittim. Sivasspor\u2019da antren\u00f6r yard\u0131mc\u0131l\u0131\u011f\u0131 yapt\u0131m, antren\u00f6rl\u00fck yapt\u0131m. Antren\u00f6r B kursunu Fatih Terim\u2019le birlikte bitirdik. Daha sonra ben 5 y\u0131l Sivasspor\u2019da teknik direkt\u00f6rl\u00fck yapt\u0131m. Sivasspor\u2019a hizmet verdi\u011fim d\u00f6nemlerde ben ve di\u011fer arkada\u015flar\u0131m hi\u00e7bir zaman maddiyat\u0131 \u00f6n plana \u00e7\u0131karmad\u0131k. Tamamen manevi bir ruhla, amat\u00f6r bir ruhla tak\u0131m\u0131m\u0131za hizmet ettik. Zaten para da yoktu o zamanlar. Teknik Direkt\u00f6rl\u00fck yapt\u0131\u011f\u0131m zamanlarda Sivasspor hep k\u00fcmede kalma ba\u015far\u0131s\u0131 g\u00f6sterdi\u201d ifadesini kulland\u0131.<\/p>\n<p>\u201cFatih Terim\u2019e s\u0131k\u0131nt\u0131 ya\u015fatt\u0131m\u201d<\/p>\n<p>1972\u2019de Adana Demirspor\u2019da forma giyen Fatih Terim\u2019e ma\u00e7ta b\u00fcy\u00fck zorluklar ya\u015fatt\u0131\u011f\u0131n\u0131 s\u00f6yleyen Elbay; \u201c1972 y\u0131l\u0131nda Adana Demirspor ile Sivasspor. Biz Adana Demirspor\u2019dan 5 puan \u00f6ndeydik. Sonradan Adana bu puan\u0131 kapatt\u0131. Sonra Adana ile ma\u00e7 oynad\u0131k. Ben 9 numara oynuyordum, Fatih Terim\u2019de kar\u015f\u0131mda 5 numara oynuyordu. Fatih Terim\u2019e o ma\u00e7ta \u00e7ok s\u0131k\u0131nt\u0131l\u0131 anlar ya\u015fatt\u0131m. Ma\u00e7ta baya zorland\u0131\u201d dedi.<\/p>\n<p>\u201c\u015eenol G\u00fcne\u015f\u2019e gol att\u0131m<\/p>\n<p>Teknik Direkt\u00f6r \u015eenol G\u00fcne\u015f\u2019e gol att\u0131\u011f\u0131n\u0131 ifade eden Selahattin Elbay; \u201cTrabzonspor\u2019un kalecisi o zamanlar de \u015eenol G\u00fcne\u015f\u2019ti. Trabzonspor\u2019u yendi\u011fimiz ma\u00e7larda ben gol att\u0131m. Dolay\u0131s\u0131yla \u015eenol G\u00fcne\u015f\u2019e gol atm\u0131\u015f oldum. \u015eenol\u2019la bundan \u00f6nceki zamanlarda birka\u00e7 kez bir araya geldik. An\u0131lar\u0131m\u0131z\u0131 tazeledik. Ge\u00e7ti\u011fimiz aylarda \u0130stanbul\u2019da g\u00f6rd\u00fcm yan\u0131na gittim. \u015eenol hocam beni tan\u0131d\u0131n\u0131z m\u0131, ben Sivassporlu \u00c7olak Selo dedim. Hat\u0131rlamaz m\u0131y\u0131m bana gol att\u0131n dedi. \u015eimdi de Sivasspor\u2019un g\u00f6n\u00fclden bir takip\u00e7isiyim. 7 Sene u\u011fra\u015f sonucu Sivasspor\u2019un tarihi hakk\u0131nda bir kitap \u00e7\u0131kartt\u0131m. \u201cD\u00fcnden Bug\u00fcne Sivasspor\u201d diye. Kitaba \u00e7ok g\u00fczel ra\u011fbetler oldu\u201d ifadesini kulland\u0131.<\/p>\n","protected":false},"excerpt":{"rendered":"<p>S\u0130VASSPOR\u2019A \u0130LK \u0130MZAYI ATAN \u2018\u00c7OLAK SELO\u2019 LAKAPLI FUTBOLCU SELAHATT\u0130N ELBAY\u2019IN KALB\u0130 S\u0130VASSPOR A\u015eKIYLA ATIYOR.<\/p>\n","protected":false},"author":1,"featured_media":162175,"comment_status":"closed","ping_status":"open","sticky":false,"template":"","format":"standard","meta":{"jetpack_post_was_ever_published":false,"_jetpack_newsletter_access":"","_jetpack_dont_email_post_to_subs":false,"_jetpack_newsletter_tier_id":0,"_jetpack_memberships_contains_paywalled_content":false,"_jetpack_memberships_contains_paid_content":false,"footnotes":"","jetpack_publicize_message":"","jetpack_publicize_feature_enabled":true,"jetpack_social_post_already_shared":true,"jetpack_social_options":{"image_generator_settings":{"template":"highway","default_image_id":0,"font":"","enabled":false},"version":2}},"categories":[657],"tags":[6411,21030,13069,15213,11256,32512,38219,29918,38220,74],"class_list":["post-162174","post","type-post","status-publish","format-standard","has-post-thumbnail","hentry","category-spor","tag-hicbir","tag-colak","tag-efsanesi","tag-on","tag-parayi","tag-planda","tag-selo","tag-sivassporun","tag-tutmadim","tag-zaman"],"jetpack_publicize_connections":[],"jetpack_featured_media_url":"https:\/\/i0.wp.com\/www.tvturk.com\/wp-content\/uploads\/2019\/05\/sivassporun-efsanesi-colak-selo-hicbir-zaman-parayi-on-planda-tutmadim_1a67330.jpg?fit=1000%2C683","jetpack_sharing_enabled":true,"jetpack_shortlink":"https:\/\/wp.me\/paKIfm-GbI","_links":{"self":[{"href":"http:\/\/www.tvturk.com\/index.php\/wp-json\/wp\/v2\/posts\/162174","targetHints":{"allow":["GET"]}}],"collection":[{"href":"http:\/\/www.tvturk.com\/index.php\/wp-json\/wp\/v2\/posts"}],"about":[{"href":"http:\/\/www.tvturk.com\/index.php\/wp-json\/wp\/v2\/types\/post"}],"author":[{"embeddable":true,"href":"http:\/\/www.tvturk.com\/index.php\/wp-json\/wp\/v2\/users\/1"}],"replies":[{"embeddable":true,"href":"http:\/\/www.tvturk.com\/index.php\/wp-json\/wp\/v2\/comments?post=162174"}],"version-history":[{"count":0,"href":"http:\/\/www.tvturk.com\/index.php\/wp-json\/wp\/v2\/posts\/162174\/revisions"}],"wp:featuredmedia":[{"embeddable":true,"href":"http:\/\/www.tvturk.com\/index.php\/wp-json\/wp\/v2\/media\/162175"}],"wp:attachment":[{"href":"http:\/\/www.tvturk.com\/index.php\/wp-json\/wp\/v2\/media?parent=162174"}],"wp:term":[{"taxonomy":"category","embeddable":true,"href":"http:\/\/www.tvturk.com\/index.php\/wp-json\/wp\/v2\/categories?post=162174"},{"taxonomy":"post_tag","embeddable":true,"href":"http:\/\/www.tvturk.com\/index.php\/wp-json\/wp\/v2\/tags?post=162174"}],"curies":[{"name":"wp","href":"https:\/\/api.w.org\/{rel}","templated":true}]}}