{"id":162332,"date":"2019-05-26T20:58:30","date_gmt":"2019-05-26T17:58:30","guid":{"rendered":"http:\/\/www.tvturk.com\/index.php\/burak-goren-tribunlerin-inanilmaz-bir-destegi-ile-maci-kazandik\/"},"modified":"2019-05-26T20:58:30","modified_gmt":"2019-05-26T17:58:30","slug":"burak-goren-tribunlerin-inanilmaz-bir-destegi-ile-maci-kazandik","status":"publish","type":"post","link":"http:\/\/www.tvturk.com\/index.php\/burak-goren-tribunlerin-inanilmaz-bir-destegi-ile-maci-kazandik\/","title":{"rendered":"Burak G\u00f6ren: \u201cTrib\u00fcnlerin inan\u0131lmaz bir deste\u011fi ile ma\u00e7\u0131 kazand\u0131k\u201d"},"content":{"rendered":"<p>Tahincio\u011flu Basketbol Ligi Play Off ma\u00e7\u0131nda Ankara Spor Salonunda T\u00fcrk Telekom seyircisi \u00f6n\u00fcnde Fenerbah\u00e7e Beko\u2019yu 88-85 ma\u011flup etti. T\u00fcrk Telekom Ba\u015fantren\u00f6r\u00fc Burak G\u00f6ren, &#8220;Bizim i\u00e7in ligin son ma\u00e7\u0131 olabilecek bir ma\u00e7ta trib\u00fcnlerin inan\u0131lmaz bir deste\u011fi ile ma\u00e7\u0131 kazand\u0131k\u201d dedi.<\/p>\n<p>M\u00fcsabaka sonras\u0131 bas\u0131n toplant\u0131s\u0131na kat\u0131lan T\u00fcrk Telekom Ba\u015fantren\u00f6r\u00fc Burak G\u00f6ren, \u201cSene ba\u015f\u0131ndan bu yana \u00e7ok ciddi bir basketbol tak\u0131m\u0131 kurduk. Bizim i\u00e7in ligin son ma\u00e7\u0131 olabilecek bir ma\u00e7ta trib\u00fcnlerin inan\u0131lmaz bir deste\u011fi ile ma\u00e7\u0131 kazand\u0131k. Ankara\u2019da basketbolu ya\u015fatmak i\u00e7in var olmaya \u00e7al\u0131\u015ft\u0131k. Biz Fenerbah\u00e7e ile be\u015finci ma\u00e7\u0131 oynad\u0131k. \u00d6zellikle T\u00fcrkiye Kupas\u0131\u2019nda son topta kaybettikten sonra yenebilece\u011fimizi biliyorduk. Sahadaki \u015fartlar e\u015fit oldu\u011fu taktirde Fenerbah\u00e7e\u2019yi yenebilece\u011fimizi biliyorduk. \u00c7ok sayg\u0131 duydu\u011fumuz \u00e7ok b\u00fcy\u00fck bir kul\u00fcb\u00fc yenmeyi ba\u015fard\u0131k. \u0130stanbul\u2019da neyle kar\u015f\u0131la\u015faca\u011f\u0131m\u0131z\u0131 \u00e7ok iyi biliyoruz. Oyuncular\u0131m\u0131z tebrik ekibimize ba\u015fkan\u0131m\u0131za herkese te\u015fekk\u00fcr ediyoruz\u201d dedi.<\/p>\n<p>&#8220;Fenerbah\u00e7e\u2019ye kar\u015f\u0131 bu sene 5 ma\u00e7 oynad\u0131k en sonunda kazand\u0131k&#8221;<\/p>\n<p>T\u00fcrk Telekom tak\u0131m\u0131 kaptan\u0131 Kaya Peker, \u201cBiz kazanmak zorunda oldu\u011fumuz bir ma\u00e7 olarak bak\u0131yorduk. Hem bu sezon oynad\u0131\u011f\u0131m\u0131z basketbol ad\u0131na hem bu serinin iki ma\u00e7\u0131 ad\u0131na tabii ki de kazanmak istiyorduk. Ma\u00e7 \u00f6ncesinde konu\u015ftu\u011fumuz detaylar\u0131n hepsini yapt\u0131k diyebilirim. Ma\u00e7 \u00f6ncesinde s\u00f6z vermi\u015ftik bu ma\u00e7\u0131 ba\u015fkan\u0131m\u0131z \u015e\u00fckr\u00fc Bey i\u00e7in kazanmak istiyorduk. Buradan da galibiyeti ona arma\u011fan ediyoruz. Biz Fenerbah\u00e7e tak\u0131m\u0131na ger\u00e7ekten \u00e7ok sayg\u0131 duyuyoruz. B\u00fct\u00fcn oyuncular olarak Fenerbah\u00e7e taraftar\u0131na da sayg\u0131 duyuyoruz. \u00c7ar\u015famba g\u00fcn\u00fc Fenerbah\u00e7e\u2019nin evine gidip elimizden gelenin en iyisini yapmaya \u00e7al\u0131\u015faca\u011f\u0131z. Tabii ki \u00e7ok zor bir ma\u00e7. Fenerbah\u00e7e\u2019ye kar\u015f\u0131 bu sene 5 ma\u00e7 oynad\u0131k bug\u00fcn en sonunda bir tanesini kazanmas\u0131n\u0131 bildik. Kazan\u0131rsak Telekom camias\u0131 ad\u0131na \u00f6nemli bir galibiyet olacak\u201d \u015feklinde konu\u015ftu.<\/p>\n","protected":false},"excerpt":{"rendered":"<p>TAH\u0130NC\u0130O\u011eLU BASKETBOL L\u0130G\u0130 PLAY OFF MA\u00c7INDA ANKARA SPOR SALONUNDA T\u00dcRK TELEKOM SEY\u0130RC\u0130S\u0130 \u00d6N\u00dcNDE FENERBAH\u00c7E BEKO\u2019YU 88-85 MA\u011eLUP ETT\u0130.<\/p>\n","protected":false},"author":1,"featured_media":162333,"comment_status":"closed","ping_status":"open","sticky":false,"template":"","format":"standard","meta":{"jetpack_post_was_ever_published":false,"_jetpack_newsletter_access":"","_jetpack_dont_email_post_to_subs":false,"_jetpack_newsletter_tier_id":0,"_jetpack_memberships_contains_paywalled_content":false,"_jetpack_memberships_contains_paid_content":false,"footnotes":"","jetpack_publicize_message":"","jetpack_publicize_feature_enabled":true,"jetpack_social_post_already_shared":true,"jetpack_social_options":{"image_generator_settings":{"template":"highway","default_image_id":0,"font":"","enabled":false},"version":2}},"categories":[657],"tags":[125,7932,53,5493,192,18082,23135,777,11050],"class_list":["post-162332","post","type-post","status-publish","format-standard","has-post-thumbnail","hentry","category-spor","tag-bir","tag-burak","tag-destegi","tag-goren","tag-ile","tag-inanilmaz","tag-kazandik","tag-maci","tag-tribunlerin"],"jetpack_publicize_connections":[],"jetpack_featured_media_url":"https:\/\/i0.wp.com\/www.tvturk.com\/wp-content\/uploads\/2019\/05\/burak-goren-tribunlerin-inanilmaz-bir-destegi-ile-maci-kazandik_1c7ff06.jpg?fit=1000%2C675","jetpack_sharing_enabled":true,"jetpack_shortlink":"https:\/\/wp.me\/paKIfm-Geg","_links":{"self":[{"href":"http:\/\/www.tvturk.com\/index.php\/wp-json\/wp\/v2\/posts\/162332","targetHints":{"allow":["GET"]}}],"collection":[{"href":"http:\/\/www.tvturk.com\/index.php\/wp-json\/wp\/v2\/posts"}],"about":[{"href":"http:\/\/www.tvturk.com\/index.php\/wp-json\/wp\/v2\/types\/post"}],"author":[{"embeddable":true,"href":"http:\/\/www.tvturk.com\/index.php\/wp-json\/wp\/v2\/users\/1"}],"replies":[{"embeddable":true,"href":"http:\/\/www.tvturk.com\/index.php\/wp-json\/wp\/v2\/comments?post=162332"}],"version-history":[{"count":0,"href":"http:\/\/www.tvturk.com\/index.php\/wp-json\/wp\/v2\/posts\/162332\/revisions"}],"wp:featuredmedia":[{"embeddable":true,"href":"http:\/\/www.tvturk.com\/index.php\/wp-json\/wp\/v2\/media\/162333"}],"wp:attachment":[{"href":"http:\/\/www.tvturk.com\/index.php\/wp-json\/wp\/v2\/media?parent=162332"}],"wp:term":[{"taxonomy":"category","embeddable":true,"href":"http:\/\/www.tvturk.com\/index.php\/wp-json\/wp\/v2\/categories?post=162332"},{"taxonomy":"post_tag","embeddable":true,"href":"http:\/\/www.tvturk.com\/index.php\/wp-json\/wp\/v2\/tags?post=162332"}],"curies":[{"name":"wp","href":"https:\/\/api.w.org\/{rel}","templated":true}]}}